{"id":1287657,"date":"2023-07-20T17:51:31","date_gmt":"2023-07-20T15:51:31","guid":{"rendered":"https:\/\/haussmann.galerieslafayette.com\/?p=1287657"},"modified":"2026-04-22T15:51:14","modified_gmt":"2026-04-22T13:51:14","slug":"cafe-coutume","status":"publish","type":"post","link":"https:\/\/haussmann.galerieslafayette.com\/en\/cafe-coutume\/","title":{"rendered":"Fran\u00e7ois Daubinet at Coutume"},"content":{"rendered":"\n<p><u>Galeries Lafayette Paris Haussmann is delighted to welcome an exclusive Coutume coffee shop in collaboration with pastry chef Fran\u00e7ois Daubinet!<\/u><\/p>\n\n\n\n<div style=\"height:10px\" aria-hidden=\"true\" class=\"wp-block-spacer\"><\/div>\n\n\n\n<h2 class=\"wp-block-heading has-text-color has-link-color wp-elements-4b89cd8061d6e41008ebbf6167df57c5\" style=\"color:#c25f3f\">One of the most beautiful views to enjoy a coffee break<\/h2>\n\n\n\n<figure class=\"wp-block-image aligncenter size-full is-resized\"><img fetchpriority=\"high\" decoding=\"async\" width=\"912\" height=\"237\" src=\"https:\/\/haussmann.galerieslafayette.com\/wp-content\/uploads\/2020\/07\/coutume-x-daubinet.png\" alt=\"\" class=\"wp-image-1360821\" style=\"width:620px;height:auto\" srcset=\"https:\/\/haussmann.galerieslafayette.com\/wp-content\/uploads\/2020\/07\/coutume-x-daubinet.png 912w, https:\/\/haussmann.galerieslafayette.com\/wp-content\/uploads\/2020\/07\/coutume-x-daubinet-300x78.png 300w, https:\/\/haussmann.galerieslafayette.com\/wp-content\/uploads\/2020\/07\/coutume-x-daubinet-768x200.png 768w\" sizes=\"(max-width: 912px) 100vw, 912px\" \/><\/figure>\n\n\n\n<p>This new venue, named <u>Fran\u00e7ois Daubinet chez Coutume<\/u>, marks the meeting of two worlds of excellence: specialty coffee and haute p\u00e2tisserie. Born from a collaboration between the fine coffee house Coutume and pastry chef Fran\u00e7ois Daubinet, this place is based on the same values: technical expertise, product quality and respect for the origin of raw ingredients. All this in a prime location, nestled under the dome of the Galeries Lafayette Paris Haussmann.<\/p>\n\n\n\n<figure class=\"wp-block-gallery has-nested-images columns-default is-cropped wp-block-gallery-1 is-layout-flex wp-block-gallery-is-layout-flex\">\n<figure class=\"wp-block-image size-large\"><img decoding=\"async\" width=\"683\" height=\"1024\" data-id=\"1363098\" src=\"https:\/\/haussmann.galerieslafayette.com\/wp-content\/uploads\/2025\/07\/-GeraldineMartens_DSC9416-683x1024.jpg\" alt=\"\" class=\"wp-image-1363098\" srcset=\"https:\/\/haussmann.galerieslafayette.com\/wp-content\/uploads\/2025\/07\/-GeraldineMartens_DSC9416-683x1024.jpg 683w, https:\/\/haussmann.galerieslafayette.com\/wp-content\/uploads\/2025\/07\/-GeraldineMartens_DSC9416-200x300.jpg 200w, https:\/\/haussmann.galerieslafayette.com\/wp-content\/uploads\/2025\/07\/-GeraldineMartens_DSC9416-768x1152.jpg 768w, https:\/\/haussmann.galerieslafayette.com\/wp-content\/uploads\/2025\/07\/-GeraldineMartens_DSC9416-1024x1536.jpg 1024w, https:\/\/haussmann.galerieslafayette.com\/wp-content\/uploads\/2025\/07\/-GeraldineMartens_DSC9416-1365x2048.jpg 1365w, https:\/\/haussmann.galerieslafayette.com\/wp-content\/uploads\/2025\/07\/-GeraldineMartens_DSC9416.jpg 2000w\" sizes=\"(max-width: 683px) 100vw, 683px\" \/><\/figure>\n\n\n\n<figure class=\"wp-block-image size-large\"><img decoding=\"async\" width=\"683\" height=\"1024\" data-id=\"1363106\" src=\"https:\/\/haussmann.galerieslafayette.com\/wp-content\/uploads\/2025\/07\/-GeraldineMartens_DSC9641-683x1024.jpg\" alt=\"\" class=\"wp-image-1363106\" srcset=\"https:\/\/haussmann.galerieslafayette.com\/wp-content\/uploads\/2025\/07\/-GeraldineMartens_DSC9641-683x1024.jpg 683w, https:\/\/haussmann.galerieslafayette.com\/wp-content\/uploads\/2025\/07\/-GeraldineMartens_DSC9641-200x300.jpg 200w, https:\/\/haussmann.galerieslafayette.com\/wp-content\/uploads\/2025\/07\/-GeraldineMartens_DSC9641-768x1152.jpg 768w, https:\/\/haussmann.galerieslafayette.com\/wp-content\/uploads\/2025\/07\/-GeraldineMartens_DSC9641-1024x1536.jpg 1024w, https:\/\/haussmann.galerieslafayette.com\/wp-content\/uploads\/2025\/07\/-GeraldineMartens_DSC9641-1365x2048.jpg 1365w, https:\/\/haussmann.galerieslafayette.com\/wp-content\/uploads\/2025\/07\/-GeraldineMartens_DSC9641.jpg 2000w\" sizes=\"(max-width: 683px) 100vw, 683px\" \/><\/figure>\n<\/figure>\n\n\n\n<div style=\"height:20px\" aria-hidden=\"true\" class=\"wp-block-spacer\"><\/div>\n\n\n\n<h3 class=\"wp-block-heading has-text-color has-link-color wp-elements-bb11f56b44c607b21b1a2606e40fd514\" style=\"color:#c25f3f\">A caf\u00e9-p\u00e2tisserie experience<\/h3>\n\n\n\n<p>Together, Tom Clark, founder of the specialty coffee house Coutume, and chef Fran\u00e7ois Daubinet, an iconic figure on the international pastry scene, have designed this place like a true laboratory dedicated to tasting exclusive coffees and sweet treats within the Parisian department store.<\/p>\n\n\n\n<div style=\"height:10px\" aria-hidden=\"true\" class=\"wp-block-spacer\"><\/div>\n\n\n\n<div class=\"wp-block-columns has-background is-layout-flex wp-container-core-columns-is-layout-28f84493 wp-block-columns-is-layout-flex\" style=\"background-color:#c25f3f\">\n<div class=\"wp-block-column is-layout-flow wp-block-column-is-layout-flow\" style=\"flex-basis:3%\"><\/div>\n\n\n\n<div class=\"wp-block-column is-layout-flow wp-block-column-is-layout-flow\" style=\"flex-basis:98%\">\n<div style=\"height:5px\" aria-hidden=\"true\" class=\"wp-block-spacer\"><\/div>\n\n\n\n<p class=\"has-text-align-center has-white-color has-text-color has-medium-font-size\"><strong>On the coffee side&#8230;<\/strong><\/p>\n\n\n\n<p class=\"has-white-color has-text-color has-link-color wp-elements-a29491b8beb21952b573ec4e7546e5ab\">Coutume offers a carefully curated selection of single-origin coffees from rigorously selected terroirs in Colombia, Ethiopia and Guatemala, roasted in the Ile-de-France region and brewed to order by baristas. Each coffee is prepared with respect for the product, and customers can purchase beans to take away directly from the shop.<\/p>\n<\/div>\n\n\n\n<div class=\"wp-block-column is-layout-flow wp-block-column-is-layout-flow\" style=\"flex-basis:3%\"><\/div>\n<\/div>\n\n\n\n<div style=\"height:10px\" aria-hidden=\"true\" class=\"wp-block-spacer\"><\/div>\n\n\n\n<div class=\"wp-block-columns has-background is-layout-flex wp-container-core-columns-is-layout-28f84493 wp-block-columns-is-layout-flex\" style=\"background-color:#e89464\">\n<div class=\"wp-block-column is-layout-flow wp-block-column-is-layout-flow\" style=\"flex-basis:3%\"><\/div>\n\n\n\n<div class=\"wp-block-column is-layout-flow wp-block-column-is-layout-flow\" style=\"flex-basis:98%\">\n<div style=\"height:5px\" aria-hidden=\"true\" class=\"wp-block-spacer\"><\/div>\n\n\n\n<p class=\"has-text-align-center has-white-color has-text-color has-medium-font-size\"><strong>On the pastry side&#8230;<\/strong><\/p>\n\n\n\n<p class=\"has-white-color has-text-color has-link-color wp-elements-9483f5b6d5834eedccc13be5f8acca4a\">Fran\u00e7ois Daubinet has created exclusive creations designed to complement the coffees on offer:\n\n&#8211; <u>L&#8217;Orchid\u00e9e<\/u>, a Tahitian vanilla and white coffee dessert.\n\n&#8211; <u>L&#8217;Origine<\/u>, a tribute to the common roots of cocoa, coffee and vanilla.\n\n&#8211; The <span style=\"text-decoration: underline;\">signature Gianduja tart<\/span>, as well as cakes, cookies and a pastry drink whose flavour will change with the seasons.<\/p>\n<\/div>\n\n\n\n<div class=\"wp-block-column is-layout-flow wp-block-column-is-layout-flow\" style=\"flex-basis:3%\"><\/div>\n<\/div>\n\n\n\n<div style=\"height:10px\" aria-hidden=\"true\" class=\"wp-block-spacer\"><\/div>\n\n\n\n<figure class=\"wp-block-gallery has-nested-images columns-default wp-block-gallery-2 is-layout-flex wp-block-gallery-is-layout-flex\">\n<figure class=\"wp-block-image size-large\"><img loading=\"lazy\" decoding=\"async\" width=\"683\" height=\"1024\" data-id=\"1363115\" src=\"https:\/\/haussmann.galerieslafayette.com\/wp-content\/uploads\/2025\/07\/-GeraldineMartens_DSC9544-683x1024.jpg\" alt=\"\" class=\"wp-image-1363115\" srcset=\"https:\/\/haussmann.galerieslafayette.com\/wp-content\/uploads\/2025\/07\/-GeraldineMartens_DSC9544-683x1024.jpg 683w, https:\/\/haussmann.galerieslafayette.com\/wp-content\/uploads\/2025\/07\/-GeraldineMartens_DSC9544-200x300.jpg 200w, https:\/\/haussmann.galerieslafayette.com\/wp-content\/uploads\/2025\/07\/-GeraldineMartens_DSC9544-768x1152.jpg 768w, https:\/\/haussmann.galerieslafayette.com\/wp-content\/uploads\/2025\/07\/-GeraldineMartens_DSC9544-1024x1536.jpg 1024w, https:\/\/haussmann.galerieslafayette.com\/wp-content\/uploads\/2025\/07\/-GeraldineMartens_DSC9544-1365x2048.jpg 1365w\" sizes=\"(max-width: 683px) 100vw, 683px\" \/><\/figure>\n\n\n\n<figure class=\"wp-block-image size-large\"><img loading=\"lazy\" decoding=\"async\" width=\"683\" height=\"1024\" data-id=\"1363131\" src=\"https:\/\/haussmann.galerieslafayette.com\/wp-content\/uploads\/2025\/07\/-GeraldineMartens_DSC9358-683x1024.jpg\" alt=\"\" class=\"wp-image-1363131\" srcset=\"https:\/\/haussmann.galerieslafayette.com\/wp-content\/uploads\/2025\/07\/-GeraldineMartens_DSC9358-683x1024.jpg 683w, https:\/\/haussmann.galerieslafayette.com\/wp-content\/uploads\/2025\/07\/-GeraldineMartens_DSC9358-200x300.jpg 200w, https:\/\/haussmann.galerieslafayette.com\/wp-content\/uploads\/2025\/07\/-GeraldineMartens_DSC9358-768x1152.jpg 768w, https:\/\/haussmann.galerieslafayette.com\/wp-content\/uploads\/2025\/07\/-GeraldineMartens_DSC9358-1024x1536.jpg 1024w, https:\/\/haussmann.galerieslafayette.com\/wp-content\/uploads\/2025\/07\/-GeraldineMartens_DSC9358-1365x2048.jpg 1365w, https:\/\/haussmann.galerieslafayette.com\/wp-content\/uploads\/2025\/07\/-GeraldineMartens_DSC9358.jpg 2000w\" sizes=\"(max-width: 683px) 100vw, 683px\" \/><\/figure>\n\n\n\n<figure class=\"wp-block-image size-large\"><img loading=\"lazy\" decoding=\"async\" width=\"683\" height=\"1024\" data-id=\"1363123\" src=\"https:\/\/haussmann.galerieslafayette.com\/wp-content\/uploads\/2025\/07\/-GeraldineMartens_DSC9573-683x1024.jpg\" alt=\"\" class=\"wp-image-1363123\" srcset=\"https:\/\/haussmann.galerieslafayette.com\/wp-content\/uploads\/2025\/07\/-GeraldineMartens_DSC9573-683x1024.jpg 683w, https:\/\/haussmann.galerieslafayette.com\/wp-content\/uploads\/2025\/07\/-GeraldineMartens_DSC9573-200x300.jpg 200w, https:\/\/haussmann.galerieslafayette.com\/wp-content\/uploads\/2025\/07\/-GeraldineMartens_DSC9573-768x1152.jpg 768w, https:\/\/haussmann.galerieslafayette.com\/wp-content\/uploads\/2025\/07\/-GeraldineMartens_DSC9573-1024x1536.jpg 1024w, https:\/\/haussmann.galerieslafayette.com\/wp-content\/uploads\/2025\/07\/-GeraldineMartens_DSC9573-1365x2048.jpg 1365w\" sizes=\"(max-width: 683px) 100vw, 683px\" \/><\/figure>\n<\/figure>\n\n\n\n<p>This space, designed by the architectural firm Ouvrage Paris, uses raw and noble materials to create a warm atmosphere that is faithful to the world of Coutume and the vision of chef Fran\u00e7ois Daubinet. The space offers around 40 seats for visitors to enjoy a coffee break or lunch, with a selection of savoury options including salads and sandwiches.<\/p>\n\n\n\n<div style=\"height:20px\" aria-hidden=\"true\" class=\"wp-block-spacer\"><\/div>\n\n\n\n<hr class=\"wp-block-separator has-alpha-channel-opacity is-style-wide\"\/>\n\n\n\n<div style=\"height:10px\" aria-hidden=\"true\" class=\"wp-block-spacer\"><\/div>\n\n\n\n<h4 class=\"wp-block-heading has-text-align-center\">About Coutume<\/h4>\n\n\n\n<figure class=\"wp-block-image aligncenter size-full is-resized\"><img loading=\"lazy\" decoding=\"async\" width=\"500\" height=\"500\" src=\"https:\/\/haussmann.galerieslafayette.com\/wp-content\/uploads\/2020\/07\/Belleyme-3.jpg\" alt=\"\" class=\"wp-image-1361199\" style=\"width:136px;height:auto\" srcset=\"https:\/\/haussmann.galerieslafayette.com\/wp-content\/uploads\/2020\/07\/Belleyme-3.jpg 500w, https:\/\/haussmann.galerieslafayette.com\/wp-content\/uploads\/2020\/07\/Belleyme-3-300x300.jpg 300w, https:\/\/haussmann.galerieslafayette.com\/wp-content\/uploads\/2020\/07\/Belleyme-3-150x150.jpg 150w\" sizes=\"(max-width: 500px) 100vw, 500px\" \/><\/figure>\n\n\n\n<p class=\"has-text-align-center has-small-font-size\">Founded in 2010 by Tom Clark, Coutume Caf\u00e9 is a major player in the Parisian speciality coffee scene. Since 2011, the brand has been roasting exceptional coffees from the world&#8217;s finest terroirs. With 11 coffee shops in Paris, Coutume offers places to taste and discover coffee, where each coffee highlights its origin, the work of the producers and the aromatic richness of the bean. The selection and roasting are carried out with the utmost care, respecting the product and its history.<\/p>\n\n\n\n<div style=\"height:10px\" aria-hidden=\"true\" class=\"wp-block-spacer\"><\/div>\n\n\n\n<h4 class=\"wp-block-heading has-text-align-center\">About Fran\u00e7ois Daubinet<\/h4>\n\n\n\n<figure class=\"wp-block-image aligncenter size-full is-resized\"><img loading=\"lazy\" decoding=\"async\" width=\"500\" height=\"500\" src=\"https:\/\/haussmann.galerieslafayette.com\/wp-content\/uploads\/2020\/07\/Belleyme-2.png\" alt=\"\" class=\"wp-image-1361191\" style=\"width:144px;height:auto\" srcset=\"https:\/\/haussmann.galerieslafayette.com\/wp-content\/uploads\/2020\/07\/Belleyme-2.png 500w, https:\/\/haussmann.galerieslafayette.com\/wp-content\/uploads\/2020\/07\/Belleyme-2-300x300.png 300w, https:\/\/haussmann.galerieslafayette.com\/wp-content\/uploads\/2020\/07\/Belleyme-2-150x150.png 150w\" sizes=\"(max-width: 500px) 100vw, 500px\" \/><\/figure>\n\n\n\n<p class=\"has-text-align-center has-small-font-size\">Trained at the Compagnons du Devoir and having worked at some of the most prestigious establishments in Paris (Crillon, Plaza Ath\u00e9n\u00e9e, Fauchon), Fran\u00e7ois Daubinet brings a contemporary vision to pastry making, combining French standards with international inspiration. Also based in Los Angeles, where he runs his own coffee shop, he is renowned for his bespoke projects (as brand ambassador for Omega, among others) at the crossroads of art, craftsmanship and events.<\/p>\n\n\n\n<div style=\"height:10px\" aria-hidden=\"true\" class=\"wp-block-spacer\"><\/div>\n\n\n\n<div class=\"wp-block-buttons alignwide is-content-justification-center is-layout-flex wp-container-core-buttons-is-layout-a89b3969 wp-block-buttons-is-layout-flex\">\n<div class=\"wp-block-button has-custom-font-size\" style=\"font-size:17px\"><a class=\"wp-block-button__link has-white-color has-black-background-color has-text-color has-background wp-element-button\" href=\"https:\/\/haussmann.galerieslafayette.com\/en\/interview-with-francois-daubinet-x-coutume\/\" target=\"_blank\" rel=\"noreferrer noopener\">Read the interview<\/a><\/div>\n<\/div>\n\n\n\n<div style=\"height:29px\" aria-hidden=\"true\" class=\"wp-block-spacer\"><\/div>\n\n\n\n<p class=\"has-text-align-center\">\ud83d\udccd\u200b <strong>Coupole Store \u2013 2nd floor<\/strong><br>40 Boulevard Haussmann, 75009 PARIS<\/p>\n\n\n\n<div style=\"height:30px\" aria-hidden=\"true\" class=\"wp-block-spacer\"><\/div>\n\n\n\n<p><\/p>\n","protected":false},"excerpt":{"rendered":"<p>Head to the second floor of the Coupole store for an exclusive experience: \u2018Fran\u00e7ois Daubinet chez Coutume\u2019, a new caf\u00e9-patisserie concept with breathtaking views of the dome.<\/p>\n","protected":false},"author":73,"featured_media":1362789,"comment_status":"closed","ping_status":"closed","sticky":false,"template":"","format":"standard","meta":{"_acf_changed":false,"footnotes":""},"categories":[635,1069,1064],"tags":[],"class_list":{"1":"post","5":"has-post-thumbnail"},"acf":[],"yoast_head":"<!-- This site is optimized with the Yoast SEO plugin v26.4 - https:\/\/yoast.com\/wordpress\/plugins\/seo\/ -->\n<title>Caf\u00e9 Coutume - Galeries Lafayette Paris Haussmann<\/title>\n<meta name=\"description\" content=\"Come and enjoy an exceptional coffee and pastry, selected especially for you, while admiring the view of the Coupole store&#039;s majestic dome.\" \/>\n<meta name=\"robots\" content=\"index, follow, max-snippet:-1, max-image-preview:large, max-video-preview:-1\" \/>\n<link rel=\"canonical\" href=\"https:\/\/haussmann.galerieslafayette.com\/en\/cafe-coutume\/\" \/>\n<meta property=\"og:locale\" content=\"en_US\" \/>\n<meta property=\"og:type\" content=\"article\" \/>\n<meta property=\"og:title\" content=\"Caf\u00e9 Coutume - Galeries Lafayette Paris Haussmann\" \/>\n<meta property=\"og:description\" content=\"Come and enjoy an exceptional coffee and pastry, selected especially for you, while admiring the view of the Coupole store&#039;s majestic dome.\" \/>\n<meta property=\"og:url\" content=\"https:\/\/haussmann.galerieslafayette.com\/en\/cafe-coutume\/\" \/>\n<meta property=\"og:site_name\" content=\"Galeries Lafayette Paris Haussmann\" \/>\n<meta property=\"article:publisher\" content=\"https:\/\/www.facebook.com\/galerieslafayette\/\" \/>\n<meta property=\"article:published_time\" content=\"2023-07-20T15:51:31+00:00\" \/>\n<meta property=\"article:modified_time\" content=\"2026-04-22T13:51:14+00:00\" \/>\n<meta property=\"og:image\" content=\"https:\/\/haussmann.galerieslafayette.com\/wp-content\/uploads\/2020\/07\/Banniere-Coutume.jpg\" \/>\n\t<meta property=\"og:image:width\" content=\"1600\" \/>\n\t<meta property=\"og:image:height\" content=\"594\" \/>\n\t<meta property=\"og:image:type\" content=\"image\/jpeg\" \/>\n<meta name=\"author\" content=\"Manon bordenave\" \/>\n<meta name=\"twitter:card\" content=\"summary_large_image\" \/>\n<meta name=\"twitter:creator\" content=\"@Galeries_Laf\" \/>\n<meta name=\"twitter:site\" content=\"@Galeries_Laf\" \/>\n<script type=\"application\/ld+json\" class=\"yoast-schema-graph\">{\"@context\":\"https:\/\/schema.org\",\"@graph\":[{\"@type\":\"Article\",\"@id\":\"https:\/\/haussmann.galerieslafayette.com\/en\/cafe-coutume\/#article\",\"isPartOf\":{\"@id\":\"https:\/\/haussmann.galerieslafayette.com\/en\/cafe-coutume\/\"},\"author\":{\"name\":\"Manon bordenave\",\"@id\":\"https:\/\/haussmann.galerieslafayette.com\/en\/#\/schema\/person\/aac8495d744227f616bc02c0c063163b\"},\"headline\":\"Fran\u00e7ois Daubinet at Coutume\",\"datePublished\":\"2023-07-20T15:51:31+00:00\",\"dateModified\":\"2026-04-22T13:51:14+00:00\",\"mainEntityOfPage\":{\"@id\":\"https:\/\/haussmann.galerieslafayette.com\/en\/cafe-coutume\/\"},\"wordCount\":504,\"publisher\":{\"@id\":\"https:\/\/haussmann.galerieslafayette.com\/en\/#organization\"},\"image\":{\"@id\":\"https:\/\/haussmann.galerieslafayette.com\/en\/cafe-coutume\/#primaryimage\"},\"thumbnailUrl\":\"https:\/\/haussmann.galerieslafayette.com\/wp-content\/uploads\/2020\/07\/Banniere-Coutume.jpg\",\"articleSection\":[\"Universes\",\"Cafe\",\"Restaurants\"],\"inLanguage\":\"en-US\"},{\"@type\":\"WebPage\",\"@id\":\"https:\/\/haussmann.galerieslafayette.com\/en\/cafe-coutume\/\",\"url\":\"https:\/\/haussmann.galerieslafayette.com\/en\/cafe-coutume\/\",\"name\":\"Caf\u00e9 Coutume - Galeries Lafayette Paris Haussmann\",\"isPartOf\":{\"@id\":\"https:\/\/haussmann.galerieslafayette.com\/en\/#website\"},\"primaryImageOfPage\":{\"@id\":\"https:\/\/haussmann.galerieslafayette.com\/en\/cafe-coutume\/#primaryimage\"},\"image\":{\"@id\":\"https:\/\/haussmann.galerieslafayette.com\/en\/cafe-coutume\/#primaryimage\"},\"thumbnailUrl\":\"https:\/\/haussmann.galerieslafayette.com\/wp-content\/uploads\/2020\/07\/Banniere-Coutume.jpg\",\"datePublished\":\"2023-07-20T15:51:31+00:00\",\"dateModified\":\"2026-04-22T13:51:14+00:00\",\"description\":\"Come and enjoy an exceptional coffee and pastry, selected especially for you, while admiring the view of the Coupole store's majestic dome.\",\"breadcrumb\":{\"@id\":\"https:\/\/haussmann.galerieslafayette.com\/en\/cafe-coutume\/#breadcrumb\"},\"inLanguage\":\"en-US\",\"potentialAction\":[{\"@type\":\"ReadAction\",\"target\":[\"https:\/\/haussmann.galerieslafayette.com\/en\/cafe-coutume\/\"]}]},{\"@type\":\"ImageObject\",\"inLanguage\":\"en-US\",\"@id\":\"https:\/\/haussmann.galerieslafayette.com\/en\/cafe-coutume\/#primaryimage\",\"url\":\"https:\/\/haussmann.galerieslafayette.com\/wp-content\/uploads\/2020\/07\/Banniere-Coutume.jpg\",\"contentUrl\":\"https:\/\/haussmann.galerieslafayette.com\/wp-content\/uploads\/2020\/07\/Banniere-Coutume.jpg\",\"width\":1600,\"height\":594},{\"@type\":\"BreadcrumbList\",\"@id\":\"https:\/\/haussmann.galerieslafayette.com\/en\/cafe-coutume\/#breadcrumb\",\"itemListElement\":[{\"@type\":\"ListItem\",\"position\":1,\"name\":\"Home\",\"item\":\"https:\/\/haussmann.galerieslafayette.com\/en\/\"},{\"@type\":\"ListItem\",\"position\":2,\"name\":\"Fran\u00e7ois Daubinet at Coutume\"}]},{\"@type\":\"WebSite\",\"@id\":\"https:\/\/haussmann.galerieslafayette.com\/en\/#website\",\"url\":\"https:\/\/haussmann.galerieslafayette.com\/en\/\",\"name\":\"Galeries Lafayette Paris Haussmann\",\"description\":\"La destination mode du shopping parisien\",\"publisher\":{\"@id\":\"https:\/\/haussmann.galerieslafayette.com\/en\/#organization\"},\"potentialAction\":[{\"@type\":\"SearchAction\",\"target\":{\"@type\":\"EntryPoint\",\"urlTemplate\":\"https:\/\/haussmann.galerieslafayette.com\/en\/?s={search_term_string}\"},\"query-input\":{\"@type\":\"PropertyValueSpecification\",\"valueRequired\":true,\"valueName\":\"search_term_string\"}}],\"inLanguage\":\"en-US\"},{\"@type\":\"Organization\",\"@id\":\"https:\/\/haussmann.galerieslafayette.com\/en\/#organization\",\"name\":\"Galeries Lafayette\",\"url\":\"https:\/\/haussmann.galerieslafayette.com\/en\/\",\"logo\":{\"@type\":\"ImageObject\",\"inLanguage\":\"en-US\",\"@id\":\"https:\/\/haussmann.galerieslafayette.com\/en\/#\/schema\/logo\/image\/\",\"url\":\"https:\/\/haussmann.galerieslafayette.com\/wp-content\/uploads\/2021\/03\/GL_LOGO2L_N.jpg\",\"contentUrl\":\"https:\/\/haussmann.galerieslafayette.com\/wp-content\/uploads\/2021\/03\/GL_LOGO2L_N.jpg\",\"width\":1535,\"height\":827,\"caption\":\"Galeries Lafayette\"},\"image\":{\"@id\":\"https:\/\/haussmann.galerieslafayette.com\/en\/#\/schema\/logo\/image\/\"},\"sameAs\":[\"https:\/\/www.facebook.com\/galerieslafayette\/\",\"https:\/\/x.com\/Galeries_Laf\",\"https:\/\/www.instagram.com\/galerieslafayette\/\",\"http:\/\/www.youtube.com\/user\/GaleriesLafayette1\"]},{\"@type\":\"Person\",\"@id\":\"https:\/\/haussmann.galerieslafayette.com\/en\/#\/schema\/person\/aac8495d744227f616bc02c0c063163b\",\"name\":\"Manon bordenave\",\"image\":{\"@type\":\"ImageObject\",\"inLanguage\":\"en-US\",\"@id\":\"https:\/\/haussmann.galerieslafayette.com\/en\/#\/schema\/person\/image\/\",\"url\":\"https:\/\/secure.gravatar.com\/avatar\/4ea8548f3c1b296b091fca5968f562f70450789d6910e670e1e72ab13db5c888?s=96&d=mm&r=g\",\"contentUrl\":\"https:\/\/secure.gravatar.com\/avatar\/4ea8548f3c1b296b091fca5968f562f70450789d6910e670e1e72ab13db5c888?s=96&d=mm&r=g\",\"caption\":\"Manon bordenave\"}}]}<\/script>\n<!-- \/ Yoast SEO plugin. -->","yoast_head_json":{"title":"Caf\u00e9 Coutume - Galeries Lafayette Paris Haussmann","description":"Come and enjoy an exceptional coffee and pastry, selected especially for you, while admiring the view of the Coupole store's majestic dome.","robots":{"index":"index","follow":"follow","max-snippet":"max-snippet:-1","max-image-preview":"max-image-preview:large","max-video-preview":"max-video-preview:-1"},"canonical":"https:\/\/haussmann.galerieslafayette.com\/en\/cafe-coutume\/","og_locale":"en_US","og_type":"article","og_title":"Caf\u00e9 Coutume - Galeries Lafayette Paris Haussmann","og_description":"Come and enjoy an exceptional coffee and pastry, selected especially for you, while admiring the view of the Coupole store's majestic dome.","og_url":"https:\/\/haussmann.galerieslafayette.com\/en\/cafe-coutume\/","og_site_name":"Galeries Lafayette Paris Haussmann","article_publisher":"https:\/\/www.facebook.com\/galerieslafayette\/","article_published_time":"2023-07-20T15:51:31+00:00","article_modified_time":"2026-04-22T13:51:14+00:00","og_image":[{"width":1600,"height":594,"url":"https:\/\/haussmann.galerieslafayette.com\/wp-content\/uploads\/2020\/07\/Banniere-Coutume.jpg","type":"image\/jpeg"}],"author":"Manon bordenave","twitter_card":"summary_large_image","twitter_creator":"@Galeries_Laf","twitter_site":"@Galeries_Laf","schema":{"@context":"https:\/\/schema.org","@graph":[{"@type":"Article","@id":"https:\/\/haussmann.galerieslafayette.com\/en\/cafe-coutume\/#article","isPartOf":{"@id":"https:\/\/haussmann.galerieslafayette.com\/en\/cafe-coutume\/"},"author":{"name":"Manon bordenave","@id":"https:\/\/haussmann.galerieslafayette.com\/en\/#\/schema\/person\/aac8495d744227f616bc02c0c063163b"},"headline":"Fran\u00e7ois Daubinet at Coutume","datePublished":"2023-07-20T15:51:31+00:00","dateModified":"2026-04-22T13:51:14+00:00","mainEntityOfPage":{"@id":"https:\/\/haussmann.galerieslafayette.com\/en\/cafe-coutume\/"},"wordCount":504,"publisher":{"@id":"https:\/\/haussmann.galerieslafayette.com\/en\/#organization"},"image":{"@id":"https:\/\/haussmann.galerieslafayette.com\/en\/cafe-coutume\/#primaryimage"},"thumbnailUrl":"https:\/\/haussmann.galerieslafayette.com\/wp-content\/uploads\/2020\/07\/Banniere-Coutume.jpg","articleSection":["Universes","Cafe","Restaurants"],"inLanguage":"en-US"},{"@type":"WebPage","@id":"https:\/\/haussmann.galerieslafayette.com\/en\/cafe-coutume\/","url":"https:\/\/haussmann.galerieslafayette.com\/en\/cafe-coutume\/","name":"Caf\u00e9 Coutume - Galeries Lafayette Paris Haussmann","isPartOf":{"@id":"https:\/\/haussmann.galerieslafayette.com\/en\/#website"},"primaryImageOfPage":{"@id":"https:\/\/haussmann.galerieslafayette.com\/en\/cafe-coutume\/#primaryimage"},"image":{"@id":"https:\/\/haussmann.galerieslafayette.com\/en\/cafe-coutume\/#primaryimage"},"thumbnailUrl":"https:\/\/haussmann.galerieslafayette.com\/wp-content\/uploads\/2020\/07\/Banniere-Coutume.jpg","datePublished":"2023-07-20T15:51:31+00:00","dateModified":"2026-04-22T13:51:14+00:00","description":"Come and enjoy an exceptional coffee and pastry, selected especially for you, while admiring the view of the Coupole store's majestic dome.","breadcrumb":{"@id":"https:\/\/haussmann.galerieslafayette.com\/en\/cafe-coutume\/#breadcrumb"},"inLanguage":"en-US","potentialAction":[{"@type":"ReadAction","target":["https:\/\/haussmann.galerieslafayette.com\/en\/cafe-coutume\/"]}]},{"@type":"ImageObject","inLanguage":"en-US","@id":"https:\/\/haussmann.galerieslafayette.com\/en\/cafe-coutume\/#primaryimage","url":"https:\/\/haussmann.galerieslafayette.com\/wp-content\/uploads\/2020\/07\/Banniere-Coutume.jpg","contentUrl":"https:\/\/haussmann.galerieslafayette.com\/wp-content\/uploads\/2020\/07\/Banniere-Coutume.jpg","width":1600,"height":594},{"@type":"BreadcrumbList","@id":"https:\/\/haussmann.galerieslafayette.com\/en\/cafe-coutume\/#breadcrumb","itemListElement":[{"@type":"ListItem","position":1,"name":"Home","item":"https:\/\/haussmann.galerieslafayette.com\/en\/"},{"@type":"ListItem","position":2,"name":"Fran\u00e7ois Daubinet at Coutume"}]},{"@type":"WebSite","@id":"https:\/\/haussmann.galerieslafayette.com\/en\/#website","url":"https:\/\/haussmann.galerieslafayette.com\/en\/","name":"Galeries Lafayette Paris Haussmann","description":"La destination mode du shopping parisien","publisher":{"@id":"https:\/\/haussmann.galerieslafayette.com\/en\/#organization"},"potentialAction":[{"@type":"SearchAction","target":{"@type":"EntryPoint","urlTemplate":"https:\/\/haussmann.galerieslafayette.com\/en\/?s={search_term_string}"},"query-input":{"@type":"PropertyValueSpecification","valueRequired":true,"valueName":"search_term_string"}}],"inLanguage":"en-US"},{"@type":"Organization","@id":"https:\/\/haussmann.galerieslafayette.com\/en\/#organization","name":"Galeries Lafayette","url":"https:\/\/haussmann.galerieslafayette.com\/en\/","logo":{"@type":"ImageObject","inLanguage":"en-US","@id":"https:\/\/haussmann.galerieslafayette.com\/en\/#\/schema\/logo\/image\/","url":"https:\/\/haussmann.galerieslafayette.com\/wp-content\/uploads\/2021\/03\/GL_LOGO2L_N.jpg","contentUrl":"https:\/\/haussmann.galerieslafayette.com\/wp-content\/uploads\/2021\/03\/GL_LOGO2L_N.jpg","width":1535,"height":827,"caption":"Galeries Lafayette"},"image":{"@id":"https:\/\/haussmann.galerieslafayette.com\/en\/#\/schema\/logo\/image\/"},"sameAs":["https:\/\/www.facebook.com\/galerieslafayette\/","https:\/\/x.com\/Galeries_Laf","https:\/\/www.instagram.com\/galerieslafayette\/","http:\/\/www.youtube.com\/user\/GaleriesLafayette1"]},{"@type":"Person","@id":"https:\/\/haussmann.galerieslafayette.com\/en\/#\/schema\/person\/aac8495d744227f616bc02c0c063163b","name":"Manon bordenave","image":{"@type":"ImageObject","inLanguage":"en-US","@id":"https:\/\/haussmann.galerieslafayette.com\/en\/#\/schema\/person\/image\/","url":"https:\/\/secure.gravatar.com\/avatar\/4ea8548f3c1b296b091fca5968f562f70450789d6910e670e1e72ab13db5c888?s=96&d=mm&r=g","contentUrl":"https:\/\/secure.gravatar.com\/avatar\/4ea8548f3c1b296b091fca5968f562f70450789d6910e670e1e72ab13db5c888?s=96&d=mm&r=g","caption":"Manon bordenave"}}]}},"_links":{"self":[{"href":"https:\/\/haussmann.galerieslafayette.com\/en\/wp-json\/wp\/v2\/posts\/1287657","targetHints":{"allow":["GET"]}}],"collection":[{"href":"https:\/\/haussmann.galerieslafayette.com\/en\/wp-json\/wp\/v2\/posts"}],"about":[{"href":"https:\/\/haussmann.galerieslafayette.com\/en\/wp-json\/wp\/v2\/types\/post"}],"author":[{"embeddable":true,"href":"https:\/\/haussmann.galerieslafayette.com\/en\/wp-json\/wp\/v2\/users\/73"}],"replies":[{"embeddable":true,"href":"https:\/\/haussmann.galerieslafayette.com\/en\/wp-json\/wp\/v2\/comments?post=1287657"}],"version-history":[{"count":7,"href":"https:\/\/haussmann.galerieslafayette.com\/en\/wp-json\/wp\/v2\/posts\/1287657\/revisions"}],"predecessor-version":[{"id":1368358,"href":"https:\/\/haussmann.galerieslafayette.com\/en\/wp-json\/wp\/v2\/posts\/1287657\/revisions\/1368358"}],"wp:featuredmedia":[{"embeddable":true,"href":"https:\/\/haussmann.galerieslafayette.com\/en\/wp-json\/wp\/v2\/media\/1362789"}],"wp:attachment":[{"href":"https:\/\/haussmann.galerieslafayette.com\/en\/wp-json\/wp\/v2\/media?parent=1287657"}],"wp:term":[{"taxonomy":"category","embeddable":true,"href":"https:\/\/haussmann.galerieslafayette.com\/en\/wp-json\/wp\/v2\/categories?post=1287657"},{"taxonomy":"post_tag","embeddable":true,"href":"https:\/\/haussmann.galerieslafayette.com\/en\/wp-json\/wp\/v2\/tags?post=1287657"}],"curies":[{"name":"wp","href":"https:\/\/api.w.org\/{rel}","templated":true}]}}