{"id":1295541,"date":"2018-03-28T09:38:00","date_gmt":"2018-03-28T07:38:00","guid":{"rendered":"https:\/\/haussmann.galerieslafayette.com\/offre-3j-a-la-wellness-galerie\/"},"modified":"2024-04-22T15:22:24","modified_gmt":"2024-04-22T13:22:24","slug":"offre-3j-a-la-wellness-galerie","status":"publish","type":"post","link":"https:\/\/haussmann.galerieslafayette.com\/en\/offre-3j-a-la-wellness-galerie\/","title":{"rendered":"Offre 3J \u00c0 LA WELLNESS GALERIE DU 29\/03 au 14\/04"},"content":{"rendered":"\n<div class=\"wp-block-columns is-layout-flex wp-container-core-columns-is-layout-28f84493 wp-block-columns-is-layout-flex\">\n<div class=\"wp-block-column is-vertically-aligned-center has-white-color has-text-color has-background is-layout-flow wp-block-column-is-layout-flow\" style=\"background-color:#fff6e5\">\n<div style=\"height:62px\" aria-hidden=\"true\" class=\"wp-block-spacer\"><\/div>\n\n\n\n<figure class=\"wp-block-image aligncenter size-large\"><img fetchpriority=\"high\" decoding=\"async\" width=\"1024\" height=\"320\" src=\"https:\/\/haussmann.galerieslafayette.com\/wp-content\/uploads\/2024\/03\/Gif-3JWG-1024x320.gif\" alt=\"\" class=\"wp-image-1317114\" style=\"object-fit:cover\" srcset=\"https:\/\/haussmann.galerieslafayette.com\/wp-content\/uploads\/2024\/03\/Gif-3JWG-1024x320.gif 1024w, https:\/\/haussmann.galerieslafayette.com\/wp-content\/uploads\/2024\/03\/Gif-3JWG-300x94.gif 300w, https:\/\/haussmann.galerieslafayette.com\/wp-content\/uploads\/2024\/03\/Gif-3JWG-768x240.gif 768w\" sizes=\"(max-width: 1024px) 100vw, 1024px\" \/><\/figure>\n\n\n\n<div style=\"height:19px\" aria-hidden=\"true\" class=\"wp-block-spacer\"><\/div>\n\n\n\n<h2 class=\"wp-block-heading has-text-align-center has-black-color has-text-color\" style=\"text-transform:uppercase\">DU 29 mars au 14 avril 2024<\/h2>\n\n\n\n<div style=\"height:10px\" aria-hidden=\"true\" class=\"wp-block-spacer\"><\/div>\n\n\n\n<div class=\"wp-block-columns is-layout-flex wp-container-core-columns-is-layout-28f84493 wp-block-columns-is-layout-flex\">\n<div class=\"wp-block-column is-layout-flow wp-block-column-is-layout-flow\" style=\"flex-basis:25%\"><\/div>\n\n\n\n<div class=\"wp-block-column is-layout-flow wp-block-column-is-layout-flow\" style=\"flex-basis:400%\">\n<h3 class=\"wp-block-heading has-text-align-center has-black-color has-text-color\">-20% sur une s\u00e9lection de prestations&nbsp;et jusqu&#8217;\u00e0 -30% sur une s\u00e9lection de produits signal\u00e9s en magasin.<\/h3>\n<\/div>\n\n\n\n<div class=\"wp-block-column is-layout-flow wp-block-column-is-layout-flow\" style=\"flex-basis:25%\"><\/div>\n<\/div>\n\n\n\n<div class=\"wp-block-columns is-layout-flex wp-container-core-columns-is-layout-28f84493 wp-block-columns-is-layout-flex\">\n<div class=\"wp-block-column is-layout-flow wp-block-column-is-layout-flow\" style=\"flex-basis:25%\"><\/div>\n\n\n\n<div class=\"wp-block-column is-layout-flow wp-block-column-is-layout-flow\" style=\"flex-basis:400%\">\n<p class=\"has-text-align-center has-black-color has-text-color\">R\u00e9servez le soin de votre choix sur le site <a href=\"https:\/\/wellness.galerieslafayette.com\/?utm_source=siteHSM&amp;utm_medium=3Jwellness\" target=\"_blank\" rel=\"noreferrer noopener\"><strong>Wellness Galerie<\/strong><\/a>, par t\u00e9l\u00e9phone au : <a href=\"https:\/\/emojipedia.org\/fr\/combin%C3%A9-t%C3%A9l%C3%A9phonique\/\">\ud83d\udcde<\/a>&nbsp;<a href=\"tel:01 42 82 34 24\">01 42 82 34 24<\/a> ou directement au lobby Wellness situ\u00e9 au rez-de-chauss\u00e9e bas du magasin Coupole.  <\/p>\n<\/div>\n\n\n\n<div class=\"wp-block-column is-layout-flow wp-block-column-is-layout-flow\" style=\"flex-basis:25%\"><\/div>\n<\/div>\n\n\n\n<div style=\"height:30px\" aria-hidden=\"true\" class=\"wp-block-spacer\"><\/div>\n\n\n\n<div class=\"wp-block-columns is-layout-flex wp-container-core-columns-is-layout-28f84493 wp-block-columns-is-layout-flex\">\n<div class=\"wp-block-column is-layout-flow wp-block-column-is-layout-flow\"><\/div>\n\n\n\n<div class=\"wp-block-column has-white-background-color has-background is-layout-flow wp-block-column-is-layout-flow\" style=\"flex-basis:800px\">\n<div class=\"wp-block-columns is-layout-flex wp-container-core-columns-is-layout-28f84493 wp-block-columns-is-layout-flex\">\n<div class=\"wp-block-column has-black-color has-text-color is-layout-flow wp-block-column-is-layout-flow\"><\/div>\n\n\n\n<div class=\"wp-block-column has-black-color has-text-color is-layout-flow wp-block-column-is-layout-flow\" style=\"flex-basis:600px\">\n<h2 class=\"wp-block-heading has-text-align-center has-text-color\" style=\"color:#ea9999\">Alexandre de Paris<\/h2>\n\n\n\n<h3 class=\"wp-block-heading has-text-align-center has-medium-font-size\"><strong>-20%<\/strong> sur toutes les prestations capillaires : BOTOX, BOUCLEME, COLOR WOW, OLAPLEX, TOKIO<\/h3>\n\n\n\n<p class=\"has-text-align-center\">Offre \u00e0 retrouver en magasin au Rez-de-chauss\u00e9e bas du Magasin Coupole<\/p>\n\n\n\n<div style=\"height:20px\" aria-hidden=\"true\" class=\"wp-block-spacer\"><\/div>\n\n\n\n<p class=\"has-text-align-center has-small-font-size\"><strong><mark style=\"background-color:rgba(0, 0, 0, 0);color:#ea9999\" class=\"has-inline-color\"><span style=\"text-decoration: underline;\">La Wellness Galerie &#8211; Rez-de-chauss\u00e9e bas, Magasin Coupole<\/span><\/mark><\/strong><\/p>\n\n\n\n<hr class=\"wp-block-separator has-text-color has-alpha-channel-opacity has-background is-style-wide\" style=\"background-color:#929292;color:#929292\"\/>\n\n\n\n<div style=\"height:20px\" aria-hidden=\"true\" class=\"wp-block-spacer\"><\/div>\n\n\n\n<h2 class=\"wp-block-heading has-text-align-center has-text-color\" style=\"color:#ea9999\">Belleyme<\/h2>\n\n\n\n<h3 class=\"wp-block-heading has-text-align-center has-medium-font-size\"><strong>-20%<\/strong> sur les s\u00e9ances de sauna infrarouge solo et duo uniquement  <br><strong>-10%<\/strong> sur une s\u00e9lection de produits<\/h3>\n\n\n\n<p class=\"has-text-align-center\">R\u00e9servez d\u00e8s maintenant votre prestation avec le code promo <strong><strong><mark style=\"background-color:#ea9999\" class=\"has-inline-color has-black-color\">3JBELLEYMEETE24<\/mark><\/strong>*<\/strong> sur le site <strong><a href=\"https:\/\/wellness.galerieslafayette.com\/?utm_source=siteHSM&amp;utm_medium=3Jwellness\" target=\"_blank\" rel=\"noreferrer noopener\"><span style=\"text-decoration: underline;\">Wellness Galerie<\/span><\/a><\/strong>.<\/p>\n\n\n\n<div style=\"height:15px\" aria-hidden=\"true\" class=\"wp-block-spacer\"><\/div>\n\n\n\n<div class=\"wp-block-buttons is-content-justification-center is-layout-flex wp-container-core-buttons-is-layout-a89b3969 wp-block-buttons-is-layout-flex\">\n<div class=\"wp-block-button\"><a class=\"wp-block-button__link has-white-color has-black-background-color has-text-color has-background wp-element-button\" href=\"https:\/\/wellness.galerieslafayette.com\/marques\/belleyme?utm_source=SiteHSM&amp;utm_medium=3jBelleyme\" target=\"_blank\" rel=\"noreferrer noopener\">Belleyme<\/a><\/div>\n<\/div>\n\n\n\n<div style=\"height:20px\" aria-hidden=\"true\" class=\"wp-block-spacer\"><\/div>\n\n\n\n<p class=\"has-text-align-center has-small-font-size\"><strong><mark style=\"background-color:rgba(0, 0, 0, 0);color:#ea9999\" class=\"has-inline-color\"><span style=\"text-decoration: underline;\">La Wellness Galerie &#8211; Rez-de-chauss\u00e9e bas, Magasin Coupole<\/span><\/mark><\/strong><\/p>\n\n\n\n<hr class=\"wp-block-separator has-text-color has-alpha-channel-opacity has-background is-style-wide\" style=\"background-color:#929292;color:#929292\"\/>\n\n\n\n<div style=\"height:20px\" aria-hidden=\"true\" class=\"wp-block-spacer\"><\/div>\n\n\n\n<h2 class=\"wp-block-heading has-text-align-center has-text-color\" style=\"color:#ea9999\">Boudoir du regard<\/h2>\n\n\n\n<h3 class=\"wp-block-heading has-text-align-center has-medium-font-size\">Pour toute prestation effectu\u00e9e, la teinture des cils ou des sourcils est <strong>offerte<\/strong> suivie d&#8217;une mise en beaut\u00e9<\/h3>\n\n\n\n<p class=\"has-text-align-center\">R\u00e9servez d\u00e8s maintenant votre prestation avec le code promo <strong><mark style=\"background-color:#ea9999\" class=\"has-inline-color\">3JBDRETE24<\/mark>*<\/strong> sur le site <strong><a href=\"https:\/\/wellness.galerieslafayette.com\/?utm_source=siteHSM&amp;utm_medium=3Jwellness\" target=\"_blank\" rel=\"noreferrer noopener\">Wellness Galerie<\/a><\/strong>.<\/p>\n\n\n\n<div style=\"height:15px\" aria-hidden=\"true\" class=\"wp-block-spacer\"><\/div>\n\n\n\n<div class=\"wp-block-buttons is-content-justification-center is-layout-flex wp-container-core-buttons-is-layout-a89b3969 wp-block-buttons-is-layout-flex\">\n<div class=\"wp-block-button\"><a class=\"wp-block-button__link has-white-color has-black-background-color has-text-color has-background wp-element-button\" href=\"https:\/\/wellness.galerieslafayette.com\/marques\/boudoirduregard?utm_source=SiteHSM&amp;utm_medium=3jBDR\" target=\"_blank\" rel=\"noreferrer noopener\">Boudoir du Regard<\/a><\/div>\n<\/div>\n\n\n\n<div style=\"height:20px\" aria-hidden=\"true\" class=\"wp-block-spacer\"><\/div>\n\n\n\n<p class=\"has-text-align-center has-small-font-size\"><strong><mark style=\"background-color:rgba(0, 0, 0, 0);color:#ea9999\" class=\"has-inline-color\"><span style=\"text-decoration: underline;\">La Wellness Galerie &#8211; Rez-de-chauss\u00e9e bas, Magasin Coupole<\/span><\/mark><\/strong><\/p>\n\n\n\n<hr class=\"wp-block-separator has-text-color has-alpha-channel-opacity has-background is-style-wide\" style=\"background-color:#929292;color:#929292\"\/>\n\n\n\n<div style=\"height:20px\" aria-hidden=\"true\" class=\"wp-block-spacer\"><\/div>\n\n\n\n<h2 class=\"wp-block-heading has-text-align-center has-text-color\" style=\"color:#ea9999\">Innerskin x Hydrafacial<\/h2>\n\n\n\n<h3 class=\"wp-block-heading has-text-align-center has-medium-font-size\"><strong>-20%<\/strong> sur l&#8217;ensemble des prestations<\/h3>\n\n\n\n<p class=\"has-text-align-center\">R\u00e9servez d\u00e8s maintenant votre prestation avec le code promo <strong><mark style=\"background-color:#ea9999\" class=\"has-inline-color\">3JHYDRAFACIALETE24<\/mark>*<\/strong> sur le site <strong><a href=\"https:\/\/wellness.galerieslafayette.com\/?utm_source=siteHSM&amp;utm_medium=3Jwellness\" target=\"_blank\" rel=\"noreferrer noopener\">Wellness Galerie<\/a><\/strong>.<\/p>\n\n\n\n<div style=\"height:15px\" aria-hidden=\"true\" class=\"wp-block-spacer\"><\/div>\n\n\n\n<div class=\"wp-block-buttons is-content-justification-center is-layout-flex wp-container-core-buttons-is-layout-a89b3969 wp-block-buttons-is-layout-flex\">\n<div class=\"wp-block-button\"><a class=\"wp-block-button__link has-white-color has-black-background-color has-text-color has-background wp-element-button\" href=\"https:\/\/wellness.galerieslafayette.com\/marques\/innerskinxhydrafacial?utm_source=SiteHSM&amp;utm_medium=3jInnerskin\" target=\"_blank\" rel=\"noreferrer noopener\">Innerskin x Hydrafacial<\/a><\/div>\n<\/div>\n\n\n\n<div style=\"height:20px\" aria-hidden=\"true\" class=\"wp-block-spacer\"><\/div>\n\n\n\n<p class=\"has-text-align-center has-small-font-size\"><strong><mark style=\"background-color:rgba(0, 0, 0, 0);color:#ea9999\" class=\"has-inline-color\"><span style=\"text-decoration: underline;\">La Wellness Galerie &#8211; Rez-de-chauss\u00e9e bas, Magasin Coupole<\/span><\/mark><\/strong><\/p>\n\n\n\n<hr class=\"wp-block-separator has-text-color has-alpha-channel-opacity has-background is-style-wide\" style=\"background-color:#929292;color:#929292\"\/>\n\n\n\n<div style=\"height:20px\" aria-hidden=\"true\" class=\"wp-block-spacer\"><\/div>\n\n\n\n<h2 class=\"wp-block-heading has-text-align-center has-text-color\" style=\"color:#ea9999\">Seasonly<\/h2>\n\n\n\n<h3 class=\"wp-block-heading has-text-align-center has-medium-font-size\"><strong>-20%<\/strong> sur les Tools : le roller multi-t\u00eates, l&#8217;outil de r\u00e9flexologie &amp; les mushrooms de Jade <br><strong>-20%<\/strong> sur le produit Every Season oil corps &amp; cheveux<\/h3>\n\n\n\n<p class=\"has-text-align-center\">Offre \u00e0 retrouver en magasin au Rez-de-chauss\u00e9e bas du Magasin Coupole<\/p>\n\n\n\n<div style=\"height:20px\" aria-hidden=\"true\" class=\"wp-block-spacer\"><\/div>\n\n\n\n<p class=\"has-text-align-center has-small-font-size\"><strong><mark style=\"background-color:rgba(0, 0, 0, 0);color:#ea9999\" class=\"has-inline-color\"><span style=\"text-decoration: underline;\">La Wellness Galerie &#8211; Rez-de-chauss\u00e9e bas, Magasin Coupole<\/span><\/mark><\/strong><\/p>\n\n\n\n<hr class=\"wp-block-separator has-text-color has-alpha-channel-opacity has-background is-style-wide\" style=\"background-color:#929292;color:#929292\"\/>\n\n\n\n<div style=\"height:20px\" aria-hidden=\"true\" class=\"wp-block-spacer\"><\/div>\n\n\n\n<h2 class=\"wp-block-heading has-text-align-center has-text-color\" style=\"color:#ea9999\">Skinneo<\/h2>\n\n\n\n<h3 class=\"wp-block-heading has-text-align-center has-medium-font-size\"><strong>-20%<\/strong> sur toutes les cures<\/h3>\n\n\n\n<p class=\"has-text-align-center\">R\u00e9servez d\u00e8s maintenant votre prestation avec le code promo <strong><mark style=\"background-color:#ea9999\" class=\"has-inline-color\">3JSKINNEOETE24<\/mark>*<\/strong> sur le site <strong><a href=\"https:\/\/wellness.galerieslafayette.com\/?utm_source=siteHSM&amp;utm_medium=3Jwellness\" target=\"_blank\" rel=\"noreferrer noopener\">Wellness Galerie<\/a><\/strong>.<\/p>\n\n\n\n<div style=\"height:15px\" aria-hidden=\"true\" class=\"wp-block-spacer\"><\/div>\n\n\n\n<div class=\"wp-block-buttons is-content-justification-center is-layout-flex wp-container-core-buttons-is-layout-a89b3969 wp-block-buttons-is-layout-flex\">\n<div class=\"wp-block-button\"><a class=\"wp-block-button__link has-white-color has-black-background-color has-text-color has-background wp-element-button\" href=\"https:\/\/wellness.galerieslafayette.com\/marques\/skinneo?utm_source=SiteHSM&amp;utm_medium=3jSkinneo\" target=\"_blank\" rel=\"noreferrer noopener\">Skinneo<\/a><\/div>\n<\/div>\n\n\n\n<div style=\"height:20px\" aria-hidden=\"true\" class=\"wp-block-spacer\"><\/div>\n\n\n\n<p class=\"has-text-align-center has-small-font-size\"><strong><mark style=\"background-color:rgba(0, 0, 0, 0);color:#ea9999\" class=\"has-inline-color\"><span style=\"text-decoration: underline;\">La Wellness Galerie &#8211; Rez-de-chauss\u00e9e bas, Magasin Coupole<\/span><\/mark><\/strong><\/p>\n\n\n\n<hr class=\"wp-block-separator has-text-color has-alpha-channel-opacity has-background is-style-wide\" style=\"background-color:#929292;color:#929292\"\/>\n\n\n\n<div style=\"height:20px\" aria-hidden=\"true\" class=\"wp-block-spacer\"><\/div>\n\n\n\n<h2 class=\"wp-block-heading has-text-align-center has-text-color\" style=\"color:#ea9999\">Djula<\/h2>\n\n\n\n<h3 class=\"wp-block-heading has-text-align-center has-medium-font-size\">D\u00e8s 800 euros d&#8217;achats un bracelet cordon est offert<\/h3>\n\n\n\n<p class=\"has-text-align-center\">Offre \u00e0 retrouver en magasin au Rez-de-chauss\u00e9e bas du Magasin Coupole<\/p>\n\n\n\n<div style=\"height:20px\" aria-hidden=\"true\" class=\"wp-block-spacer\"><\/div>\n\n\n\n<p class=\"has-text-align-center has-small-font-size\"><strong><mark style=\"background-color:rgba(0, 0, 0, 0);color:#ea9999\" class=\"has-inline-color\"><span style=\"text-decoration: underline;\">La Wellness Galerie &#8211; Rez-de-chauss\u00e9e bas, Magasin Coupole<\/span><\/mark><\/strong><\/p>\n\n\n\n<hr class=\"wp-block-separator has-text-color has-alpha-channel-opacity has-background is-style-wide\" style=\"background-color:#929292;color:#929292\"\/>\n\n\n\n<div style=\"height:20px\" aria-hidden=\"true\" class=\"wp-block-spacer\"><\/div>\n\n\n\n<h2 class=\"wp-block-heading has-text-align-center has-text-color\" style=\"color:#ea9999\">Tout doux  &#8211; Naturopathie par Pauline Macia<\/h2>\n\n\n\n<h3 class=\"wp-block-heading has-text-align-center has-medium-font-size\">Consultation Flash de 20 min de Naturopathie \u00e0 15\u20ac<\/h3>\n\n\n\n<p class=\"has-text-align-center\">Prise de rendez-vous les mercredis 3 et 10 Avril au 01 42 82 34 24<\/p>\n\n\n\n<div style=\"height:20px\" aria-hidden=\"true\" class=\"wp-block-spacer\"><\/div>\n\n\n\n<p class=\"has-text-align-center has-small-font-size\"><strong><mark style=\"background-color:rgba(0, 0, 0, 0);color:#ea9999\" class=\"has-inline-color\"><span style=\"text-decoration: underline;\">La Wellness Galerie &#8211; Rez-de-chauss\u00e9e bas, Magasin Coupole<\/span><\/mark><\/strong><\/p>\n\n\n\n<hr class=\"wp-block-separator has-text-color has-alpha-channel-opacity has-background is-style-wide\" style=\"background-color:#929292;color:#929292\"\/>\n\n\n\n<div style=\"height:20px\" aria-hidden=\"true\" class=\"wp-block-spacer\"><\/div>\n\n\n\n<h2 class=\"wp-block-heading has-text-align-center has-text-color\" style=\"color:#ea9999\">Call my coach<\/h2>\n\n\n\n<h3 class=\"wp-block-heading has-text-align-center has-medium-font-size\">-15% sur toutes les prestations &#8220;S\u00e9ance Individuelle&#8221; propos\u00e9es uniquement le lundi 8 avril<\/h3>\n\n\n\n<p class=\"has-text-align-center\">Offre \u00e0 retrouver en magasin au Rez-de-chauss\u00e9e bas du Magasin Coupole<\/p>\n\n\n\n<div style=\"height:20px\" aria-hidden=\"true\" class=\"wp-block-spacer\"><\/div>\n\n\n\n<p class=\"has-text-align-center has-small-font-size\"><strong><mark style=\"background-color:rgba(0, 0, 0, 0);color:#ea9999\" class=\"has-inline-color\"><span style=\"text-decoration: underline;\">La Wellness Galerie &#8211; Rez-de-chauss\u00e9e bas, Magasin Coupole<\/span><\/mark><\/strong><\/p>\n\n\n\n<hr class=\"wp-block-separator has-text-color has-alpha-channel-opacity has-background is-style-wide\" style=\"background-color:#929292;color:#929292\"\/>\n\n\n\n<div style=\"height:20px\" aria-hidden=\"true\" class=\"wp-block-spacer\"><\/div>\n\n\n\n<h2 class=\"wp-block-heading has-text-align-center has-text-color\" style=\"color:#ea9999\">Lucibelle<\/h2>\n\n\n\n<h3 class=\"wp-block-heading has-text-align-center has-medium-font-size\">Pour l&#8217;achat d&#8217;un masque OVE, recevez 4 produits de soin et pour l&#8217;achat d&#8217;un OVE mini, un s\u00e9rum offert<\/h3>\n\n\n\n<p class=\"has-text-align-center\">Offre \u00e0 retrouver en magasin au Rez-de-chauss\u00e9e bas du Magasin Coupole<\/p>\n\n\n\n<div style=\"height:20px\" aria-hidden=\"true\" class=\"wp-block-spacer\"><\/div>\n\n\n\n<p class=\"has-text-align-center has-small-font-size\"><strong><mark style=\"background-color:rgba(0, 0, 0, 0);color:#ea9999\" class=\"has-inline-color\"><span style=\"text-decoration: underline;\">La Wellness Galerie &#8211; Rez-de-chauss\u00e9e bas, Magasin Coupole<\/span><\/mark><\/strong><\/p>\n\n\n\n<hr class=\"wp-block-separator has-text-color has-alpha-channel-opacity has-background is-style-wide\" style=\"background-color:#929292;color:#929292\"\/>\n\n\n\n<div style=\"height:20px\" aria-hidden=\"true\" class=\"wp-block-spacer\"><\/div>\n\n\n\n<h2 class=\"wp-block-heading has-text-align-center has-text-color\" style=\"color:#ea9999\">Foreo<\/h2>\n\n\n\n<h3 class=\"wp-block-heading has-text-align-center has-medium-font-size\">-30% sur toute la gamme except\u00e9s les masques<\/h3>\n\n\n\n<p class=\"has-text-align-center\">Offre \u00e0 retrouver en magasin au Rez-de-chauss\u00e9e bas du Magasin Coupole<\/p>\n\n\n\n<div style=\"height:20px\" aria-hidden=\"true\" class=\"wp-block-spacer\"><\/div>\n\n\n\n<p class=\"has-text-align-center has-small-font-size\"><strong><mark style=\"background-color:rgba(0, 0, 0, 0);color:#ea9999\" class=\"has-inline-color\"><span style=\"text-decoration: underline;\">La Wellness Galerie &#8211; Rez-de-chauss\u00e9e bas, Magasin Coupole<\/span><\/mark><\/strong><\/p>\n\n\n\n<hr class=\"wp-block-separator has-text-color has-alpha-channel-opacity has-background is-style-wide\" style=\"background-color:#929292;color:#929292\"\/>\n\n\n\n<div style=\"height:20px\" aria-hidden=\"true\" class=\"wp-block-spacer\"><\/div>\n\n\n\n<h2 class=\"wp-block-heading has-text-align-center has-text-color\" style=\"color:#ea9999\">Jo Malone London<\/h2>\n\n\n\n<h3 class=\"wp-block-heading has-text-align-center has-medium-font-size\">Pour 145\u20ac d&#8217;achat, recevez 2 miniatures de luxe*<\/h3>\n\n\n\n<p class=\"has-text-align-center\">Offre \u00e0 retrouver en magasin au Rez-de-chauss\u00e9e bas du Magasin Coupole<\/p>\n\n\n\n<p class=\"has-text-align-center has-small-font-size\"><em>*Valable sur la semaine du 01 au 8 avril 2024<\/em><\/p>\n\n\n\n<div style=\"height:20px\" aria-hidden=\"true\" class=\"wp-block-spacer\"><\/div>\n\n\n\n<p class=\"has-text-align-center has-small-font-size\"><strong><mark style=\"background-color:rgba(0, 0, 0, 0);color:#ea9999\" class=\"has-inline-color\"><span style=\"text-decoration: underline;\">Rez-de-chauss\u00e9e, Magasin Coupole<\/span><\/mark><\/strong><\/p>\n\n\n\n<hr class=\"wp-block-separator has-text-color has-alpha-channel-opacity has-background is-style-wide\" style=\"background-color:#929292;color:#929292\"\/>\n\n\n\n<div style=\"height:20px\" aria-hidden=\"true\" class=\"wp-block-spacer\"><\/div>\n\n\n\n<h2 class=\"wp-block-heading has-text-align-center has-text-color\" style=\"color:#ea9999\">Beauty Store<\/h2>\n\n\n\n<h3 class=\"wp-block-heading has-text-align-center has-medium-font-size\">-30% sur une s\u00e9lection de marques \u00e0 retrouver en magasin <\/h3>\n\n\n\n<p class=\"has-text-align-center\">Offre \u00e0 retrouver en magasin au Rez-de-chauss\u00e9e bas du Magasin Coupole<\/p>\n\n\n\n<div style=\"height:20px\" aria-hidden=\"true\" class=\"wp-block-spacer\"><\/div>\n\n\n\n<p class=\"has-text-align-center has-small-font-size\"><strong><mark style=\"background-color:rgba(0, 0, 0, 0);color:#ea9999\" class=\"has-inline-color\"><span style=\"text-decoration: underline;\">La Wellness Galerie &#8211; Rez-de-chauss\u00e9e bas, Magasin Coupole<\/span><\/mark><\/strong><\/p>\n\n\n\n<hr class=\"wp-block-separator has-text-color has-alpha-channel-opacity has-background is-style-wide\" style=\"background-color:#929292;color:#929292\"\/>\n\n\n\n<div style=\"height:20px\" aria-hidden=\"true\" class=\"wp-block-spacer\"><\/div>\n\n\n\n<h2 class=\"wp-block-heading has-text-align-center has-text-color\" style=\"color:#ea9999\">Adidas<\/h2>\n\n\n\n<h3 class=\"wp-block-heading has-text-align-center has-medium-font-size\">Jusqu&#8217;\u00e0 -40% sur une s\u00e9lection de produits<\/h3>\n\n\n\n<p class=\"has-text-align-center\">Offre \u00e0 retrouver en magasin au Rez-de-chauss\u00e9e bas du Magasin Coupole<\/p>\n\n\n\n<div style=\"height:20px\" aria-hidden=\"true\" class=\"wp-block-spacer\"><\/div>\n\n\n\n<p class=\"has-text-align-center has-small-font-size\"><strong><mark style=\"background-color:rgba(0, 0, 0, 0);color:#ea9999\" class=\"has-inline-color\"><span style=\"text-decoration: underline;\">La Wellness Galerie &#8211; Rez-de-chauss\u00e9e bas, Magasin Coupole<\/span><\/mark><\/strong><\/p>\n\n\n\n<hr class=\"wp-block-separator has-text-color has-alpha-channel-opacity has-background is-style-wide\" style=\"background-color:#929292;color:#929292\"\/>\n\n\n\n<div style=\"height:20px\" aria-hidden=\"true\" class=\"wp-block-spacer\"><\/div>\n\n\n\n<h2 class=\"wp-block-heading has-text-align-center has-text-color\" style=\"color:#ea9999\">Yoga searcher<\/h2>\n\n\n\n<h3 class=\"wp-block-heading has-text-align-center has-medium-font-size\">Jusqu&#8217;\u00e0 -30% sur une s\u00e9lection de produits<\/h3>\n\n\n\n<p class=\"has-text-align-center\">Offre \u00e0 retrouver en magasin au Rez-de-chauss\u00e9e bas du Magasin Coupole<\/p>\n\n\n\n<div style=\"height:20px\" aria-hidden=\"true\" class=\"wp-block-spacer\"><\/div>\n\n\n\n<p class=\"has-text-align-center has-small-font-size\"><strong><mark style=\"background-color:rgba(0, 0, 0, 0);color:#ea9999\" class=\"has-inline-color\"><span style=\"text-decoration: underline;\">La Wellness Galerie &#8211; Rez-de-chauss\u00e9e bas, Magasin Coupole<\/span><\/mark><\/strong><\/p>\n\n\n\n<hr class=\"wp-block-separator has-text-color has-alpha-channel-opacity has-background is-style-wide\" style=\"background-color:#929292;color:#929292\"\/>\n\n\n\n<div style=\"height:20px\" aria-hidden=\"true\" class=\"wp-block-spacer\"><\/div>\n\n\n\n<h2 class=\"wp-block-heading has-text-align-center has-text-color\" style=\"color:#ea9999\">Under Armour<\/h2>\n\n\n\n<h3 class=\"wp-block-heading has-text-align-center has-medium-font-size\">Jusqu&#8217;\u00e0 -30% sur une s\u00e9lection de produits<\/h3>\n\n\n\n<p class=\"has-text-align-center\">Offre \u00e0 retrouver en magasin au Rez-de-chauss\u00e9e bas du Magasin Coupole<\/p>\n\n\n\n<div style=\"height:20px\" aria-hidden=\"true\" class=\"wp-block-spacer\"><\/div>\n\n\n\n<p class=\"has-text-align-center has-small-font-size\"><strong><mark style=\"background-color:rgba(0, 0, 0, 0);color:#ea9999\" class=\"has-inline-color\"><span style=\"text-decoration: underline;\">La Wellness Galerie &#8211; Rez-de-chauss\u00e9e bas, Magasin Coupole<\/span><\/mark><\/strong><\/p>\n\n\n\n<div style=\"height:20px\" aria-hidden=\"true\" class=\"wp-block-spacer\"><\/div>\n<\/div>\n\n\n\n<div class=\"wp-block-column is-layout-flow wp-block-column-is-layout-flow\"><\/div>\n<\/div>\n<\/div>\n\n\n\n<div class=\"wp-block-column is-layout-flow wp-block-column-is-layout-flow\"><\/div>\n<\/div>\n\n\n\n<div style=\"height:31px\" aria-hidden=\"true\" class=\"wp-block-spacer\"><\/div>\n<\/div>\n<\/div>\n\n\n\n<h2 class=\"wp-block-heading has-text-align-center\">Et \u00e9galement&#8230;<\/h2>\n\n\n\n<h3 class=\"wp-block-heading has-medium-font-size\">-30 % sur une s\u00e9lection&nbsp;d&#8217;articles sur les marques suivantes : <\/h3>\n\n\n\n<p>Hugo Boss, Issey Miyake, Montblanc, Gucci, Ysl, Herm\u00e8s, Armani, Versace, Estee Lauder, Givenchy, Lanc\u00f4me, Augustinus Bader, Shiseido, Sunday Riley, Clinique&#8230;<\/p>\n\n\n\n<div style=\"height:60px\" aria-hidden=\"true\" class=\"wp-block-spacer\"><\/div>\n\n\n\n<p class=\"has-small-font-size\">*Offres valables du 29\/03\/24 au 14\/04\/24 uniquement sur les produits et services signal\u00e9s en magasin. Non cumulable avec d&#8217;autres offres en cours. L&#8217;offre soins -20% est valable sur les soins signal\u00e9s en magasin, achet\u00e9s et r\u00e9alis\u00e9s entre le 29\/03\/24 et le 14\/04\/24. Pour les achats de packs, le 1er soin devra \u00eatre r\u00e9alis\u00e9 du 29\/03\/24 jusqu&#8217;au 14\/04\/24. <br><\/p>\n\n\n\n<h2 class=\"wp-block-heading\"><br><\/h2>\n","protected":false},"excerpt":{"rendered":"<p>Du 29 mars au 14 avril, les 3J Wellness font leur grand retour. Venez profiter d&#8217;offres allant jusqu&#8217;\u00e0 -30% sur une s\u00e9lection d&#8217;articles beaut\u00e9 et de prestations.<\/p>\n","protected":false},"author":63,"featured_media":1273785,"comment_status":"closed","ping_status":"closed","sticky":false,"template":"","format":"standard","meta":{"_acf_changed":false,"footnotes":""},"categories":[1302,1322,635,709],"tags":[],"class_list":{"1":"post","5":"has-post-thumbnail"},"acf":[],"yoast_head":"<!-- This site is optimized with the Yoast SEO plugin v26.4 - https:\/\/yoast.com\/wordpress\/plugins\/seo\/ -->\n<title>Offre 3J \u00c0 LA WELLNESS GALERIE DU 29\/03 au 14\/04 - Galeries Lafayette Paris Haussmann<\/title>\n<meta name=\"description\" content=\"Les 3J Wellness font leur grand retour. Venez profiter d&#039;offre allant jusqu&#039;\u00e0 -30% sur une s\u00e9lection d&#039;article beaut\u00e9 et de prestations.\" \/>\n<meta name=\"robots\" content=\"index, follow, max-snippet:-1, max-image-preview:large, max-video-preview:-1\" \/>\n<link rel=\"canonical\" href=\"https:\/\/haussmann.galerieslafayette.com\/en\/offre-3j-a-la-wellness-galerie\/\" \/>\n<meta property=\"og:locale\" content=\"en_US\" \/>\n<meta property=\"og:type\" content=\"article\" \/>\n<meta property=\"og:title\" content=\"Offre 3J \u00c0 LA WELLNESS GALERIE DU 29\/03 au 14\/04 - Galeries Lafayette Paris Haussmann\" \/>\n<meta property=\"og:description\" content=\"Les 3J Wellness font leur grand retour. Venez profiter d&#039;offre allant jusqu&#039;\u00e0 -30% sur une s\u00e9lection d&#039;article beaut\u00e9 et de prestations.\" \/>\n<meta property=\"og:url\" content=\"https:\/\/haussmann.galerieslafayette.com\/en\/offre-3j-a-la-wellness-galerie\/\" \/>\n<meta property=\"og:site_name\" content=\"Galeries Lafayette Paris Haussmann\" \/>\n<meta property=\"article:publisher\" content=\"https:\/\/www.facebook.com\/galerieslafayette\/\" \/>\n<meta property=\"article:published_time\" content=\"2018-03-28T07:38:00+00:00\" \/>\n<meta property=\"article:modified_time\" content=\"2024-04-22T13:22:24+00:00\" \/>\n<meta property=\"og:image\" content=\"https:\/\/haussmann.galerieslafayette.com\/wp-content\/uploads\/2020\/06\/les3J-wellness-Galerie.png\" \/>\n\t<meta property=\"og:image:width\" content=\"1600\" \/>\n\t<meta property=\"og:image:height\" content=\"594\" \/>\n\t<meta property=\"og:image:type\" content=\"image\/png\" \/>\n<meta name=\"author\" content=\"Romane Millasseau\" \/>\n<meta name=\"twitter:card\" content=\"summary_large_image\" \/>\n<meta name=\"twitter:creator\" content=\"@Galeries_Laf\" \/>\n<meta name=\"twitter:site\" content=\"@Galeries_Laf\" \/>\n<script type=\"application\/ld+json\" class=\"yoast-schema-graph\">{\"@context\":\"https:\/\/schema.org\",\"@graph\":[{\"@type\":\"Article\",\"@id\":\"https:\/\/haussmann.galerieslafayette.com\/en\/offre-3j-a-la-wellness-galerie\/#article\",\"isPartOf\":{\"@id\":\"https:\/\/haussmann.galerieslafayette.com\/en\/offre-3j-a-la-wellness-galerie\/\"},\"author\":{\"name\":\"Romane Millasseau\",\"@id\":\"https:\/\/haussmann.galerieslafayette.com\/en\/#\/schema\/person\/d3300b4fe2eea92e42b3214341de724a\"},\"headline\":\"Offre 3J \u00c0 LA WELLNESS GALERIE DU 29\/03 au 14\/04\",\"datePublished\":\"2018-03-28T07:38:00+00:00\",\"dateModified\":\"2024-04-22T13:22:24+00:00\",\"mainEntityOfPage\":{\"@id\":\"https:\/\/haussmann.galerieslafayette.com\/en\/offre-3j-a-la-wellness-galerie\/\"},\"wordCount\":725,\"publisher\":{\"@id\":\"https:\/\/haussmann.galerieslafayette.com\/en\/#organization\"},\"image\":{\"@id\":\"https:\/\/haussmann.galerieslafayette.com\/en\/offre-3j-a-la-wellness-galerie\/#primaryimage\"},\"thumbnailUrl\":\"https:\/\/haussmann.galerieslafayette.com\/wp-content\/uploads\/2020\/06\/les3J-wellness-Galerie.png\",\"articleSection\":[\"Beauty &amp; Care area\",\"Beauty &amp; Care area\",\"Universes\",\"Beauty\"],\"inLanguage\":\"en-US\"},{\"@type\":\"WebPage\",\"@id\":\"https:\/\/haussmann.galerieslafayette.com\/en\/offre-3j-a-la-wellness-galerie\/\",\"url\":\"https:\/\/haussmann.galerieslafayette.com\/en\/offre-3j-a-la-wellness-galerie\/\",\"name\":\"Offre 3J \u00c0 LA WELLNESS GALERIE DU 29\/03 au 14\/04 - Galeries Lafayette Paris Haussmann\",\"isPartOf\":{\"@id\":\"https:\/\/haussmann.galerieslafayette.com\/en\/#website\"},\"primaryImageOfPage\":{\"@id\":\"https:\/\/haussmann.galerieslafayette.com\/en\/offre-3j-a-la-wellness-galerie\/#primaryimage\"},\"image\":{\"@id\":\"https:\/\/haussmann.galerieslafayette.com\/en\/offre-3j-a-la-wellness-galerie\/#primaryimage\"},\"thumbnailUrl\":\"https:\/\/haussmann.galerieslafayette.com\/wp-content\/uploads\/2020\/06\/les3J-wellness-Galerie.png\",\"datePublished\":\"2018-03-28T07:38:00+00:00\",\"dateModified\":\"2024-04-22T13:22:24+00:00\",\"description\":\"Les 3J Wellness font leur grand retour. Venez profiter d'offre allant jusqu'\u00e0 -30% sur une s\u00e9lection d'article beaut\u00e9 et de prestations.\",\"breadcrumb\":{\"@id\":\"https:\/\/haussmann.galerieslafayette.com\/en\/offre-3j-a-la-wellness-galerie\/#breadcrumb\"},\"inLanguage\":\"en-US\",\"potentialAction\":[{\"@type\":\"ReadAction\",\"target\":[\"https:\/\/haussmann.galerieslafayette.com\/en\/offre-3j-a-la-wellness-galerie\/\"]}]},{\"@type\":\"ImageObject\",\"inLanguage\":\"en-US\",\"@id\":\"https:\/\/haussmann.galerieslafayette.com\/en\/offre-3j-a-la-wellness-galerie\/#primaryimage\",\"url\":\"https:\/\/haussmann.galerieslafayette.com\/wp-content\/uploads\/2020\/06\/les3J-wellness-Galerie.png\",\"contentUrl\":\"https:\/\/haussmann.galerieslafayette.com\/wp-content\/uploads\/2020\/06\/les3J-wellness-Galerie.png\",\"width\":1600,\"height\":594},{\"@type\":\"BreadcrumbList\",\"@id\":\"https:\/\/haussmann.galerieslafayette.com\/en\/offre-3j-a-la-wellness-galerie\/#breadcrumb\",\"itemListElement\":[{\"@type\":\"ListItem\",\"position\":1,\"name\":\"Home\",\"item\":\"https:\/\/haussmann.galerieslafayette.com\/en\/\"},{\"@type\":\"ListItem\",\"position\":2,\"name\":\"Universes\",\"item\":\"https:\/\/haussmann.galerieslafayette.com\/en\/category\/universes\/\"},{\"@type\":\"ListItem\",\"position\":3,\"name\":\"Offre 3J \u00c0 LA WELLNESS GALERIE DU 29\/03 au 14\/04\"}]},{\"@type\":\"WebSite\",\"@id\":\"https:\/\/haussmann.galerieslafayette.com\/en\/#website\",\"url\":\"https:\/\/haussmann.galerieslafayette.com\/en\/\",\"name\":\"Galeries Lafayette Paris Haussmann\",\"description\":\"La destination mode du shopping parisien\",\"publisher\":{\"@id\":\"https:\/\/haussmann.galerieslafayette.com\/en\/#organization\"},\"potentialAction\":[{\"@type\":\"SearchAction\",\"target\":{\"@type\":\"EntryPoint\",\"urlTemplate\":\"https:\/\/haussmann.galerieslafayette.com\/en\/?s={search_term_string}\"},\"query-input\":{\"@type\":\"PropertyValueSpecification\",\"valueRequired\":true,\"valueName\":\"search_term_string\"}}],\"inLanguage\":\"en-US\"},{\"@type\":\"Organization\",\"@id\":\"https:\/\/haussmann.galerieslafayette.com\/en\/#organization\",\"name\":\"Galeries Lafayette\",\"url\":\"https:\/\/haussmann.galerieslafayette.com\/en\/\",\"logo\":{\"@type\":\"ImageObject\",\"inLanguage\":\"en-US\",\"@id\":\"https:\/\/haussmann.galerieslafayette.com\/en\/#\/schema\/logo\/image\/\",\"url\":\"https:\/\/haussmann.galerieslafayette.com\/wp-content\/uploads\/2021\/03\/GL_LOGO2L_N.jpg\",\"contentUrl\":\"https:\/\/haussmann.galerieslafayette.com\/wp-content\/uploads\/2021\/03\/GL_LOGO2L_N.jpg\",\"width\":1535,\"height\":827,\"caption\":\"Galeries Lafayette\"},\"image\":{\"@id\":\"https:\/\/haussmann.galerieslafayette.com\/en\/#\/schema\/logo\/image\/\"},\"sameAs\":[\"https:\/\/www.facebook.com\/galerieslafayette\/\",\"https:\/\/x.com\/Galeries_Laf\",\"https:\/\/www.instagram.com\/galerieslafayette\/\",\"http:\/\/www.youtube.com\/user\/GaleriesLafayette1\"]},{\"@type\":\"Person\",\"@id\":\"https:\/\/haussmann.galerieslafayette.com\/en\/#\/schema\/person\/d3300b4fe2eea92e42b3214341de724a\",\"name\":\"Romane Millasseau\",\"image\":{\"@type\":\"ImageObject\",\"inLanguage\":\"en-US\",\"@id\":\"https:\/\/haussmann.galerieslafayette.com\/en\/#\/schema\/person\/image\/\",\"url\":\"https:\/\/secure.gravatar.com\/avatar\/5b9dac6beb2afd2bead3f760fa4cf6e13e824d6d9b7cae83e9683d818585840b?s=96&d=mm&r=g\",\"contentUrl\":\"https:\/\/secure.gravatar.com\/avatar\/5b9dac6beb2afd2bead3f760fa4cf6e13e824d6d9b7cae83e9683d818585840b?s=96&d=mm&r=g\",\"caption\":\"Romane Millasseau\"}}]}<\/script>\n<!-- \/ Yoast SEO plugin. -->","yoast_head_json":{"title":"Offre 3J \u00c0 LA WELLNESS GALERIE DU 29\/03 au 14\/04 - Galeries Lafayette Paris Haussmann","description":"Les 3J Wellness font leur grand retour. Venez profiter d'offre allant jusqu'\u00e0 -30% sur une s\u00e9lection d'article beaut\u00e9 et de prestations.","robots":{"index":"index","follow":"follow","max-snippet":"max-snippet:-1","max-image-preview":"max-image-preview:large","max-video-preview":"max-video-preview:-1"},"canonical":"https:\/\/haussmann.galerieslafayette.com\/en\/offre-3j-a-la-wellness-galerie\/","og_locale":"en_US","og_type":"article","og_title":"Offre 3J \u00c0 LA WELLNESS GALERIE DU 29\/03 au 14\/04 - Galeries Lafayette Paris Haussmann","og_description":"Les 3J Wellness font leur grand retour. Venez profiter d'offre allant jusqu'\u00e0 -30% sur une s\u00e9lection d'article beaut\u00e9 et de prestations.","og_url":"https:\/\/haussmann.galerieslafayette.com\/en\/offre-3j-a-la-wellness-galerie\/","og_site_name":"Galeries Lafayette Paris Haussmann","article_publisher":"https:\/\/www.facebook.com\/galerieslafayette\/","article_published_time":"2018-03-28T07:38:00+00:00","article_modified_time":"2024-04-22T13:22:24+00:00","og_image":[{"width":1600,"height":594,"url":"https:\/\/haussmann.galerieslafayette.com\/wp-content\/uploads\/2020\/06\/les3J-wellness-Galerie.png","type":"image\/png"}],"author":"Romane Millasseau","twitter_card":"summary_large_image","twitter_creator":"@Galeries_Laf","twitter_site":"@Galeries_Laf","schema":{"@context":"https:\/\/schema.org","@graph":[{"@type":"Article","@id":"https:\/\/haussmann.galerieslafayette.com\/en\/offre-3j-a-la-wellness-galerie\/#article","isPartOf":{"@id":"https:\/\/haussmann.galerieslafayette.com\/en\/offre-3j-a-la-wellness-galerie\/"},"author":{"name":"Romane Millasseau","@id":"https:\/\/haussmann.galerieslafayette.com\/en\/#\/schema\/person\/d3300b4fe2eea92e42b3214341de724a"},"headline":"Offre 3J \u00c0 LA WELLNESS GALERIE DU 29\/03 au 14\/04","datePublished":"2018-03-28T07:38:00+00:00","dateModified":"2024-04-22T13:22:24+00:00","mainEntityOfPage":{"@id":"https:\/\/haussmann.galerieslafayette.com\/en\/offre-3j-a-la-wellness-galerie\/"},"wordCount":725,"publisher":{"@id":"https:\/\/haussmann.galerieslafayette.com\/en\/#organization"},"image":{"@id":"https:\/\/haussmann.galerieslafayette.com\/en\/offre-3j-a-la-wellness-galerie\/#primaryimage"},"thumbnailUrl":"https:\/\/haussmann.galerieslafayette.com\/wp-content\/uploads\/2020\/06\/les3J-wellness-Galerie.png","articleSection":["Beauty &amp; Care area","Beauty &amp; Care area","Universes","Beauty"],"inLanguage":"en-US"},{"@type":"WebPage","@id":"https:\/\/haussmann.galerieslafayette.com\/en\/offre-3j-a-la-wellness-galerie\/","url":"https:\/\/haussmann.galerieslafayette.com\/en\/offre-3j-a-la-wellness-galerie\/","name":"Offre 3J \u00c0 LA WELLNESS GALERIE DU 29\/03 au 14\/04 - Galeries Lafayette Paris Haussmann","isPartOf":{"@id":"https:\/\/haussmann.galerieslafayette.com\/en\/#website"},"primaryImageOfPage":{"@id":"https:\/\/haussmann.galerieslafayette.com\/en\/offre-3j-a-la-wellness-galerie\/#primaryimage"},"image":{"@id":"https:\/\/haussmann.galerieslafayette.com\/en\/offre-3j-a-la-wellness-galerie\/#primaryimage"},"thumbnailUrl":"https:\/\/haussmann.galerieslafayette.com\/wp-content\/uploads\/2020\/06\/les3J-wellness-Galerie.png","datePublished":"2018-03-28T07:38:00+00:00","dateModified":"2024-04-22T13:22:24+00:00","description":"Les 3J Wellness font leur grand retour. Venez profiter d'offre allant jusqu'\u00e0 -30% sur une s\u00e9lection d'article beaut\u00e9 et de prestations.","breadcrumb":{"@id":"https:\/\/haussmann.galerieslafayette.com\/en\/offre-3j-a-la-wellness-galerie\/#breadcrumb"},"inLanguage":"en-US","potentialAction":[{"@type":"ReadAction","target":["https:\/\/haussmann.galerieslafayette.com\/en\/offre-3j-a-la-wellness-galerie\/"]}]},{"@type":"ImageObject","inLanguage":"en-US","@id":"https:\/\/haussmann.galerieslafayette.com\/en\/offre-3j-a-la-wellness-galerie\/#primaryimage","url":"https:\/\/haussmann.galerieslafayette.com\/wp-content\/uploads\/2020\/06\/les3J-wellness-Galerie.png","contentUrl":"https:\/\/haussmann.galerieslafayette.com\/wp-content\/uploads\/2020\/06\/les3J-wellness-Galerie.png","width":1600,"height":594},{"@type":"BreadcrumbList","@id":"https:\/\/haussmann.galerieslafayette.com\/en\/offre-3j-a-la-wellness-galerie\/#breadcrumb","itemListElement":[{"@type":"ListItem","position":1,"name":"Home","item":"https:\/\/haussmann.galerieslafayette.com\/en\/"},{"@type":"ListItem","position":2,"name":"Universes","item":"https:\/\/haussmann.galerieslafayette.com\/en\/category\/universes\/"},{"@type":"ListItem","position":3,"name":"Offre 3J \u00c0 LA WELLNESS GALERIE DU 29\/03 au 14\/04"}]},{"@type":"WebSite","@id":"https:\/\/haussmann.galerieslafayette.com\/en\/#website","url":"https:\/\/haussmann.galerieslafayette.com\/en\/","name":"Galeries Lafayette Paris Haussmann","description":"La destination mode du shopping parisien","publisher":{"@id":"https:\/\/haussmann.galerieslafayette.com\/en\/#organization"},"potentialAction":[{"@type":"SearchAction","target":{"@type":"EntryPoint","urlTemplate":"https:\/\/haussmann.galerieslafayette.com\/en\/?s={search_term_string}"},"query-input":{"@type":"PropertyValueSpecification","valueRequired":true,"valueName":"search_term_string"}}],"inLanguage":"en-US"},{"@type":"Organization","@id":"https:\/\/haussmann.galerieslafayette.com\/en\/#organization","name":"Galeries Lafayette","url":"https:\/\/haussmann.galerieslafayette.com\/en\/","logo":{"@type":"ImageObject","inLanguage":"en-US","@id":"https:\/\/haussmann.galerieslafayette.com\/en\/#\/schema\/logo\/image\/","url":"https:\/\/haussmann.galerieslafayette.com\/wp-content\/uploads\/2021\/03\/GL_LOGO2L_N.jpg","contentUrl":"https:\/\/haussmann.galerieslafayette.com\/wp-content\/uploads\/2021\/03\/GL_LOGO2L_N.jpg","width":1535,"height":827,"caption":"Galeries Lafayette"},"image":{"@id":"https:\/\/haussmann.galerieslafayette.com\/en\/#\/schema\/logo\/image\/"},"sameAs":["https:\/\/www.facebook.com\/galerieslafayette\/","https:\/\/x.com\/Galeries_Laf","https:\/\/www.instagram.com\/galerieslafayette\/","http:\/\/www.youtube.com\/user\/GaleriesLafayette1"]},{"@type":"Person","@id":"https:\/\/haussmann.galerieslafayette.com\/en\/#\/schema\/person\/d3300b4fe2eea92e42b3214341de724a","name":"Romane Millasseau","image":{"@type":"ImageObject","inLanguage":"en-US","@id":"https:\/\/haussmann.galerieslafayette.com\/en\/#\/schema\/person\/image\/","url":"https:\/\/secure.gravatar.com\/avatar\/5b9dac6beb2afd2bead3f760fa4cf6e13e824d6d9b7cae83e9683d818585840b?s=96&d=mm&r=g","contentUrl":"https:\/\/secure.gravatar.com\/avatar\/5b9dac6beb2afd2bead3f760fa4cf6e13e824d6d9b7cae83e9683d818585840b?s=96&d=mm&r=g","caption":"Romane Millasseau"}}]}},"_links":{"self":[{"href":"https:\/\/haussmann.galerieslafayette.com\/en\/wp-json\/wp\/v2\/posts\/1295541","targetHints":{"allow":["GET"]}}],"collection":[{"href":"https:\/\/haussmann.galerieslafayette.com\/en\/wp-json\/wp\/v2\/posts"}],"about":[{"href":"https:\/\/haussmann.galerieslafayette.com\/en\/wp-json\/wp\/v2\/types\/post"}],"author":[{"embeddable":true,"href":"https:\/\/haussmann.galerieslafayette.com\/en\/wp-json\/wp\/v2\/users\/63"}],"replies":[{"embeddable":true,"href":"https:\/\/haussmann.galerieslafayette.com\/en\/wp-json\/wp\/v2\/comments?post=1295541"}],"version-history":[{"count":7,"href":"https:\/\/haussmann.galerieslafayette.com\/en\/wp-json\/wp\/v2\/posts\/1295541\/revisions"}],"predecessor-version":[{"id":1320322,"href":"https:\/\/haussmann.galerieslafayette.com\/en\/wp-json\/wp\/v2\/posts\/1295541\/revisions\/1320322"}],"wp:featuredmedia":[{"embeddable":true,"href":"https:\/\/haussmann.galerieslafayette.com\/en\/wp-json\/wp\/v2\/media\/1273785"}],"wp:attachment":[{"href":"https:\/\/haussmann.galerieslafayette.com\/en\/wp-json\/wp\/v2\/media?parent=1295541"}],"wp:term":[{"taxonomy":"category","embeddable":true,"href":"https:\/\/haussmann.galerieslafayette.com\/en\/wp-json\/wp\/v2\/categories?post=1295541"},{"taxonomy":"post_tag","embeddable":true,"href":"https:\/\/haussmann.galerieslafayette.com\/en\/wp-json\/wp\/v2\/tags?post=1295541"}],"curies":[{"name":"wp","href":"https:\/\/api.w.org\/{rel}","templated":true}]}}