{"id":1322894,"date":"2024-05-29T17:30:31","date_gmt":"2024-05-29T15:30:31","guid":{"rendered":"https:\/\/haussmann.galerieslafayette.com\/abadia-dropped-collection-popup\/"},"modified":"2025-02-03T10:12:10","modified_gmt":"2025-02-03T09:12:10","slug":"paradigme-presente-leur-pop-up","status":"publish","type":"post","link":"https:\/\/haussmann.galerieslafayette.com\/en\/paradigme-presente-leur-pop-up\/","title":{"rendered":"Paradigme pr\u00e9sente leur pop up"},"content":{"rendered":"\n<figure class=\"wp-block-image aligncenter size-full is-resized\"><img fetchpriority=\"high\" decoding=\"async\" width=\"5000\" height=\"1250\" src=\"https:\/\/haussmann.galerieslafayette.com\/wp-content\/uploads\/2024\/05\/Logo_Paradigme_Noir-1.png\" alt=\"\" class=\"wp-image-1349743\" style=\"width:168px;height:auto\" srcset=\"https:\/\/haussmann.galerieslafayette.com\/wp-content\/uploads\/2024\/05\/Logo_Paradigme_Noir-1.png 5000w, https:\/\/haussmann.galerieslafayette.com\/wp-content\/uploads\/2024\/05\/Logo_Paradigme_Noir-1-300x75.png 300w, https:\/\/haussmann.galerieslafayette.com\/wp-content\/uploads\/2024\/05\/Logo_Paradigme_Noir-1-1024x256.png 1024w, https:\/\/haussmann.galerieslafayette.com\/wp-content\/uploads\/2024\/05\/Logo_Paradigme_Noir-1-768x192.png 768w, https:\/\/haussmann.galerieslafayette.com\/wp-content\/uploads\/2024\/05\/Logo_Paradigme_Noir-1-1536x384.png 1536w, https:\/\/haussmann.galerieslafayette.com\/wp-content\/uploads\/2024\/05\/Logo_Paradigme_Noir-1-2048x512.png 2048w\" sizes=\"(max-width: 5000px) 100vw, 5000px\" \/><\/figure>\n\n\n\n<div style=\"height:16px\" aria-hidden=\"true\" class=\"wp-block-spacer\"><\/div>\n\n\n\n<h2 class=\"wp-block-heading\">Paradigme &#8211; La seconde main des belles marques<\/h2>\n\n\n\n<div style=\"height:12px\" aria-hidden=\"true\" class=\"wp-block-spacer\"><\/div>\n\n\n\n<p><strong>Paradigme d\u00e9voilera sa s\u00e9lection de jolies marques en seconde main.&nbsp;<br>S\u00e9zane, ba&amp;sh, Maje, Sandro, Rouje&#8230;<\/strong><\/p>\n\n\n\n<div class=\"wp-block-media-text has-media-on-the-right\"><div class=\"wp-block-media-text__content\">\n<div style=\"height:10px\" aria-hidden=\"true\" class=\"wp-block-spacer\"><\/div>\n\n\n\n<p class=\"has-text-align-left\">Ce sont plus de 200 belles marques, en moyenne \u00e0 <strong>-70% du prix neuf,<\/strong> qui trouvent une seconde vie sur l&#8217;espace Paradigme.<\/p>\n<\/div><figure class=\"wp-block-media-text__media\"><img decoding=\"async\" width=\"683\" height=\"1024\" src=\"https:\/\/haussmann.galerieslafayette.com\/wp-content\/uploads\/2024\/05\/20250123091952055-683x1024.jpg\" alt=\"\" class=\"wp-image-1349735 size-full\" srcset=\"https:\/\/haussmann.galerieslafayette.com\/wp-content\/uploads\/2024\/05\/20250123091952055-683x1024.jpg 683w, https:\/\/haussmann.galerieslafayette.com\/wp-content\/uploads\/2024\/05\/20250123091952055-200x300.jpg 200w, https:\/\/haussmann.galerieslafayette.com\/wp-content\/uploads\/2024\/05\/20250123091952055-768x1152.jpg 768w, https:\/\/haussmann.galerieslafayette.com\/wp-content\/uploads\/2024\/05\/20250123091952055-1024x1536.jpg 1024w, https:\/\/haussmann.galerieslafayette.com\/wp-content\/uploads\/2024\/05\/20250123091952055-1365x2048.jpg 1365w\" sizes=\"(max-width: 683px) 100vw, 683px\" \/><\/figure><\/div>\n\n\n\n<div style=\"height:39px\" aria-hidden=\"true\" class=\"wp-block-spacer\"><\/div>\n\n\n\n<p>Chaque pi\u00e8ce est soigneusement contr\u00f4l\u00e9e et remise en \u00e9tat par leurs \u00e9quipes, pour vous faire aimer la seconde main.\u00a0<\/p>\n\n\n\n<figure class=\"wp-block-gallery has-nested-images columns-default is-cropped wp-block-gallery-1 is-layout-flex wp-block-gallery-is-layout-flex\">\n<figure class=\"wp-block-image size-large\"><img decoding=\"async\" width=\"683\" height=\"1024\" data-id=\"1349751\" src=\"https:\/\/haussmann.galerieslafayette.com\/wp-content\/uploads\/2024\/05\/DSC_0687-683x1024.jpg\" alt=\"\" class=\"wp-image-1349751\" srcset=\"https:\/\/haussmann.galerieslafayette.com\/wp-content\/uploads\/2024\/05\/DSC_0687-683x1024.jpg 683w, https:\/\/haussmann.galerieslafayette.com\/wp-content\/uploads\/2024\/05\/DSC_0687-200x300.jpg 200w, https:\/\/haussmann.galerieslafayette.com\/wp-content\/uploads\/2024\/05\/DSC_0687-768x1152.jpg 768w, https:\/\/haussmann.galerieslafayette.com\/wp-content\/uploads\/2024\/05\/DSC_0687.jpg 1000w\" sizes=\"(max-width: 683px) 100vw, 683px\" \/><\/figure>\n\n\n\n<figure class=\"wp-block-image size-large\"><img loading=\"lazy\" decoding=\"async\" width=\"683\" height=\"1024\" data-id=\"1349759\" src=\"https:\/\/haussmann.galerieslafayette.com\/wp-content\/uploads\/2024\/05\/DSC_0613-683x1024.jpg\" alt=\"\" class=\"wp-image-1349759\" srcset=\"https:\/\/haussmann.galerieslafayette.com\/wp-content\/uploads\/2024\/05\/DSC_0613-683x1024.jpg 683w, https:\/\/haussmann.galerieslafayette.com\/wp-content\/uploads\/2024\/05\/DSC_0613-200x300.jpg 200w, https:\/\/haussmann.galerieslafayette.com\/wp-content\/uploads\/2024\/05\/DSC_0613-768x1152.jpg 768w, https:\/\/haussmann.galerieslafayette.com\/wp-content\/uploads\/2024\/05\/DSC_0613.jpg 1000w\" sizes=\"(max-width: 683px) 100vw, 683px\" \/><\/figure>\n\n\n\n<figure class=\"wp-block-image size-large\"><img loading=\"lazy\" decoding=\"async\" width=\"684\" height=\"1024\" data-id=\"1349767\" src=\"https:\/\/haussmann.galerieslafayette.com\/wp-content\/uploads\/2024\/05\/DSC_4462-684x1024.jpg\" alt=\"\" class=\"wp-image-1349767\" srcset=\"https:\/\/haussmann.galerieslafayette.com\/wp-content\/uploads\/2024\/05\/DSC_4462-684x1024.jpg 684w, https:\/\/haussmann.galerieslafayette.com\/wp-content\/uploads\/2024\/05\/DSC_4462-200x300.jpg 200w, https:\/\/haussmann.galerieslafayette.com\/wp-content\/uploads\/2024\/05\/DSC_4462-768x1150.jpg 768w, https:\/\/haussmann.galerieslafayette.com\/wp-content\/uploads\/2024\/05\/DSC_4462.jpg 1000w\" sizes=\"(max-width: 684px) 100vw, 684px\" \/><\/figure>\n<\/figure>\n\n\n\n<div style=\"height:24px\" aria-hidden=\"true\" class=\"wp-block-spacer\"><\/div>\n\n\n\n<h2 class=\"wp-block-heading\">Le concept de Paradigme<\/h2>\n\n\n\n<div class=\"wp-block-media-text\"><figure class=\"wp-block-media-text__media\"><img loading=\"lazy\" decoding=\"async\" width=\"683\" height=\"1024\" src=\"https:\/\/haussmann.galerieslafayette.com\/wp-content\/uploads\/2024\/05\/DSC_3159-Enhanced-NR-683x1024.jpg\" alt=\"\" class=\"wp-image-1349727 size-full\" srcset=\"https:\/\/haussmann.galerieslafayette.com\/wp-content\/uploads\/2024\/05\/DSC_3159-Enhanced-NR-683x1024.jpg 683w, https:\/\/haussmann.galerieslafayette.com\/wp-content\/uploads\/2024\/05\/DSC_3159-Enhanced-NR-200x300.jpg 200w, https:\/\/haussmann.galerieslafayette.com\/wp-content\/uploads\/2024\/05\/DSC_3159-Enhanced-NR-768x1152.jpg 768w, https:\/\/haussmann.galerieslafayette.com\/wp-content\/uploads\/2024\/05\/DSC_3159-Enhanced-NR.jpg 1000w\" sizes=\"(max-width: 683px) 100vw, 683px\" \/><\/figure><div class=\"wp-block-media-text__content\">\n<div style=\"height:10px\" aria-hidden=\"true\" class=\"wp-block-spacer\"><\/div>\n\n\n\n<p class=\"has-text-align-left\">N\u00e9e de l\u2019id\u00e9e de deux fr\u00e8res il y a trois ans, Paradigme offre maintenant une nouvelle vie \u00e0 des milliers de p\u00e9pites chaque semaine, sur son e-shop <a href=\"https:\/\/urldefense.com\/v3\/__http:\/\/paradigme.fr\/__;!!NY6j04025nk0x_9pQGtP!v92Cb6D2rpQ7uPv0q4FITZMdj-eS1q4fBwjIIXwSi4JzqVz2yLC9ephJC_XrulC0jlyTUkCLGKkvhEnhVgY_cQqKhlcG$\">paradigme.fr<\/a> et sur ses corners dans plusieurs Galeries Lafayette <\/p>\n<\/div><\/div>\n\n\n\n<div style=\"height:27px\" aria-hidden=\"true\" class=\"wp-block-spacer\"><\/div>\n\n\n\n<p>Le mod\u00e8le de Paradigme est le fruit d\u2019un d\u00e9licat \u00e9quilibre : celui du&nbsp;<strong>besoin de renouveau des clientes<\/strong>&nbsp;et de leur volont\u00e9 de&nbsp;<strong>consommer de fa\u00e7on plus responsable<\/strong>. Paradigme se veut&nbsp;acteur d\u2019une <strong>\u00e9conomie circulaire ambitieuse et r\u00e9aliste<\/strong>&nbsp;: celle qui permet, d\u2019un c\u00f4t\u00e9, de&nbsp;remettre en circulation des articles d\u00e9j\u00e0 produits et port\u00e9s, de l\u2019autre, d\u2019encourager des&nbsp;marques&nbsp;qui produisent de belles pi\u00e8ces. <\/p>\n\n\n\n<div style=\"height:11px\" aria-hidden=\"true\" class=\"wp-block-spacer\"><\/div>\n\n\n\n<hr class=\"wp-block-separator has-alpha-channel-opacity is-style-wide\"\/>\n\n\n\n<div style=\"height:17px\" aria-hidden=\"true\" class=\"wp-block-spacer\"><\/div>\n\n\n\n<p class=\"has-text-align-center\">\ud83d\udccd <strong>Pop up au sein du [RE]STORE au&nbsp;R+3 Coupole<\/strong><\/p>\n\n\n\n<div style=\"height:20px\" aria-hidden=\"true\" class=\"wp-block-spacer\"><\/div>\n","protected":false},"excerpt":{"rendered":"<p>Abadia and The Dropped Collection are please to announce their first ever pop up at Galeries Lafayette Paris Haussmann during the Le Nouveau Cool &#8211; month dedicated to circularity and sustainable initiatives from the 29th of May until the 25th of June 2024<\/p>\n","protected":false},"author":68,"featured_media":1349779,"comment_status":"closed","ping_status":"closed","sticky":false,"template":"","format":"standard","meta":{"_acf_changed":false,"footnotes":""},"categories":[1340,636,665,635],"tags":[],"class_list":{"1":"post","5":"has-post-thumbnail"},"acf":[],"yoast_head":"<!-- This site is optimized with the Yoast SEO plugin v26.4 - https:\/\/yoast.com\/wordpress\/plugins\/seo\/ -->\n<title>Paradigme pr\u00e9sente leur pop up - Galeries Lafayette Paris Haussmann<\/title>\n<meta name=\"description\" content=\"Abadia and The Dropped Collection are pleased to announce their first pop-up at Galeries Lafayette Paris Haussmann during Nouveau Cool.\" \/>\n<meta name=\"robots\" content=\"noindex, nofollow\" \/>\n<meta property=\"og:locale\" content=\"en_US\" \/>\n<meta property=\"og:type\" content=\"article\" \/>\n<meta property=\"og:title\" content=\"Paradigme pr\u00e9sente leur pop up - Galeries Lafayette Paris Haussmann\" \/>\n<meta property=\"og:description\" content=\"Abadia and The Dropped Collection are pleased to announce their first pop-up at Galeries Lafayette Paris Haussmann during Nouveau Cool.\" \/>\n<meta property=\"og:url\" content=\"https:\/\/haussmann.galerieslafayette.com\/en\/paradigme-presente-leur-pop-up\/\" \/>\n<meta property=\"og:site_name\" content=\"Galeries Lafayette Paris Haussmann\" \/>\n<meta property=\"article:publisher\" content=\"https:\/\/www.facebook.com\/galerieslafayette\/\" \/>\n<meta property=\"article:published_time\" content=\"2024-05-29T15:30:31+00:00\" \/>\n<meta property=\"article:modified_time\" content=\"2025-02-03T09:12:10+00:00\" \/>\n<meta property=\"og:image\" content=\"https:\/\/haussmann.galerieslafayette.com\/wp-content\/uploads\/2024\/05\/Banniere-Paradigme.jpg\" \/>\n\t<meta property=\"og:image:width\" content=\"1600\" \/>\n\t<meta property=\"og:image:height\" content=\"594\" \/>\n\t<meta property=\"og:image:type\" content=\"image\/jpeg\" \/>\n<meta name=\"author\" content=\"Jade Delsolle\" \/>\n<meta name=\"twitter:card\" content=\"summary_large_image\" \/>\n<meta name=\"twitter:creator\" content=\"@Galeries_Laf\" \/>\n<meta name=\"twitter:site\" content=\"@Galeries_Laf\" \/>\n<script type=\"application\/ld+json\" class=\"yoast-schema-graph\">{\"@context\":\"https:\/\/schema.org\",\"@graph\":[{\"@type\":\"Article\",\"@id\":\"https:\/\/haussmann.galerieslafayette.com\/en\/paradigme-presente-leur-pop-up\/#article\",\"isPartOf\":{\"@id\":\"https:\/\/haussmann.galerieslafayette.com\/en\/paradigme-presente-leur-pop-up\/\"},\"author\":{\"name\":\"Jade Delsolle\",\"@id\":\"https:\/\/haussmann.galerieslafayette.com\/en\/#\/schema\/person\/e239701fecac3263cb28579922699ab0\"},\"headline\":\"Paradigme pr\u00e9sente leur pop up\",\"datePublished\":\"2024-05-29T15:30:31+00:00\",\"dateModified\":\"2025-02-03T09:12:10+00:00\",\"mainEntityOfPage\":{\"@id\":\"https:\/\/haussmann.galerieslafayette.com\/en\/paradigme-presente-leur-pop-up\/\"},\"wordCount\":216,\"publisher\":{\"@id\":\"https:\/\/haussmann.galerieslafayette.com\/en\/#organization\"},\"image\":{\"@id\":\"https:\/\/haussmann.galerieslafayette.com\/en\/paradigme-presente-leur-pop-up\/#primaryimage\"},\"thumbnailUrl\":\"https:\/\/haussmann.galerieslafayette.com\/wp-content\/uploads\/2024\/05\/Banniere-Paradigme.jpg\",\"articleSection\":[\"luxury\",\"Women\",\"Clothing\",\"Universes\"],\"inLanguage\":\"en-US\"},{\"@type\":\"WebPage\",\"@id\":\"https:\/\/haussmann.galerieslafayette.com\/en\/paradigme-presente-leur-pop-up\/\",\"url\":\"https:\/\/haussmann.galerieslafayette.com\/en\/paradigme-presente-leur-pop-up\/\",\"name\":\"Paradigme pr\u00e9sente leur pop up - Galeries Lafayette Paris Haussmann\",\"isPartOf\":{\"@id\":\"https:\/\/haussmann.galerieslafayette.com\/en\/#website\"},\"primaryImageOfPage\":{\"@id\":\"https:\/\/haussmann.galerieslafayette.com\/en\/paradigme-presente-leur-pop-up\/#primaryimage\"},\"image\":{\"@id\":\"https:\/\/haussmann.galerieslafayette.com\/en\/paradigme-presente-leur-pop-up\/#primaryimage\"},\"thumbnailUrl\":\"https:\/\/haussmann.galerieslafayette.com\/wp-content\/uploads\/2024\/05\/Banniere-Paradigme.jpg\",\"datePublished\":\"2024-05-29T15:30:31+00:00\",\"dateModified\":\"2025-02-03T09:12:10+00:00\",\"description\":\"Abadia and The Dropped Collection are pleased to announce their first pop-up at Galeries Lafayette Paris Haussmann during Nouveau Cool.\",\"breadcrumb\":{\"@id\":\"https:\/\/haussmann.galerieslafayette.com\/en\/paradigme-presente-leur-pop-up\/#breadcrumb\"},\"inLanguage\":\"en-US\",\"potentialAction\":[{\"@type\":\"ReadAction\",\"target\":[\"https:\/\/haussmann.galerieslafayette.com\/en\/paradigme-presente-leur-pop-up\/\"]}]},{\"@type\":\"ImageObject\",\"inLanguage\":\"en-US\",\"@id\":\"https:\/\/haussmann.galerieslafayette.com\/en\/paradigme-presente-leur-pop-up\/#primaryimage\",\"url\":\"https:\/\/haussmann.galerieslafayette.com\/wp-content\/uploads\/2024\/05\/Banniere-Paradigme.jpg\",\"contentUrl\":\"https:\/\/haussmann.galerieslafayette.com\/wp-content\/uploads\/2024\/05\/Banniere-Paradigme.jpg\",\"width\":1600,\"height\":594},{\"@type\":\"BreadcrumbList\",\"@id\":\"https:\/\/haussmann.galerieslafayette.com\/en\/paradigme-presente-leur-pop-up\/#breadcrumb\",\"itemListElement\":[{\"@type\":\"ListItem\",\"position\":1,\"name\":\"Home\",\"item\":\"https:\/\/haussmann.galerieslafayette.com\/en\/\"},{\"@type\":\"ListItem\",\"position\":2,\"name\":\"Paradigme pr\u00e9sente leur pop up\"}]},{\"@type\":\"WebSite\",\"@id\":\"https:\/\/haussmann.galerieslafayette.com\/en\/#website\",\"url\":\"https:\/\/haussmann.galerieslafayette.com\/en\/\",\"name\":\"Galeries Lafayette Paris Haussmann\",\"description\":\"La destination mode du shopping parisien\",\"publisher\":{\"@id\":\"https:\/\/haussmann.galerieslafayette.com\/en\/#organization\"},\"potentialAction\":[{\"@type\":\"SearchAction\",\"target\":{\"@type\":\"EntryPoint\",\"urlTemplate\":\"https:\/\/haussmann.galerieslafayette.com\/en\/?s={search_term_string}\"},\"query-input\":{\"@type\":\"PropertyValueSpecification\",\"valueRequired\":true,\"valueName\":\"search_term_string\"}}],\"inLanguage\":\"en-US\"},{\"@type\":\"Organization\",\"@id\":\"https:\/\/haussmann.galerieslafayette.com\/en\/#organization\",\"name\":\"Galeries Lafayette\",\"url\":\"https:\/\/haussmann.galerieslafayette.com\/en\/\",\"logo\":{\"@type\":\"ImageObject\",\"inLanguage\":\"en-US\",\"@id\":\"https:\/\/haussmann.galerieslafayette.com\/en\/#\/schema\/logo\/image\/\",\"url\":\"https:\/\/haussmann.galerieslafayette.com\/wp-content\/uploads\/2021\/03\/GL_LOGO2L_N.jpg\",\"contentUrl\":\"https:\/\/haussmann.galerieslafayette.com\/wp-content\/uploads\/2021\/03\/GL_LOGO2L_N.jpg\",\"width\":1535,\"height\":827,\"caption\":\"Galeries Lafayette\"},\"image\":{\"@id\":\"https:\/\/haussmann.galerieslafayette.com\/en\/#\/schema\/logo\/image\/\"},\"sameAs\":[\"https:\/\/www.facebook.com\/galerieslafayette\/\",\"https:\/\/x.com\/Galeries_Laf\",\"https:\/\/www.instagram.com\/galerieslafayette\/\",\"http:\/\/www.youtube.com\/user\/GaleriesLafayette1\"]},{\"@type\":\"Person\",\"@id\":\"https:\/\/haussmann.galerieslafayette.com\/en\/#\/schema\/person\/e239701fecac3263cb28579922699ab0\",\"name\":\"Jade Delsolle\",\"image\":{\"@type\":\"ImageObject\",\"inLanguage\":\"en-US\",\"@id\":\"https:\/\/haussmann.galerieslafayette.com\/en\/#\/schema\/person\/image\/\",\"url\":\"https:\/\/secure.gravatar.com\/avatar\/bbf33f2906f04820c01ecf1a7c3c12b5aa857128b4d01b9c1d1dcf28bec604b0?s=96&d=mm&r=g\",\"contentUrl\":\"https:\/\/secure.gravatar.com\/avatar\/bbf33f2906f04820c01ecf1a7c3c12b5aa857128b4d01b9c1d1dcf28bec604b0?s=96&d=mm&r=g\",\"caption\":\"Jade Delsolle\"}}]}<\/script>\n<!-- \/ Yoast SEO plugin. -->","yoast_head_json":{"title":"Paradigme pr\u00e9sente leur pop up - Galeries Lafayette Paris Haussmann","description":"Abadia and The Dropped Collection are pleased to announce their first pop-up at Galeries Lafayette Paris Haussmann during Nouveau Cool.","robots":{"index":"noindex","follow":"nofollow"},"og_locale":"en_US","og_type":"article","og_title":"Paradigme pr\u00e9sente leur pop up - Galeries Lafayette Paris Haussmann","og_description":"Abadia and The Dropped Collection are pleased to announce their first pop-up at Galeries Lafayette Paris Haussmann during Nouveau Cool.","og_url":"https:\/\/haussmann.galerieslafayette.com\/en\/paradigme-presente-leur-pop-up\/","og_site_name":"Galeries Lafayette Paris Haussmann","article_publisher":"https:\/\/www.facebook.com\/galerieslafayette\/","article_published_time":"2024-05-29T15:30:31+00:00","article_modified_time":"2025-02-03T09:12:10+00:00","og_image":[{"width":1600,"height":594,"url":"https:\/\/haussmann.galerieslafayette.com\/wp-content\/uploads\/2024\/05\/Banniere-Paradigme.jpg","type":"image\/jpeg"}],"author":"Jade Delsolle","twitter_card":"summary_large_image","twitter_creator":"@Galeries_Laf","twitter_site":"@Galeries_Laf","schema":{"@context":"https:\/\/schema.org","@graph":[{"@type":"Article","@id":"https:\/\/haussmann.galerieslafayette.com\/en\/paradigme-presente-leur-pop-up\/#article","isPartOf":{"@id":"https:\/\/haussmann.galerieslafayette.com\/en\/paradigme-presente-leur-pop-up\/"},"author":{"name":"Jade Delsolle","@id":"https:\/\/haussmann.galerieslafayette.com\/en\/#\/schema\/person\/e239701fecac3263cb28579922699ab0"},"headline":"Paradigme pr\u00e9sente leur pop up","datePublished":"2024-05-29T15:30:31+00:00","dateModified":"2025-02-03T09:12:10+00:00","mainEntityOfPage":{"@id":"https:\/\/haussmann.galerieslafayette.com\/en\/paradigme-presente-leur-pop-up\/"},"wordCount":216,"publisher":{"@id":"https:\/\/haussmann.galerieslafayette.com\/en\/#organization"},"image":{"@id":"https:\/\/haussmann.galerieslafayette.com\/en\/paradigme-presente-leur-pop-up\/#primaryimage"},"thumbnailUrl":"https:\/\/haussmann.galerieslafayette.com\/wp-content\/uploads\/2024\/05\/Banniere-Paradigme.jpg","articleSection":["luxury","Women","Clothing","Universes"],"inLanguage":"en-US"},{"@type":"WebPage","@id":"https:\/\/haussmann.galerieslafayette.com\/en\/paradigme-presente-leur-pop-up\/","url":"https:\/\/haussmann.galerieslafayette.com\/en\/paradigme-presente-leur-pop-up\/","name":"Paradigme pr\u00e9sente leur pop up - Galeries Lafayette Paris Haussmann","isPartOf":{"@id":"https:\/\/haussmann.galerieslafayette.com\/en\/#website"},"primaryImageOfPage":{"@id":"https:\/\/haussmann.galerieslafayette.com\/en\/paradigme-presente-leur-pop-up\/#primaryimage"},"image":{"@id":"https:\/\/haussmann.galerieslafayette.com\/en\/paradigme-presente-leur-pop-up\/#primaryimage"},"thumbnailUrl":"https:\/\/haussmann.galerieslafayette.com\/wp-content\/uploads\/2024\/05\/Banniere-Paradigme.jpg","datePublished":"2024-05-29T15:30:31+00:00","dateModified":"2025-02-03T09:12:10+00:00","description":"Abadia and The Dropped Collection are pleased to announce their first pop-up at Galeries Lafayette Paris Haussmann during Nouveau Cool.","breadcrumb":{"@id":"https:\/\/haussmann.galerieslafayette.com\/en\/paradigme-presente-leur-pop-up\/#breadcrumb"},"inLanguage":"en-US","potentialAction":[{"@type":"ReadAction","target":["https:\/\/haussmann.galerieslafayette.com\/en\/paradigme-presente-leur-pop-up\/"]}]},{"@type":"ImageObject","inLanguage":"en-US","@id":"https:\/\/haussmann.galerieslafayette.com\/en\/paradigme-presente-leur-pop-up\/#primaryimage","url":"https:\/\/haussmann.galerieslafayette.com\/wp-content\/uploads\/2024\/05\/Banniere-Paradigme.jpg","contentUrl":"https:\/\/haussmann.galerieslafayette.com\/wp-content\/uploads\/2024\/05\/Banniere-Paradigme.jpg","width":1600,"height":594},{"@type":"BreadcrumbList","@id":"https:\/\/haussmann.galerieslafayette.com\/en\/paradigme-presente-leur-pop-up\/#breadcrumb","itemListElement":[{"@type":"ListItem","position":1,"name":"Home","item":"https:\/\/haussmann.galerieslafayette.com\/en\/"},{"@type":"ListItem","position":2,"name":"Paradigme pr\u00e9sente leur pop up"}]},{"@type":"WebSite","@id":"https:\/\/haussmann.galerieslafayette.com\/en\/#website","url":"https:\/\/haussmann.galerieslafayette.com\/en\/","name":"Galeries Lafayette Paris Haussmann","description":"La destination mode du shopping parisien","publisher":{"@id":"https:\/\/haussmann.galerieslafayette.com\/en\/#organization"},"potentialAction":[{"@type":"SearchAction","target":{"@type":"EntryPoint","urlTemplate":"https:\/\/haussmann.galerieslafayette.com\/en\/?s={search_term_string}"},"query-input":{"@type":"PropertyValueSpecification","valueRequired":true,"valueName":"search_term_string"}}],"inLanguage":"en-US"},{"@type":"Organization","@id":"https:\/\/haussmann.galerieslafayette.com\/en\/#organization","name":"Galeries Lafayette","url":"https:\/\/haussmann.galerieslafayette.com\/en\/","logo":{"@type":"ImageObject","inLanguage":"en-US","@id":"https:\/\/haussmann.galerieslafayette.com\/en\/#\/schema\/logo\/image\/","url":"https:\/\/haussmann.galerieslafayette.com\/wp-content\/uploads\/2021\/03\/GL_LOGO2L_N.jpg","contentUrl":"https:\/\/haussmann.galerieslafayette.com\/wp-content\/uploads\/2021\/03\/GL_LOGO2L_N.jpg","width":1535,"height":827,"caption":"Galeries Lafayette"},"image":{"@id":"https:\/\/haussmann.galerieslafayette.com\/en\/#\/schema\/logo\/image\/"},"sameAs":["https:\/\/www.facebook.com\/galerieslafayette\/","https:\/\/x.com\/Galeries_Laf","https:\/\/www.instagram.com\/galerieslafayette\/","http:\/\/www.youtube.com\/user\/GaleriesLafayette1"]},{"@type":"Person","@id":"https:\/\/haussmann.galerieslafayette.com\/en\/#\/schema\/person\/e239701fecac3263cb28579922699ab0","name":"Jade Delsolle","image":{"@type":"ImageObject","inLanguage":"en-US","@id":"https:\/\/haussmann.galerieslafayette.com\/en\/#\/schema\/person\/image\/","url":"https:\/\/secure.gravatar.com\/avatar\/bbf33f2906f04820c01ecf1a7c3c12b5aa857128b4d01b9c1d1dcf28bec604b0?s=96&d=mm&r=g","contentUrl":"https:\/\/secure.gravatar.com\/avatar\/bbf33f2906f04820c01ecf1a7c3c12b5aa857128b4d01b9c1d1dcf28bec604b0?s=96&d=mm&r=g","caption":"Jade Delsolle"}}]}},"_links":{"self":[{"href":"https:\/\/haussmann.galerieslafayette.com\/en\/wp-json\/wp\/v2\/posts\/1322894","targetHints":{"allow":["GET"]}}],"collection":[{"href":"https:\/\/haussmann.galerieslafayette.com\/en\/wp-json\/wp\/v2\/posts"}],"about":[{"href":"https:\/\/haussmann.galerieslafayette.com\/en\/wp-json\/wp\/v2\/types\/post"}],"author":[{"embeddable":true,"href":"https:\/\/haussmann.galerieslafayette.com\/en\/wp-json\/wp\/v2\/users\/68"}],"replies":[{"embeddable":true,"href":"https:\/\/haussmann.galerieslafayette.com\/en\/wp-json\/wp\/v2\/comments?post=1322894"}],"version-history":[{"count":6,"href":"https:\/\/haussmann.galerieslafayette.com\/en\/wp-json\/wp\/v2\/posts\/1322894\/revisions"}],"predecessor-version":[{"id":1350648,"href":"https:\/\/haussmann.galerieslafayette.com\/en\/wp-json\/wp\/v2\/posts\/1322894\/revisions\/1350648"}],"wp:featuredmedia":[{"embeddable":true,"href":"https:\/\/haussmann.galerieslafayette.com\/en\/wp-json\/wp\/v2\/media\/1349779"}],"wp:attachment":[{"href":"https:\/\/haussmann.galerieslafayette.com\/en\/wp-json\/wp\/v2\/media?parent=1322894"}],"wp:term":[{"taxonomy":"category","embeddable":true,"href":"https:\/\/haussmann.galerieslafayette.com\/en\/wp-json\/wp\/v2\/categories?post=1322894"},{"taxonomy":"post_tag","embeddable":true,"href":"https:\/\/haussmann.galerieslafayette.com\/en\/wp-json\/wp\/v2\/tags?post=1322894"}],"curies":[{"name":"wp","href":"https:\/\/api.w.org\/{rel}","templated":true}]}}