{"id":1209189,"date":"2013-07-25T00:00:00","date_gmt":"2013-07-24T22:00:00","guid":{"rendered":"https:\/\/haussmann.galerieslafayette.com\/bienvenidos-amantes-de-la-lectura\/"},"modified":"2013-07-25T00:00:00","modified_gmt":"2013-07-24T22:00:00","slug":"bienvenidos-amantes-de-la-lectura","status":"publish","type":"post","link":"https:\/\/haussmann.galerieslafayette.com\/es\/bienvenidos-amantes-de-la-lectura\/","title":{"rendered":"\u00a1Bienvenidos, amantes de la lectura!"},"content":{"rendered":"<p style=\"text-align: justify\">\u00a1En Galer\u00edas Lafayette, hay TAMBI\u00c9N una librer\u00eda!<\/p>\n<p style=\"text-align: justify\"><strong>La librer\u00eda situada en el 6<\/strong><strong><sup>to.<\/sup><\/strong>\u00a0<strong>piso de Lafayette Coupole<\/strong> ofrece a sus visitantes <!--more-->un ambiente luminoso y tranquilo con <strong>todo lo que puede encontrarse en una librer\u00eda general.<\/strong><\/p>\n<p style=\"text-align: justify\"><strong>Desde novelas, ensayos, libros de arte, libros para los j\u00f3venes y c\u00f3mics, hasta gu\u00edas tur\u00edsticas<\/strong>. Entre las selecciones presentes en nuestra librer\u00eda se pueden encontrar tanto libros de actualidad como obras antiguas.<\/p>\n<p style=\"text-align: justify\">Todos los empleados de la librer\u00eda est\u00e1n dispuestos a ofrecer asesoramiento e informaci\u00f3n a la clientela, que adem\u00e1s cuenta con <strong>un servicio de pedido<\/strong> para cualquier encargo espec\u00edfico.<\/p>\n<p style=\"text-align: justify\">La vida de la librer\u00eda transcurre entre encuentros con los autores para dedicar sus ejemplares y encontrarse con sus lectores.<\/p>\n<p style=\"text-align: justify\">Ven a recorrerla. \u00a1No lo dudes, te va a encantar!<\/p>\n<p><a href=\"https:\/\/haussmann.galerieslafayette.com\/wp-content\/uploads\/2013\/07\/librairie1.jpg\"><img fetchpriority=\"high\" decoding=\"async\" class=\"aligncenter size-full wp-image-88792\" src=\"https:\/\/haussmann.galerieslafayette.com\/wp-content\/uploads\/2013\/07\/librairie1.jpg\" alt=\"librairie\" width=\"1277\" height=\"841\" \/><\/a><\/p>\n","protected":false},"excerpt":{"rendered":"<p>\u00a1En Galer\u00edas Lafayette, hay TAMBI\u00c9N una librer\u00eda! La librer\u00eda situada en el 6to.\u00a0piso de Lafayette Coupole ofrece a sus visitantes<\/p>\n","protected":false},"author":1,"featured_media":0,"comment_status":"closed","ping_status":"closed","sticky":false,"template":"","format":"standard","meta":{"_acf_changed":false,"footnotes":""},"categories":[1323,31],"tags":[],"class_list":{"1":"post"},"acf":[],"yoast_head":"<!-- This site is optimized with the Yoast SEO plugin v26.4 - https:\/\/yoast.com\/wordpress\/plugins\/seo\/ -->\n<title>\u00a1Bienvenidos, amantes de la lectura! - Galeries Lafayette Paris Haussmann<\/title>\n<meta name=\"robots\" content=\"index, follow, max-snippet:-1, max-image-preview:large, max-video-preview:-1\" \/>\n<link rel=\"canonical\" href=\"https:\/\/haussmann.galerieslafayette.com\/es\/bienvenidos-amantes-de-la-lectura\/\" \/>\n<meta property=\"og:locale\" content=\"es_ES\" \/>\n<meta property=\"og:type\" content=\"article\" \/>\n<meta property=\"og:title\" content=\"\u00a1Bienvenidos, amantes de la lectura! - Galeries Lafayette Paris Haussmann\" \/>\n<meta property=\"og:description\" content=\"\u00a1En Galer\u00edas Lafayette, hay TAMBI\u00c9N una librer\u00eda! La librer\u00eda situada en el 6to.\u00a0piso de Lafayette Coupole ofrece a sus visitantes\" \/>\n<meta property=\"og:url\" content=\"https:\/\/haussmann.galerieslafayette.com\/es\/bienvenidos-amantes-de-la-lectura\/\" \/>\n<meta property=\"og:site_name\" content=\"Galeries Lafayette Paris Haussmann\" \/>\n<meta property=\"article:publisher\" content=\"https:\/\/www.facebook.com\/galerieslafayette\/\" \/>\n<meta property=\"article:published_time\" content=\"2013-07-24T22:00:00+00:00\" \/>\n<meta property=\"og:image\" content=\"https:\/\/haussmann.galerieslafayette.com\/wp-content\/uploads\/2021\/03\/GL_LOGO2L_N.jpg\" \/>\n\t<meta property=\"og:image:width\" content=\"1535\" \/>\n\t<meta property=\"og:image:height\" content=\"827\" \/>\n\t<meta property=\"og:image:type\" content=\"image\/jpeg\" \/>\n<meta name=\"author\" content=\"Axome\" \/>\n<meta name=\"twitter:card\" content=\"summary_large_image\" \/>\n<meta name=\"twitter:creator\" content=\"@Galeries_Laf\" \/>\n<meta name=\"twitter:site\" content=\"@Galeries_Laf\" \/>\n<script type=\"application\/ld+json\" class=\"yoast-schema-graph\">{\"@context\":\"https:\/\/schema.org\",\"@graph\":[{\"@type\":\"Article\",\"@id\":\"https:\/\/haussmann.galerieslafayette.com\/es\/bienvenidos-amantes-de-la-lectura\/#article\",\"isPartOf\":{\"@id\":\"https:\/\/haussmann.galerieslafayette.com\/es\/bienvenidos-amantes-de-la-lectura\/\"},\"author\":{\"name\":\"Axome\",\"@id\":\"https:\/\/haussmann.galerieslafayette.com\/es\/#\/schema\/person\/f959b188e62132997e7bf05b7825cd81\"},\"headline\":\"\u00a1Bienvenidos, amantes de la lectura!\",\"datePublished\":\"2013-07-24T22:00:00+00:00\",\"mainEntityOfPage\":{\"@id\":\"https:\/\/haussmann.galerieslafayette.com\/es\/bienvenidos-amantes-de-la-lectura\/\"},\"wordCount\":147,\"publisher\":{\"@id\":\"https:\/\/haussmann.galerieslafayette.com\/es\/#organization\"},\"image\":{\"@id\":\"https:\/\/haussmann.galerieslafayette.com\/es\/bienvenidos-amantes-de-la-lectura\/#primaryimage\"},\"thumbnailUrl\":\"https:\/\/haussmann.galerieslafayette.com\/wp-content\/uploads\/2013\/07\/librairie1.jpg\",\"articleSection\":[\"\u00c1rea de Belleza y Cuidado\",\"Sin categorizar\"],\"inLanguage\":\"es\"},{\"@type\":\"WebPage\",\"@id\":\"https:\/\/haussmann.galerieslafayette.com\/es\/bienvenidos-amantes-de-la-lectura\/\",\"url\":\"https:\/\/haussmann.galerieslafayette.com\/es\/bienvenidos-amantes-de-la-lectura\/\",\"name\":\"\u00a1Bienvenidos, amantes de la lectura! - Galeries Lafayette Paris Haussmann\",\"isPartOf\":{\"@id\":\"https:\/\/haussmann.galerieslafayette.com\/es\/#website\"},\"primaryImageOfPage\":{\"@id\":\"https:\/\/haussmann.galerieslafayette.com\/es\/bienvenidos-amantes-de-la-lectura\/#primaryimage\"},\"image\":{\"@id\":\"https:\/\/haussmann.galerieslafayette.com\/es\/bienvenidos-amantes-de-la-lectura\/#primaryimage\"},\"thumbnailUrl\":\"https:\/\/haussmann.galerieslafayette.com\/wp-content\/uploads\/2013\/07\/librairie1.jpg\",\"datePublished\":\"2013-07-24T22:00:00+00:00\",\"breadcrumb\":{\"@id\":\"https:\/\/haussmann.galerieslafayette.com\/es\/bienvenidos-amantes-de-la-lectura\/#breadcrumb\"},\"inLanguage\":\"es\",\"potentialAction\":[{\"@type\":\"ReadAction\",\"target\":[\"https:\/\/haussmann.galerieslafayette.com\/es\/bienvenidos-amantes-de-la-lectura\/\"]}]},{\"@type\":\"ImageObject\",\"inLanguage\":\"es\",\"@id\":\"https:\/\/haussmann.galerieslafayette.com\/es\/bienvenidos-amantes-de-la-lectura\/#primaryimage\",\"url\":\"https:\/\/haussmann.galerieslafayette.com\/wp-content\/uploads\/2013\/07\/librairie1.jpg\",\"contentUrl\":\"https:\/\/haussmann.galerieslafayette.com\/wp-content\/uploads\/2013\/07\/librairie1.jpg\"},{\"@type\":\"BreadcrumbList\",\"@id\":\"https:\/\/haussmann.galerieslafayette.com\/es\/bienvenidos-amantes-de-la-lectura\/#breadcrumb\",\"itemListElement\":[{\"@type\":\"ListItem\",\"position\":1,\"name\":\"Inicio\",\"item\":\"https:\/\/haussmann.galerieslafayette.com\/es\/home-2\/\"},{\"@type\":\"ListItem\",\"position\":2,\"name\":\"\u00c1rea de Belleza y Cuidado\",\"item\":\"https:\/\/haussmann.galerieslafayette.com\/es\/category\/la-wellness-galerie-es\/\"},{\"@type\":\"ListItem\",\"position\":3,\"name\":\"\u00a1Bienvenidos, amantes de la lectura!\"}]},{\"@type\":\"WebSite\",\"@id\":\"https:\/\/haussmann.galerieslafayette.com\/es\/#website\",\"url\":\"https:\/\/haussmann.galerieslafayette.com\/es\/\",\"name\":\"Galeries Lafayette Paris Haussmann\",\"description\":\"La destination mode du shopping parisien\",\"publisher\":{\"@id\":\"https:\/\/haussmann.galerieslafayette.com\/es\/#organization\"},\"potentialAction\":[{\"@type\":\"SearchAction\",\"target\":{\"@type\":\"EntryPoint\",\"urlTemplate\":\"https:\/\/haussmann.galerieslafayette.com\/es\/?s={search_term_string}\"},\"query-input\":{\"@type\":\"PropertyValueSpecification\",\"valueRequired\":true,\"valueName\":\"search_term_string\"}}],\"inLanguage\":\"es\"},{\"@type\":\"Organization\",\"@id\":\"https:\/\/haussmann.galerieslafayette.com\/es\/#organization\",\"name\":\"Galeries Lafayette\",\"url\":\"https:\/\/haussmann.galerieslafayette.com\/es\/\",\"logo\":{\"@type\":\"ImageObject\",\"inLanguage\":\"es\",\"@id\":\"https:\/\/haussmann.galerieslafayette.com\/es\/#\/schema\/logo\/image\/\",\"url\":\"https:\/\/haussmann.galerieslafayette.com\/wp-content\/uploads\/2021\/03\/GL_LOGO2L_N.jpg\",\"contentUrl\":\"https:\/\/haussmann.galerieslafayette.com\/wp-content\/uploads\/2021\/03\/GL_LOGO2L_N.jpg\",\"width\":1535,\"height\":827,\"caption\":\"Galeries Lafayette\"},\"image\":{\"@id\":\"https:\/\/haussmann.galerieslafayette.com\/es\/#\/schema\/logo\/image\/\"},\"sameAs\":[\"https:\/\/www.facebook.com\/galerieslafayette\/\",\"https:\/\/x.com\/Galeries_Laf\",\"https:\/\/www.instagram.com\/galerieslafayette\/\",\"http:\/\/www.youtube.com\/user\/GaleriesLafayette1\"]},{\"@type\":\"Person\",\"@id\":\"https:\/\/haussmann.galerieslafayette.com\/es\/#\/schema\/person\/f959b188e62132997e7bf05b7825cd81\",\"name\":\"Axome\",\"image\":{\"@type\":\"ImageObject\",\"inLanguage\":\"es\",\"@id\":\"https:\/\/haussmann.galerieslafayette.com\/es\/#\/schema\/person\/image\/\",\"url\":\"https:\/\/secure.gravatar.com\/avatar\/bb01757b2a98d512b25f67deccfc979a9cb39fde0b462f27862825e60fd84f26?s=96&d=mm&r=g\",\"contentUrl\":\"https:\/\/secure.gravatar.com\/avatar\/bb01757b2a98d512b25f67deccfc979a9cb39fde0b462f27862825e60fd84f26?s=96&d=mm&r=g\",\"caption\":\"Axome\"},\"sameAs\":[\"https:\/\/haussmann.galerieslafayette.com\"]}]}<\/script>\n<!-- \/ Yoast SEO plugin. -->","yoast_head_json":{"title":"\u00a1Bienvenidos, amantes de la lectura! - Galeries Lafayette Paris Haussmann","robots":{"index":"index","follow":"follow","max-snippet":"max-snippet:-1","max-image-preview":"max-image-preview:large","max-video-preview":"max-video-preview:-1"},"canonical":"https:\/\/haussmann.galerieslafayette.com\/es\/bienvenidos-amantes-de-la-lectura\/","og_locale":"es_ES","og_type":"article","og_title":"\u00a1Bienvenidos, amantes de la lectura! - Galeries Lafayette Paris Haussmann","og_description":"\u00a1En Galer\u00edas Lafayette, hay TAMBI\u00c9N una librer\u00eda! La librer\u00eda situada en el 6to.\u00a0piso de Lafayette Coupole ofrece a sus visitantes","og_url":"https:\/\/haussmann.galerieslafayette.com\/es\/bienvenidos-amantes-de-la-lectura\/","og_site_name":"Galeries Lafayette Paris Haussmann","article_publisher":"https:\/\/www.facebook.com\/galerieslafayette\/","article_published_time":"2013-07-24T22:00:00+00:00","og_image":[{"width":1535,"height":827,"url":"https:\/\/haussmann.galerieslafayette.com\/wp-content\/uploads\/2021\/03\/GL_LOGO2L_N.jpg","type":"image\/jpeg"}],"author":"Axome","twitter_card":"summary_large_image","twitter_creator":"@Galeries_Laf","twitter_site":"@Galeries_Laf","schema":{"@context":"https:\/\/schema.org","@graph":[{"@type":"Article","@id":"https:\/\/haussmann.galerieslafayette.com\/es\/bienvenidos-amantes-de-la-lectura\/#article","isPartOf":{"@id":"https:\/\/haussmann.galerieslafayette.com\/es\/bienvenidos-amantes-de-la-lectura\/"},"author":{"name":"Axome","@id":"https:\/\/haussmann.galerieslafayette.com\/es\/#\/schema\/person\/f959b188e62132997e7bf05b7825cd81"},"headline":"\u00a1Bienvenidos, amantes de la lectura!","datePublished":"2013-07-24T22:00:00+00:00","mainEntityOfPage":{"@id":"https:\/\/haussmann.galerieslafayette.com\/es\/bienvenidos-amantes-de-la-lectura\/"},"wordCount":147,"publisher":{"@id":"https:\/\/haussmann.galerieslafayette.com\/es\/#organization"},"image":{"@id":"https:\/\/haussmann.galerieslafayette.com\/es\/bienvenidos-amantes-de-la-lectura\/#primaryimage"},"thumbnailUrl":"https:\/\/haussmann.galerieslafayette.com\/wp-content\/uploads\/2013\/07\/librairie1.jpg","articleSection":["\u00c1rea de Belleza y Cuidado","Sin categorizar"],"inLanguage":"es"},{"@type":"WebPage","@id":"https:\/\/haussmann.galerieslafayette.com\/es\/bienvenidos-amantes-de-la-lectura\/","url":"https:\/\/haussmann.galerieslafayette.com\/es\/bienvenidos-amantes-de-la-lectura\/","name":"\u00a1Bienvenidos, amantes de la lectura! - Galeries Lafayette Paris Haussmann","isPartOf":{"@id":"https:\/\/haussmann.galerieslafayette.com\/es\/#website"},"primaryImageOfPage":{"@id":"https:\/\/haussmann.galerieslafayette.com\/es\/bienvenidos-amantes-de-la-lectura\/#primaryimage"},"image":{"@id":"https:\/\/haussmann.galerieslafayette.com\/es\/bienvenidos-amantes-de-la-lectura\/#primaryimage"},"thumbnailUrl":"https:\/\/haussmann.galerieslafayette.com\/wp-content\/uploads\/2013\/07\/librairie1.jpg","datePublished":"2013-07-24T22:00:00+00:00","breadcrumb":{"@id":"https:\/\/haussmann.galerieslafayette.com\/es\/bienvenidos-amantes-de-la-lectura\/#breadcrumb"},"inLanguage":"es","potentialAction":[{"@type":"ReadAction","target":["https:\/\/haussmann.galerieslafayette.com\/es\/bienvenidos-amantes-de-la-lectura\/"]}]},{"@type":"ImageObject","inLanguage":"es","@id":"https:\/\/haussmann.galerieslafayette.com\/es\/bienvenidos-amantes-de-la-lectura\/#primaryimage","url":"https:\/\/haussmann.galerieslafayette.com\/wp-content\/uploads\/2013\/07\/librairie1.jpg","contentUrl":"https:\/\/haussmann.galerieslafayette.com\/wp-content\/uploads\/2013\/07\/librairie1.jpg"},{"@type":"BreadcrumbList","@id":"https:\/\/haussmann.galerieslafayette.com\/es\/bienvenidos-amantes-de-la-lectura\/#breadcrumb","itemListElement":[{"@type":"ListItem","position":1,"name":"Inicio","item":"https:\/\/haussmann.galerieslafayette.com\/es\/home-2\/"},{"@type":"ListItem","position":2,"name":"\u00c1rea de Belleza y Cuidado","item":"https:\/\/haussmann.galerieslafayette.com\/es\/category\/la-wellness-galerie-es\/"},{"@type":"ListItem","position":3,"name":"\u00a1Bienvenidos, amantes de la lectura!"}]},{"@type":"WebSite","@id":"https:\/\/haussmann.galerieslafayette.com\/es\/#website","url":"https:\/\/haussmann.galerieslafayette.com\/es\/","name":"Galeries Lafayette Paris Haussmann","description":"La destination mode du shopping parisien","publisher":{"@id":"https:\/\/haussmann.galerieslafayette.com\/es\/#organization"},"potentialAction":[{"@type":"SearchAction","target":{"@type":"EntryPoint","urlTemplate":"https:\/\/haussmann.galerieslafayette.com\/es\/?s={search_term_string}"},"query-input":{"@type":"PropertyValueSpecification","valueRequired":true,"valueName":"search_term_string"}}],"inLanguage":"es"},{"@type":"Organization","@id":"https:\/\/haussmann.galerieslafayette.com\/es\/#organization","name":"Galeries Lafayette","url":"https:\/\/haussmann.galerieslafayette.com\/es\/","logo":{"@type":"ImageObject","inLanguage":"es","@id":"https:\/\/haussmann.galerieslafayette.com\/es\/#\/schema\/logo\/image\/","url":"https:\/\/haussmann.galerieslafayette.com\/wp-content\/uploads\/2021\/03\/GL_LOGO2L_N.jpg","contentUrl":"https:\/\/haussmann.galerieslafayette.com\/wp-content\/uploads\/2021\/03\/GL_LOGO2L_N.jpg","width":1535,"height":827,"caption":"Galeries Lafayette"},"image":{"@id":"https:\/\/haussmann.galerieslafayette.com\/es\/#\/schema\/logo\/image\/"},"sameAs":["https:\/\/www.facebook.com\/galerieslafayette\/","https:\/\/x.com\/Galeries_Laf","https:\/\/www.instagram.com\/galerieslafayette\/","http:\/\/www.youtube.com\/user\/GaleriesLafayette1"]},{"@type":"Person","@id":"https:\/\/haussmann.galerieslafayette.com\/es\/#\/schema\/person\/f959b188e62132997e7bf05b7825cd81","name":"Axome","image":{"@type":"ImageObject","inLanguage":"es","@id":"https:\/\/haussmann.galerieslafayette.com\/es\/#\/schema\/person\/image\/","url":"https:\/\/secure.gravatar.com\/avatar\/bb01757b2a98d512b25f67deccfc979a9cb39fde0b462f27862825e60fd84f26?s=96&d=mm&r=g","contentUrl":"https:\/\/secure.gravatar.com\/avatar\/bb01757b2a98d512b25f67deccfc979a9cb39fde0b462f27862825e60fd84f26?s=96&d=mm&r=g","caption":"Axome"},"sameAs":["https:\/\/haussmann.galerieslafayette.com"]}]}},"_links":{"self":[{"href":"https:\/\/haussmann.galerieslafayette.com\/es\/wp-json\/wp\/v2\/posts\/1209189","targetHints":{"allow":["GET"]}}],"collection":[{"href":"https:\/\/haussmann.galerieslafayette.com\/es\/wp-json\/wp\/v2\/posts"}],"about":[{"href":"https:\/\/haussmann.galerieslafayette.com\/es\/wp-json\/wp\/v2\/types\/post"}],"author":[{"embeddable":true,"href":"https:\/\/haussmann.galerieslafayette.com\/es\/wp-json\/wp\/v2\/users\/1"}],"replies":[{"embeddable":true,"href":"https:\/\/haussmann.galerieslafayette.com\/es\/wp-json\/wp\/v2\/comments?post=1209189"}],"version-history":[{"count":0,"href":"https:\/\/haussmann.galerieslafayette.com\/es\/wp-json\/wp\/v2\/posts\/1209189\/revisions"}],"wp:attachment":[{"href":"https:\/\/haussmann.galerieslafayette.com\/es\/wp-json\/wp\/v2\/media?parent=1209189"}],"wp:term":[{"taxonomy":"category","embeddable":true,"href":"https:\/\/haussmann.galerieslafayette.com\/es\/wp-json\/wp\/v2\/categories?post=1209189"},{"taxonomy":"post_tag","embeddable":true,"href":"https:\/\/haussmann.galerieslafayette.com\/es\/wp-json\/wp\/v2\/tags?post=1209189"}],"curies":[{"name":"wp","href":"https:\/\/api.w.org\/{rel}","templated":true}]}}