{"id":1209291,"date":"2026-09-02T11:06:19","date_gmt":"2026-09-02T09:06:19","guid":{"rendered":"https:\/\/haussmann.galerieslafayette.com\/?p=1209291"},"modified":"2026-09-02T11:06:22","modified_gmt":"2026-09-02T09:06:22","slug":"popup-celine-dion","status":"publish","type":"post","link":"https:\/\/haussmann.galerieslafayette.com\/es\/popup-celine-dion\/","title":{"rendered":"C\u00e9line Dion en las Galeries Lafayette Paris Haussmann"},"content":{"rendered":"\n<div class=\"wp-block-columns has-background is-layout-flex wp-container-core-columns-is-layout-28f84493 wp-block-columns-is-layout-flex\" style=\"background-color:#f5f5f5\">\n<div class=\"wp-block-column is-layout-flow wp-block-column-is-layout-flow\" style=\"flex-basis:1%\"><\/div>\n\n\n\n<div class=\"wp-block-column has-background is-layout-flow wp-block-column-is-layout-flow\" style=\"background-color:#f0f0f000\">\n<div style=\"height:10px\" aria-hidden=\"true\" class=\"wp-block-spacer\"><\/div>\n\n\n\n<h2 class=\"wp-block-heading has-text-align-center has-black-color has-text-color has-link-color wp-elements-223b651dde47e63fe3ddcc0295b40cfd\">Una pop-up exclusiva para el gran regreso del \u00edcono<\/h2>\n\n\n\n<div class=\"wp-block-group is-layout-constrained wp-block-group-is-layout-constrained\">\n<figure class=\"wp-block-image aligncenter size-full is-resized\"><img fetchpriority=\"high\" decoding=\"async\" width=\"1500\" height=\"844\" src=\"https:\/\/haussmann.galerieslafayette.com\/wp-content\/uploads\/2014\/10\/celinedion.jpg\" alt=\"\" class=\"wp-image-1393873\" style=\"width:523px;height:auto\" srcset=\"https:\/\/haussmann.galerieslafayette.com\/wp-content\/uploads\/2014\/10\/celinedion.jpg 1500w, https:\/\/haussmann.galerieslafayette.com\/wp-content\/uploads\/2014\/10\/celinedion-300x169.jpg 300w, https:\/\/haussmann.galerieslafayette.com\/wp-content\/uploads\/2014\/10\/celinedion-1024x576.jpg 1024w, https:\/\/haussmann.galerieslafayette.com\/wp-content\/uploads\/2014\/10\/celinedion-768x432.jpg 768w\" sizes=\"(max-width: 1500px) 100vw, 1500px\" \/><\/figure>\n<\/div>\n\n\n\n<p class=\"has-text-align-center has-black-color has-text-color has-link-color wp-elements-9f9cb9fc83fde6e08b35eeb46123716e\">Inspirada en el camerino de maquillaje de C\u00e9line Dion, este espacio inmersivo, creado en colaboraci\u00f3n con A&amp;R Studios (el estudio creativo de Universal Music France), invita a los visitantes a adentrarse en su mundo, en pleno coraz\u00f3n del templo parisino de la moda.<\/p>\n\n\n\n<p class=\"has-text-align-center has-black-color has-text-color has-link-color wp-elements-00ccf2bbac9a99411f992a756d39ae6b\"><em>\u00abLos conciertos de C\u00e9line Dion representan un momento clave para el atractivo de Par\u00eds y del boulevard Haussmann. Estamos muy felices de acoger esta pop-up exclusiva en las Galeries Lafayette, un destino donde la cultura y la moda se encuentran de forma natural y donde los grandes acontecimientos se prolongan a trav\u00e9s de experiencias y colaboraciones in\u00e9ditas\u00bb. Alexandre Liot, Director General Adjunto de las Galeries Lafayette.<\/em><\/p>\n\n\n\n<div style=\"height:10px\" aria-hidden=\"true\" class=\"wp-block-spacer\"><\/div>\n<\/div>\n\n\n\n<div class=\"wp-block-column is-layout-flow wp-block-column-is-layout-flow\" style=\"flex-basis:1%\"><\/div>\n<\/div>\n\n\n\n<div style=\"height:50px\" aria-hidden=\"true\" class=\"wp-block-spacer\"><\/div>\n\n\n\n<h2 class=\"wp-block-heading\"><strong>Una selecci\u00f3n entre moda, m\u00fasica y gastronom\u00eda<\/strong><\/h2>\n\n\n\n<p>Del 3 de septiembre al 5 de octubre de 2026, los visitantes podr\u00e1n descubrir productos in\u00e9ditos con la imagen de una de las m\u00e1s grandes artistas de nuestro tiempo. Compuesta por creaciones desarrolladas para la ocasi\u00f3n y colaboraciones exclusivas con Maje y Pierre Herm\u00e9 Paris, esta pop-up invita a todos a apropiarse del universo atemporal de C\u00e9line Dion. Camisetas, bolsas de tela, vinilos, cajas de macarons\u2026 esta selecci\u00f3n de piezas emblem\u00e1ticas celebra su v\u00ednculo indestructible con Par\u00eds y confirma su estatus de \u00edcono cultural mundial.<\/p>\n\n\n\n<p>\u00abComo actor cultural, para nosotros es importante dise\u00f1ar momentos privilegiados para los fans, basados en conceptos creados a medida, pero tambi\u00e9n en experiencias que enriquecen el di\u00e1logo emocional que mantienen con los artistas. Desde la concepci\u00f3n de la pop-up hasta la selecci\u00f3n de las colaboraciones que la acompa\u00f1an, hemos querido, junto con el equipo de A&amp;R Studios, imaginar una experiencia inmersiva capaz de prolongar la emoci\u00f3n de los conciertos de C\u00e9line Dion y de reunir a los fans en torno a su universo.\u00bb Thibault Kuhlmann, Director General y Xavier M\u00e9vellec, Director General Adjunto de A&amp;R Studios, Universal Music France.<\/p>\n\n\n\n<p>Durante toda la operaci\u00f3n, los visitantes de la pop-up tendr\u00e1n la posibilidad de escanear un c\u00f3digo QR para intentar ganar uno de los cuatro pares de entradas sorteados para los conciertos de C\u00e9line Dion, convirtiendo esta tienda en el mejor lugar para intentar asistir.<\/p>\n\n\n\n<p>Este evento se enmarca en la relaci\u00f3n estrat\u00e9gica desarrollada entre A&amp;R Studios y las Galeries Lafayette Paris Haussmann en torno a experiencias culturales exclusivas.<\/p>\n\n\n\n<div style=\"height:50px\" aria-hidden=\"true\" class=\"wp-block-spacer\"><\/div>\n\n\n\n<h2 class=\"wp-block-heading\"><strong>Productos exclusivos disponibles en tienda<\/strong><\/h2>\n\n\n\n<div class=\"wp-block-columns is-layout-flex wp-container-core-columns-is-layout-28f84493 wp-block-columns-is-layout-flex\">\n<div class=\"wp-block-column is-layout-flow wp-block-column-is-layout-flow\">\n<figure class=\"wp-block-image size-full\"><img decoding=\"async\" width=\"1500\" height=\"1532\" src=\"https:\/\/haussmann.galerieslafayette.com\/wp-content\/uploads\/2014\/10\/PHOTOS_PRESSE_CD_FOULARD.jpg\" alt=\"\" class=\"wp-image-1393865\" srcset=\"https:\/\/haussmann.galerieslafayette.com\/wp-content\/uploads\/2014\/10\/PHOTOS_PRESSE_CD_FOULARD.jpg 1500w, https:\/\/haussmann.galerieslafayette.com\/wp-content\/uploads\/2014\/10\/PHOTOS_PRESSE_CD_FOULARD-294x300.jpg 294w, https:\/\/haussmann.galerieslafayette.com\/wp-content\/uploads\/2014\/10\/PHOTOS_PRESSE_CD_FOULARD-1003x1024.jpg 1003w, https:\/\/haussmann.galerieslafayette.com\/wp-content\/uploads\/2014\/10\/PHOTOS_PRESSE_CD_FOULARD-768x784.jpg 768w\" sizes=\"(max-width: 1500px) 100vw, 1500px\" \/><figcaption class=\"wp-element-caption\"><strong>PA\u00d1UELO EFECTO SEDA <\/strong><br><strong>45 \u20ac<\/strong><\/figcaption><\/figure>\n<\/div>\n\n\n\n<div class=\"wp-block-column is-layout-flow wp-block-column-is-layout-flow\">\n<figure class=\"wp-block-image size-full\"><img decoding=\"async\" width=\"1500\" height=\"1532\" src=\"https:\/\/haussmann.galerieslafayette.com\/wp-content\/uploads\/2014\/10\/PHOTO_PRESSE_CD_TS_BLANC.jpg\" alt=\"\" class=\"wp-image-1393866\" srcset=\"https:\/\/haussmann.galerieslafayette.com\/wp-content\/uploads\/2014\/10\/PHOTO_PRESSE_CD_TS_BLANC.jpg 1500w, https:\/\/haussmann.galerieslafayette.com\/wp-content\/uploads\/2014\/10\/PHOTO_PRESSE_CD_TS_BLANC-294x300.jpg 294w, https:\/\/haussmann.galerieslafayette.com\/wp-content\/uploads\/2014\/10\/PHOTO_PRESSE_CD_TS_BLANC-1003x1024.jpg 1003w, https:\/\/haussmann.galerieslafayette.com\/wp-content\/uploads\/2014\/10\/PHOTO_PRESSE_CD_TS_BLANC-768x784.jpg 768w\" sizes=\"(max-width: 1500px) 100vw, 1500px\" \/><figcaption class=\"wp-element-caption\"><strong>CAMISETA BLANCA \u00abI LOVE PARIS C\u00c9LINE\u00bb <\/strong><br><strong>45 \u20ac<\/strong><\/figcaption><\/figure>\n<\/div>\n\n\n\n<div class=\"wp-block-column is-layout-flow wp-block-column-is-layout-flow\">\n<figure class=\"wp-block-image size-full\"><img loading=\"lazy\" decoding=\"async\" width=\"1468\" height=\"1500\" src=\"https:\/\/haussmann.galerieslafayette.com\/wp-content\/uploads\/2014\/10\/PHOTO_PRESSE_CD_CARTE_POSTALE.jpg\" alt=\"\" class=\"wp-image-1393867\" srcset=\"https:\/\/haussmann.galerieslafayette.com\/wp-content\/uploads\/2014\/10\/PHOTO_PRESSE_CD_CARTE_POSTALE.jpg 1468w, https:\/\/haussmann.galerieslafayette.com\/wp-content\/uploads\/2014\/10\/PHOTO_PRESSE_CD_CARTE_POSTALE-294x300.jpg 294w, https:\/\/haussmann.galerieslafayette.com\/wp-content\/uploads\/2014\/10\/PHOTO_PRESSE_CD_CARTE_POSTALE-1002x1024.jpg 1002w, https:\/\/haussmann.galerieslafayette.com\/wp-content\/uploads\/2014\/10\/PHOTO_PRESSE_CD_CARTE_POSTALE-768x785.jpg 768w\" sizes=\"(max-width: 1468px) 100vw, 1468px\" \/><figcaption class=\"wp-element-caption\"><strong>TARJETA POSTAL x3 <br>12 \u20ac<\/strong><\/figcaption><\/figure>\n<\/div>\n\n\n\n<div class=\"wp-block-column is-layout-flow wp-block-column-is-layout-flow\">\n<figure class=\"wp-block-image size-full\"><img loading=\"lazy\" decoding=\"async\" width=\"1500\" height=\"1532\" src=\"https:\/\/haussmann.galerieslafayette.com\/wp-content\/uploads\/2014\/10\/PHOTOS_PRESSE_CD_GANT.jpg\" alt=\"\" class=\"wp-image-1393868\" srcset=\"https:\/\/haussmann.galerieslafayette.com\/wp-content\/uploads\/2014\/10\/PHOTOS_PRESSE_CD_GANT.jpg 1500w, https:\/\/haussmann.galerieslafayette.com\/wp-content\/uploads\/2014\/10\/PHOTOS_PRESSE_CD_GANT-294x300.jpg 294w, https:\/\/haussmann.galerieslafayette.com\/wp-content\/uploads\/2014\/10\/PHOTOS_PRESSE_CD_GANT-1003x1024.jpg 1003w, https:\/\/haussmann.galerieslafayette.com\/wp-content\/uploads\/2014\/10\/PHOTOS_PRESSE_CD_GANT-768x784.jpg 768w\" sizes=\"(max-width: 1500px) 100vw, 1500px\" \/><figcaption class=\"wp-element-caption\"><strong>GUANTES DE CUERO <\/strong><br><strong>135 \u20ac<\/strong><\/figcaption><\/figure>\n<\/div>\n<\/div>\n\n\n\n<div class=\"wp-block-columns is-layout-flex wp-container-core-columns-is-layout-28f84493 wp-block-columns-is-layout-flex\">\n<div class=\"wp-block-column is-layout-flow wp-block-column-is-layout-flow\">\n<figure class=\"wp-block-image size-full\"><img loading=\"lazy\" decoding=\"async\" width=\"2880\" height=\"2880\" src=\"https:\/\/haussmann.galerieslafayette.com\/wp-content\/uploads\/2014\/10\/carre-1.jpg\" alt=\"\" class=\"wp-image-1393869\" srcset=\"https:\/\/haussmann.galerieslafayette.com\/wp-content\/uploads\/2014\/10\/carre-1.jpg 2880w, https:\/\/haussmann.galerieslafayette.com\/wp-content\/uploads\/2014\/10\/carre-1-300x300.jpg 300w, https:\/\/haussmann.galerieslafayette.com\/wp-content\/uploads\/2014\/10\/carre-1-1024x1024.jpg 1024w, https:\/\/haussmann.galerieslafayette.com\/wp-content\/uploads\/2014\/10\/carre-1-150x150.jpg 150w, https:\/\/haussmann.galerieslafayette.com\/wp-content\/uploads\/2014\/10\/carre-1-768x768.jpg 768w, https:\/\/haussmann.galerieslafayette.com\/wp-content\/uploads\/2014\/10\/carre-1-1536x1536.jpg 1536w, https:\/\/haussmann.galerieslafayette.com\/wp-content\/uploads\/2014\/10\/carre-1-2048x2048.jpg 2048w\" sizes=\"(max-width: 2880px) 100vw, 2880px\" \/><figcaption class=\"wp-element-caption\"><strong>CAMISETA DE ALGOD\u00d3N \u00abTICKETS\u00bb, C\u00c9LINE DION PARIS 2026 X MAJE EXCLUSIVA <\/strong><br><strong>125 \u20ac<\/strong><\/figcaption><\/figure>\n<\/div>\n\n\n\n<div class=\"wp-block-column is-layout-flow wp-block-column-is-layout-flow\">\n<figure class=\"wp-block-image size-full\"><img loading=\"lazy\" decoding=\"async\" width=\"3275\" height=\"3275\" src=\"https:\/\/haussmann.galerieslafayette.com\/wp-content\/uploads\/2014\/10\/2607-PH-C_DION-01_retouchee.jpg\" alt=\"\" class=\"wp-image-1393870\" srcset=\"https:\/\/haussmann.galerieslafayette.com\/wp-content\/uploads\/2014\/10\/2607-PH-C_DION-01_retouchee.jpg 3275w, https:\/\/haussmann.galerieslafayette.com\/wp-content\/uploads\/2014\/10\/2607-PH-C_DION-01_retouchee-300x300.jpg 300w, https:\/\/haussmann.galerieslafayette.com\/wp-content\/uploads\/2014\/10\/2607-PH-C_DION-01_retouchee-1024x1024.jpg 1024w, https:\/\/haussmann.galerieslafayette.com\/wp-content\/uploads\/2014\/10\/2607-PH-C_DION-01_retouchee-150x150.jpg 150w, https:\/\/haussmann.galerieslafayette.com\/wp-content\/uploads\/2014\/10\/2607-PH-C_DION-01_retouchee-768x768.jpg 768w, https:\/\/haussmann.galerieslafayette.com\/wp-content\/uploads\/2014\/10\/2607-PH-C_DION-01_retouchee-1536x1536.jpg 1536w, https:\/\/haussmann.galerieslafayette.com\/wp-content\/uploads\/2014\/10\/2607-PH-C_DION-01_retouchee-2048x2048.jpg 2048w\" sizes=\"(max-width: 3275px) 100vw, 3275px\" \/><figcaption class=\"wp-element-caption\"><strong>CAJA DE MACARONS, C\u00c9LINE DION PARIS 2026 X PIERRE HERM\u00c9 <\/strong><br><strong>x4 &#8211; 25 \u20ac o x8 &#8211; 38 \u20ac<\/strong><\/figcaption><\/figure>\n<\/div>\n\n\n\n<div class=\"wp-block-column is-layout-flow wp-block-column-is-layout-flow\">\n<figure class=\"wp-block-image size-full\"><img loading=\"lazy\" decoding=\"async\" width=\"1500\" height=\"1532\" src=\"https:\/\/haussmann.galerieslafayette.com\/wp-content\/uploads\/2014\/10\/CD_SAC-.jpg\" alt=\"\" class=\"wp-image-1393871\" srcset=\"https:\/\/haussmann.galerieslafayette.com\/wp-content\/uploads\/2014\/10\/CD_SAC-.jpg 1500w, https:\/\/haussmann.galerieslafayette.com\/wp-content\/uploads\/2014\/10\/CD_SAC--294x300.jpg 294w, https:\/\/haussmann.galerieslafayette.com\/wp-content\/uploads\/2014\/10\/CD_SAC--1003x1024.jpg 1003w, https:\/\/haussmann.galerieslafayette.com\/wp-content\/uploads\/2014\/10\/CD_SAC--768x784.jpg 768w\" sizes=\"(max-width: 1500px) 100vw, 1500px\" \/><figcaption class=\"wp-element-caption\"><strong>BOLSA DE COMPRAS <br>65 \u20ac<\/strong><\/figcaption><\/figure>\n<\/div>\n\n\n\n<div class=\"wp-block-column is-layout-flow wp-block-column-is-layout-flow\">\n<figure class=\"wp-block-image size-full\"><img loading=\"lazy\" decoding=\"async\" width=\"2880\" height=\"2880\" src=\"https:\/\/haussmann.galerieslafayette.com\/wp-content\/uploads\/2014\/10\/carre.jpg\" alt=\"\" class=\"wp-image-1393872\" srcset=\"https:\/\/haussmann.galerieslafayette.com\/wp-content\/uploads\/2014\/10\/carre.jpg 2880w, https:\/\/haussmann.galerieslafayette.com\/wp-content\/uploads\/2014\/10\/carre-300x300.jpg 300w, https:\/\/haussmann.galerieslafayette.com\/wp-content\/uploads\/2014\/10\/carre-1024x1024.jpg 1024w, https:\/\/haussmann.galerieslafayette.com\/wp-content\/uploads\/2014\/10\/carre-150x150.jpg 150w, https:\/\/haussmann.galerieslafayette.com\/wp-content\/uploads\/2014\/10\/carre-768x768.jpg 768w, https:\/\/haussmann.galerieslafayette.com\/wp-content\/uploads\/2014\/10\/carre-1536x1536.jpg 1536w, https:\/\/haussmann.galerieslafayette.com\/wp-content\/uploads\/2014\/10\/carre-2048x2048.jpg 2048w\" sizes=\"(max-width: 2880px) 100vw, 2880px\" \/><figcaption class=\"wp-element-caption\"><strong>VINILO \u00abLIVE \u00c0 PARIS\u00bb, EXCLUSIVO <br>40 \u20ac<\/strong><\/figcaption><\/figure>\n<\/div>\n<\/div>\n\n\n\n<div style=\"height:50px\" aria-hidden=\"true\" class=\"wp-block-spacer\"><\/div>\n\n\n\n<p class=\"has-text-align-center\"><strong>\ud83d\udccd 3.er piso de la tienda Coupole<\/strong><br>40 Boulevard Haussmann, 75009 PARIS<\/p>\n","protected":false},"excerpt":{"rendered":"<p>\u00cdcono internacional de la canci\u00f3n, C\u00e9line Dion regresa a Par\u00eds para una residencia excepcional en edici\u00f3n limitada en la Pl\u00e9nitude Ar\u00e9na. Para celebrar su esperado regreso a los escenarios tras 6 a\u00f1os de ausencia, las Galeries Lafayette Paris Haussmann se complacen en acoger una tienda pop-up dedicada al universo de la artista del 3 de septiembre al 5 de octubre de 2026.<\/p>\n","protected":false},"author":79,"featured_media":1393898,"comment_status":"closed","ping_status":"closed","sticky":false,"template":"","format":"standard","meta":{"_acf_changed":false,"footnotes":""},"categories":[1342,659],"tags":[],"class_list":{"1":"post","5":"has-post-thumbnail"},"acf":[],"yoast_head":"<!-- This site is optimized with the Yoast SEO plugin v28.1 - https:\/\/yoast.com\/product\/yoast-seo-wordpress\/ -->\n<title>Pop-up de C\u00e9line Dion - Galeries Lafayette Paris Haussmann<\/title>\n<meta name=\"description\" content=\"\u00a1Tras 6 a\u00f1os de ausencia, C\u00e9line Dion regresa a Par\u00eds! Del 3 de septiembre al 5 de octubre de 2026, descubre una tienda pop-up exclusiva en las Galeries Lafayette Paris Haussmann.\" \/>\n<meta name=\"robots\" content=\"index, follow, max-snippet:-1, max-image-preview:large, max-video-preview:-1\" \/>\n<link rel=\"canonical\" href=\"https:\/\/haussmann.galerieslafayette.com\/es\/popup-celine-dion\/\" \/>\n<meta property=\"og:locale\" content=\"es_ES\" \/>\n<meta property=\"og:type\" content=\"article\" \/>\n<meta property=\"og:title\" content=\"Pop-up de C\u00e9line Dion - Galeries Lafayette Paris Haussmann\" \/>\n<meta property=\"og:description\" content=\"\u00a1Tras 6 a\u00f1os de ausencia, C\u00e9line Dion regresa a Par\u00eds! Del 3 de septiembre al 5 de octubre de 2026, descubre una tienda pop-up exclusiva en las Galeries Lafayette Paris Haussmann.\" \/>\n<meta property=\"og:url\" content=\"https:\/\/haussmann.galerieslafayette.com\/es\/popup-celine-dion\/\" \/>\n<meta property=\"og:site_name\" content=\"Galeries Lafayette Paris Haussmann\" \/>\n<meta property=\"article:publisher\" content=\"https:\/\/www.facebook.com\/galerieslafayette\/\" \/>\n<meta property=\"article:published_time\" content=\"2026-09-02T09:06:19+00:00\" \/>\n<meta property=\"article:modified_time\" content=\"2026-09-02T09:06:22+00:00\" \/>\n<meta property=\"og:image\" content=\"https:\/\/haussmann.galerieslafayette.com\/wp-content\/uploads\/2014\/10\/HSM-Encemoment-PopupCelineDion-Desktop-1.jpg\" \/>\n\t<meta property=\"og:image:width\" content=\"2880\" \/>\n\t<meta property=\"og:image:height\" content=\"1185\" \/>\n\t<meta property=\"og:image:type\" content=\"image\/jpeg\" \/>\n<meta name=\"author\" content=\"Margaux PESSE\" \/>\n<meta name=\"twitter:card\" content=\"summary_large_image\" \/>\n<meta name=\"twitter:creator\" content=\"@Galeries_Laf\" \/>\n<meta name=\"twitter:site\" content=\"@Galeries_Laf\" \/>\n<script type=\"application\/ld+json\" class=\"yoast-schema-graph\">{\"@context\":\"https:\\\/\\\/schema.org\",\"@graph\":[{\"@type\":\"Article\",\"@id\":\"https:\\\/\\\/haussmann.galerieslafayette.com\\\/es\\\/popup-celine-dion\\\/#article\",\"isPartOf\":{\"@id\":\"https:\\\/\\\/haussmann.galerieslafayette.com\\\/es\\\/popup-celine-dion\\\/\"},\"author\":{\"name\":\"Margaux PESSE\",\"@id\":\"https:\\\/\\\/haussmann.galerieslafayette.com\\\/es\\\/#\\\/schema\\\/person\\\/e572cf0a0fd3c3bfc2ba7cba7767110e\"},\"headline\":\"C\u00e9line Dion en las Galeries Lafayette Paris Haussmann\",\"datePublished\":\"2026-09-02T09:06:19+00:00\",\"dateModified\":\"2026-09-02T09:06:22+00:00\",\"mainEntityOfPage\":{\"@id\":\"https:\\\/\\\/haussmann.galerieslafayette.com\\\/es\\\/popup-celine-dion\\\/\"},\"wordCount\":490,\"publisher\":{\"@id\":\"https:\\\/\\\/haussmann.galerieslafayette.com\\\/es\\\/#organization\"},\"image\":{\"@id\":\"https:\\\/\\\/haussmann.galerieslafayette.com\\\/es\\\/popup-celine-dion\\\/#primaryimage\"},\"thumbnailUrl\":\"https:\\\/\\\/haussmann.galerieslafayette.com\\\/wp-content\\\/uploads\\\/2014\\\/10\\\/HSM-Encemoment-PopupCelineDion-Desktop-1.jpg\",\"articleSection\":[\"Arte y cultura\",\"Universos\"],\"inLanguage\":\"es\"},{\"@type\":\"WebPage\",\"@id\":\"https:\\\/\\\/haussmann.galerieslafayette.com\\\/es\\\/popup-celine-dion\\\/\",\"url\":\"https:\\\/\\\/haussmann.galerieslafayette.com\\\/es\\\/popup-celine-dion\\\/\",\"name\":\"Pop-up de C\u00e9line Dion - Galeries Lafayette Paris Haussmann\",\"isPartOf\":{\"@id\":\"https:\\\/\\\/haussmann.galerieslafayette.com\\\/es\\\/#website\"},\"primaryImageOfPage\":{\"@id\":\"https:\\\/\\\/haussmann.galerieslafayette.com\\\/es\\\/popup-celine-dion\\\/#primaryimage\"},\"image\":{\"@id\":\"https:\\\/\\\/haussmann.galerieslafayette.com\\\/es\\\/popup-celine-dion\\\/#primaryimage\"},\"thumbnailUrl\":\"https:\\\/\\\/haussmann.galerieslafayette.com\\\/wp-content\\\/uploads\\\/2014\\\/10\\\/HSM-Encemoment-PopupCelineDion-Desktop-1.jpg\",\"datePublished\":\"2026-09-02T09:06:19+00:00\",\"dateModified\":\"2026-09-02T09:06:22+00:00\",\"description\":\"\u00a1Tras 6 a\u00f1os de ausencia, C\u00e9line Dion regresa a Par\u00eds! Del 3 de septiembre al 5 de octubre de 2026, descubre una tienda pop-up exclusiva en las Galeries Lafayette Paris Haussmann.\",\"breadcrumb\":{\"@id\":\"https:\\\/\\\/haussmann.galerieslafayette.com\\\/es\\\/popup-celine-dion\\\/#breadcrumb\"},\"inLanguage\":\"es\",\"potentialAction\":[{\"@type\":\"ReadAction\",\"target\":[\"https:\\\/\\\/haussmann.galerieslafayette.com\\\/es\\\/popup-celine-dion\\\/\"]}]},{\"@type\":\"ImageObject\",\"inLanguage\":\"es\",\"@id\":\"https:\\\/\\\/haussmann.galerieslafayette.com\\\/es\\\/popup-celine-dion\\\/#primaryimage\",\"url\":\"https:\\\/\\\/haussmann.galerieslafayette.com\\\/wp-content\\\/uploads\\\/2014\\\/10\\\/HSM-Encemoment-PopupCelineDion-Desktop-1.jpg\",\"contentUrl\":\"https:\\\/\\\/haussmann.galerieslafayette.com\\\/wp-content\\\/uploads\\\/2014\\\/10\\\/HSM-Encemoment-PopupCelineDion-Desktop-1.jpg\",\"width\":2880,\"height\":1185},{\"@type\":\"BreadcrumbList\",\"@id\":\"https:\\\/\\\/haussmann.galerieslafayette.com\\\/es\\\/popup-celine-dion\\\/#breadcrumb\",\"itemListElement\":[{\"@type\":\"ListItem\",\"position\":1,\"name\":\"Inicio\",\"item\":\"https:\\\/\\\/haussmann.galerieslafayette.com\\\/es\\\/home-2\\\/\"},{\"@type\":\"ListItem\",\"position\":2,\"name\":\"Universos\",\"item\":\"https:\\\/\\\/haussmann.galerieslafayette.com\\\/es\\\/category\\\/universos\\\/\"},{\"@type\":\"ListItem\",\"position\":3,\"name\":\"C\u00e9line Dion en las Galeries Lafayette Paris Haussmann\"}]},{\"@type\":\"WebSite\",\"@id\":\"https:\\\/\\\/haussmann.galerieslafayette.com\\\/es\\\/#website\",\"url\":\"https:\\\/\\\/haussmann.galerieslafayette.com\\\/es\\\/\",\"name\":\"Galeries Lafayette Paris Haussmann\",\"description\":\"La destination mode du shopping parisien\",\"publisher\":{\"@id\":\"https:\\\/\\\/haussmann.galerieslafayette.com\\\/es\\\/#organization\"},\"potentialAction\":[{\"@type\":\"SearchAction\",\"target\":{\"@type\":\"EntryPoint\",\"urlTemplate\":\"https:\\\/\\\/haussmann.galerieslafayette.com\\\/es\\\/?s={search_term_string}\"},\"query-input\":{\"@type\":\"PropertyValueSpecification\",\"valueRequired\":true,\"valueName\":\"search_term_string\"}}],\"inLanguage\":\"es\"},{\"@type\":\"Organization\",\"@id\":\"https:\\\/\\\/haussmann.galerieslafayette.com\\\/es\\\/#organization\",\"name\":\"Galeries Lafayette\",\"url\":\"https:\\\/\\\/haussmann.galerieslafayette.com\\\/es\\\/\",\"logo\":{\"@type\":\"ImageObject\",\"inLanguage\":\"es\",\"@id\":\"https:\\\/\\\/haussmann.galerieslafayette.com\\\/es\\\/#\\\/schema\\\/logo\\\/image\\\/\",\"url\":\"https:\\\/\\\/haussmann.galerieslafayette.com\\\/wp-content\\\/uploads\\\/2021\\\/03\\\/GL_LOGO2L_N.jpg\",\"contentUrl\":\"https:\\\/\\\/haussmann.galerieslafayette.com\\\/wp-content\\\/uploads\\\/2021\\\/03\\\/GL_LOGO2L_N.jpg\",\"width\":1535,\"height\":827,\"caption\":\"Galeries Lafayette\"},\"image\":{\"@id\":\"https:\\\/\\\/haussmann.galerieslafayette.com\\\/es\\\/#\\\/schema\\\/logo\\\/image\\\/\"},\"sameAs\":[\"https:\\\/\\\/www.facebook.com\\\/galerieslafayette\\\/\",\"https:\\\/\\\/x.com\\\/Galeries_Laf\",\"https:\\\/\\\/www.instagram.com\\\/galerieslafayette\\\/\",\"http:\\\/\\\/www.youtube.com\\\/user\\\/GaleriesLafayette1\"]},{\"@type\":\"Person\",\"@id\":\"https:\\\/\\\/haussmann.galerieslafayette.com\\\/es\\\/#\\\/schema\\\/person\\\/e572cf0a0fd3c3bfc2ba7cba7767110e\",\"name\":\"Margaux PESSE\",\"image\":{\"@type\":\"ImageObject\",\"inLanguage\":\"es\",\"@id\":\"https:\\\/\\\/secure.gravatar.com\\\/avatar\\\/e64aa54229e1be0d894bfa479ab3749966b5dace79bd3bcd6a374df0b01e1452?s=96&d=mm&r=g\",\"url\":\"https:\\\/\\\/secure.gravatar.com\\\/avatar\\\/e64aa54229e1be0d894bfa479ab3749966b5dace79bd3bcd6a374df0b01e1452?s=96&d=mm&r=g\",\"contentUrl\":\"https:\\\/\\\/secure.gravatar.com\\\/avatar\\\/e64aa54229e1be0d894bfa479ab3749966b5dace79bd3bcd6a374df0b01e1452?s=96&d=mm&r=g\",\"caption\":\"Margaux PESSE\"}}]}<\/script>\n<!-- \/ Yoast SEO plugin. -->","yoast_head_json":{"title":"Pop-up de C\u00e9line Dion - Galeries Lafayette Paris Haussmann","description":"\u00a1Tras 6 a\u00f1os de ausencia, C\u00e9line Dion regresa a Par\u00eds! Del 3 de septiembre al 5 de octubre de 2026, descubre una tienda pop-up exclusiva en las Galeries Lafayette Paris Haussmann.","robots":{"index":"index","follow":"follow","max-snippet":"max-snippet:-1","max-image-preview":"max-image-preview:large","max-video-preview":"max-video-preview:-1"},"canonical":"https:\/\/haussmann.galerieslafayette.com\/es\/popup-celine-dion\/","og_locale":"es_ES","og_type":"article","og_title":"Pop-up de C\u00e9line Dion - Galeries Lafayette Paris Haussmann","og_description":"\u00a1Tras 6 a\u00f1os de ausencia, C\u00e9line Dion regresa a Par\u00eds! Del 3 de septiembre al 5 de octubre de 2026, descubre una tienda pop-up exclusiva en las Galeries Lafayette Paris Haussmann.","og_url":"https:\/\/haussmann.galerieslafayette.com\/es\/popup-celine-dion\/","og_site_name":"Galeries Lafayette Paris Haussmann","article_publisher":"https:\/\/www.facebook.com\/galerieslafayette\/","article_published_time":"2026-09-02T09:06:19+00:00","article_modified_time":"2026-09-02T09:06:22+00:00","og_image":[{"width":2880,"height":1185,"url":"https:\/\/haussmann.galerieslafayette.com\/wp-content\/uploads\/2014\/10\/HSM-Encemoment-PopupCelineDion-Desktop-1.jpg","type":"image\/jpeg"}],"author":"Margaux PESSE","twitter_card":"summary_large_image","twitter_creator":"@Galeries_Laf","twitter_site":"@Galeries_Laf","schema":{"@context":"https:\/\/schema.org","@graph":[{"@type":"Article","@id":"https:\/\/haussmann.galerieslafayette.com\/es\/popup-celine-dion\/#article","isPartOf":{"@id":"https:\/\/haussmann.galerieslafayette.com\/es\/popup-celine-dion\/"},"author":{"name":"Margaux PESSE","@id":"https:\/\/haussmann.galerieslafayette.com\/es\/#\/schema\/person\/e572cf0a0fd3c3bfc2ba7cba7767110e"},"headline":"C\u00e9line Dion en las Galeries Lafayette Paris Haussmann","datePublished":"2026-09-02T09:06:19+00:00","dateModified":"2026-09-02T09:06:22+00:00","mainEntityOfPage":{"@id":"https:\/\/haussmann.galerieslafayette.com\/es\/popup-celine-dion\/"},"wordCount":490,"publisher":{"@id":"https:\/\/haussmann.galerieslafayette.com\/es\/#organization"},"image":{"@id":"https:\/\/haussmann.galerieslafayette.com\/es\/popup-celine-dion\/#primaryimage"},"thumbnailUrl":"https:\/\/haussmann.galerieslafayette.com\/wp-content\/uploads\/2014\/10\/HSM-Encemoment-PopupCelineDion-Desktop-1.jpg","articleSection":["Arte y cultura","Universos"],"inLanguage":"es"},{"@type":"WebPage","@id":"https:\/\/haussmann.galerieslafayette.com\/es\/popup-celine-dion\/","url":"https:\/\/haussmann.galerieslafayette.com\/es\/popup-celine-dion\/","name":"Pop-up de C\u00e9line Dion - Galeries Lafayette Paris Haussmann","isPartOf":{"@id":"https:\/\/haussmann.galerieslafayette.com\/es\/#website"},"primaryImageOfPage":{"@id":"https:\/\/haussmann.galerieslafayette.com\/es\/popup-celine-dion\/#primaryimage"},"image":{"@id":"https:\/\/haussmann.galerieslafayette.com\/es\/popup-celine-dion\/#primaryimage"},"thumbnailUrl":"https:\/\/haussmann.galerieslafayette.com\/wp-content\/uploads\/2014\/10\/HSM-Encemoment-PopupCelineDion-Desktop-1.jpg","datePublished":"2026-09-02T09:06:19+00:00","dateModified":"2026-09-02T09:06:22+00:00","description":"\u00a1Tras 6 a\u00f1os de ausencia, C\u00e9line Dion regresa a Par\u00eds! Del 3 de septiembre al 5 de octubre de 2026, descubre una tienda pop-up exclusiva en las Galeries Lafayette Paris Haussmann.","breadcrumb":{"@id":"https:\/\/haussmann.galerieslafayette.com\/es\/popup-celine-dion\/#breadcrumb"},"inLanguage":"es","potentialAction":[{"@type":"ReadAction","target":["https:\/\/haussmann.galerieslafayette.com\/es\/popup-celine-dion\/"]}]},{"@type":"ImageObject","inLanguage":"es","@id":"https:\/\/haussmann.galerieslafayette.com\/es\/popup-celine-dion\/#primaryimage","url":"https:\/\/haussmann.galerieslafayette.com\/wp-content\/uploads\/2014\/10\/HSM-Encemoment-PopupCelineDion-Desktop-1.jpg","contentUrl":"https:\/\/haussmann.galerieslafayette.com\/wp-content\/uploads\/2014\/10\/HSM-Encemoment-PopupCelineDion-Desktop-1.jpg","width":2880,"height":1185},{"@type":"BreadcrumbList","@id":"https:\/\/haussmann.galerieslafayette.com\/es\/popup-celine-dion\/#breadcrumb","itemListElement":[{"@type":"ListItem","position":1,"name":"Inicio","item":"https:\/\/haussmann.galerieslafayette.com\/es\/home-2\/"},{"@type":"ListItem","position":2,"name":"Universos","item":"https:\/\/haussmann.galerieslafayette.com\/es\/category\/universos\/"},{"@type":"ListItem","position":3,"name":"C\u00e9line Dion en las Galeries Lafayette Paris Haussmann"}]},{"@type":"WebSite","@id":"https:\/\/haussmann.galerieslafayette.com\/es\/#website","url":"https:\/\/haussmann.galerieslafayette.com\/es\/","name":"Galeries Lafayette Paris Haussmann","description":"La destination mode du shopping parisien","publisher":{"@id":"https:\/\/haussmann.galerieslafayette.com\/es\/#organization"},"potentialAction":[{"@type":"SearchAction","target":{"@type":"EntryPoint","urlTemplate":"https:\/\/haussmann.galerieslafayette.com\/es\/?s={search_term_string}"},"query-input":{"@type":"PropertyValueSpecification","valueRequired":true,"valueName":"search_term_string"}}],"inLanguage":"es"},{"@type":"Organization","@id":"https:\/\/haussmann.galerieslafayette.com\/es\/#organization","name":"Galeries Lafayette","url":"https:\/\/haussmann.galerieslafayette.com\/es\/","logo":{"@type":"ImageObject","inLanguage":"es","@id":"https:\/\/haussmann.galerieslafayette.com\/es\/#\/schema\/logo\/image\/","url":"https:\/\/haussmann.galerieslafayette.com\/wp-content\/uploads\/2021\/03\/GL_LOGO2L_N.jpg","contentUrl":"https:\/\/haussmann.galerieslafayette.com\/wp-content\/uploads\/2021\/03\/GL_LOGO2L_N.jpg","width":1535,"height":827,"caption":"Galeries Lafayette"},"image":{"@id":"https:\/\/haussmann.galerieslafayette.com\/es\/#\/schema\/logo\/image\/"},"sameAs":["https:\/\/www.facebook.com\/galerieslafayette\/","https:\/\/x.com\/Galeries_Laf","https:\/\/www.instagram.com\/galerieslafayette\/","http:\/\/www.youtube.com\/user\/GaleriesLafayette1"]},{"@type":"Person","@id":"https:\/\/haussmann.galerieslafayette.com\/es\/#\/schema\/person\/e572cf0a0fd3c3bfc2ba7cba7767110e","name":"Margaux PESSE","image":{"@type":"ImageObject","inLanguage":"es","@id":"https:\/\/secure.gravatar.com\/avatar\/e64aa54229e1be0d894bfa479ab3749966b5dace79bd3bcd6a374df0b01e1452?s=96&d=mm&r=g","url":"https:\/\/secure.gravatar.com\/avatar\/e64aa54229e1be0d894bfa479ab3749966b5dace79bd3bcd6a374df0b01e1452?s=96&d=mm&r=g","contentUrl":"https:\/\/secure.gravatar.com\/avatar\/e64aa54229e1be0d894bfa479ab3749966b5dace79bd3bcd6a374df0b01e1452?s=96&d=mm&r=g","caption":"Margaux PESSE"}}]}},"_links":{"self":[{"href":"https:\/\/haussmann.galerieslafayette.com\/es\/wp-json\/wp\/v2\/posts\/1209291","targetHints":{"allow":["GET"]}}],"collection":[{"href":"https:\/\/haussmann.galerieslafayette.com\/es\/wp-json\/wp\/v2\/posts"}],"about":[{"href":"https:\/\/haussmann.galerieslafayette.com\/es\/wp-json\/wp\/v2\/types\/post"}],"author":[{"embeddable":true,"href":"https:\/\/haussmann.galerieslafayette.com\/es\/wp-json\/wp\/v2\/users\/79"}],"replies":[{"embeddable":true,"href":"https:\/\/haussmann.galerieslafayette.com\/es\/wp-json\/wp\/v2\/comments?post=1209291"}],"version-history":[{"count":2,"href":"https:\/\/haussmann.galerieslafayette.com\/es\/wp-json\/wp\/v2\/posts\/1209291\/revisions"}],"predecessor-version":[{"id":1393899,"href":"https:\/\/haussmann.galerieslafayette.com\/es\/wp-json\/wp\/v2\/posts\/1209291\/revisions\/1393899"}],"wp:featuredmedia":[{"embeddable":true,"href":"https:\/\/haussmann.galerieslafayette.com\/es\/wp-json\/wp\/v2\/media\/1393898"}],"wp:attachment":[{"href":"https:\/\/haussmann.galerieslafayette.com\/es\/wp-json\/wp\/v2\/media?parent=1209291"}],"wp:term":[{"taxonomy":"category","embeddable":true,"href":"https:\/\/haussmann.galerieslafayette.com\/es\/wp-json\/wp\/v2\/categories?post=1209291"},{"taxonomy":"post_tag","embeddable":true,"href":"https:\/\/haussmann.galerieslafayette.com\/es\/wp-json\/wp\/v2\/tags?post=1209291"}],"curies":[{"name":"wp","href":"https:\/\/api.w.org\/{rel}","templated":true}]}}