{"id":1213077,"date":"2021-05-12T10:07:10","date_gmt":"2021-05-12T08:07:10","guid":{"rendered":"https:\/\/haussmann.galerieslafayette.com\/?p=1213077"},"modified":"2026-09-03T15:57:17","modified_gmt":"2026-09-03T13:57:17","slug":"las-marcas-del-grupo-galeries-lafayette","status":"publish","type":"post","link":"https:\/\/haussmann.galerieslafayette.com\/es\/las-marcas-del-grupo-galeries-lafayette\/","title":{"rendered":"Qu\u00e9 tiendas hay en Galeries Lafayette: marcas y colecciones"},"content":{"rendered":"\n<p>La tienda Coupole, este emblem\u00e1tico centro comercial parisino de las Galeries Lafayette Paris Haussmann, organiza sus marcas de lujo y sus l\u00edneas de moda por plantas y universos tem\u00e1ticos: belleza, lujo, moda creativa, tendencias y moda infantil, adem\u00e1s del edificio anexo Galeries Lafayette Homme y de las&nbsp;<a href=\"https:\/\/haussmann.galerieslafayette.com\/es\/marcas-2\/\">colecciones propias del grupo Galeries Lafayette<\/a>. Recorrido r\u00e1pido, planta por planta.<\/p>\n\n\n\n<div style=\"height:20px\" aria-hidden=\"true\" class=\"wp-block-spacer\"><\/div>\n\n\n\n<h2 class=\"wp-block-heading\"><strong>\u00bfQu\u00e9 se puede comprar en las Galer\u00edas Lafayette? Cat\u00e1logo de marcas por sector<\/strong><\/h2>\n\n\n\n<div style=\"height:20px\" aria-hidden=\"true\" class=\"wp-block-spacer\"><\/div>\n\n\n\n<h3 class=\"wp-block-heading\">Planta baja: belleza, joyer\u00eda y accesorios de lujo<\/h3>\n\n\n\n<figure class=\"wp-block-gallery has-nested-images columns-default is-cropped wp-block-gallery-1 is-layout-flex wp-block-gallery-is-layout-flex\">\n<figure class=\"wp-block-image size-large\"><img fetchpriority=\"high\" decoding=\"async\" width=\"1024\" height=\"683\" data-id=\"1177786\" src=\"https:\/\/haussmann.galerieslafayette.com\/wp-content\/uploads\/2021\/03\/PARFUMERIE_BEAUTE_01-1024x683.jpg\" alt=\"\" class=\"wp-image-1177786\" srcset=\"https:\/\/haussmann.galerieslafayette.com\/wp-content\/uploads\/2021\/03\/PARFUMERIE_BEAUTE_01-1024x683.jpg 1024w, https:\/\/haussmann.galerieslafayette.com\/wp-content\/uploads\/2021\/03\/PARFUMERIE_BEAUTE_01-300x200.jpg 300w, https:\/\/haussmann.galerieslafayette.com\/wp-content\/uploads\/2021\/03\/PARFUMERIE_BEAUTE_01-768x512.jpg 768w, https:\/\/haussmann.galerieslafayette.com\/wp-content\/uploads\/2021\/03\/PARFUMERIE_BEAUTE_01-1536x1024.jpg 1536w, https:\/\/haussmann.galerieslafayette.com\/wp-content\/uploads\/2021\/03\/PARFUMERIE_BEAUTE_01.jpg 2048w\" sizes=\"(max-width: 1024px) 100vw, 1024px\" \/><\/figure>\n\n\n\n<figure class=\"wp-block-image size-large\"><img decoding=\"async\" width=\"700\" height=\"483\" data-id=\"1122435\" src=\"https:\/\/haussmann.galerieslafayette.com\/wp-content\/uploads\/2021\/03\/maroquinerie-1.jpg\" alt=\"\" class=\"wp-image-1122435\" srcset=\"https:\/\/haussmann.galerieslafayette.com\/wp-content\/uploads\/2021\/03\/maroquinerie-1.jpg 700w, https:\/\/haussmann.galerieslafayette.com\/wp-content\/uploads\/2021\/03\/maroquinerie-1-300x207.jpg 300w\" sizes=\"(max-width: 700px) 100vw, 700px\" \/><\/figure>\n\n\n\n<figure class=\"wp-block-image size-large\"><img decoding=\"async\" width=\"1024\" height=\"683\" data-id=\"1328447\" src=\"https:\/\/haussmann.galerieslafayette.com\/wp-content\/uploads\/2020\/07\/Hojo-Castafiore-joaillerie-vintage-1024x683.jpg\" alt=\"\" class=\"wp-image-1328447\" srcset=\"https:\/\/haussmann.galerieslafayette.com\/wp-content\/uploads\/2020\/07\/Hojo-Castafiore-joaillerie-vintage-1024x683.jpg 1024w, https:\/\/haussmann.galerieslafayette.com\/wp-content\/uploads\/2020\/07\/Hojo-Castafiore-joaillerie-vintage-300x200.jpg 300w, https:\/\/haussmann.galerieslafayette.com\/wp-content\/uploads\/2020\/07\/Hojo-Castafiore-joaillerie-vintage-768x512.jpg 768w, https:\/\/haussmann.galerieslafayette.com\/wp-content\/uploads\/2020\/07\/Hojo-Castafiore-joaillerie-vintage-1536x1024.jpg 1536w, https:\/\/haussmann.galerieslafayette.com\/wp-content\/uploads\/2020\/07\/Hojo-Castafiore-joaillerie-vintage.jpg 1800w\" sizes=\"(max-width: 1024px) 100vw, 1024px\" \/><\/figure>\n<\/figure>\n\n\n\n<ul class=\"wp-block-list\">\n<li><strong>Belleza y perfumer\u00eda:<\/strong> Chanel, Bobbi Brown, Charlotte Tilbury, Byredo, Ex Nihilo.<\/li>\n\n\n\n<li><strong>Marroquiner\u00eda:<\/strong> Dior, Gucci, Prada, Saint Laurent, Chlo\u00e9, Lancel.<\/li>\n\n\n\n<li><strong>Relojer\u00eda:<\/strong> Rolex, Breitling, Chopard, Montblanc.<\/li>\n\n\n\n<li><strong>Joyer\u00eda:<\/strong> Cartier, Tiffany &amp; Co., Bulgari, Chaumet.<\/li>\n\n\n\n<li><strong>Gafas:<\/strong> Celine, Saint Laurent, Prada, Fendi, Dolce &amp; Gabbana.<\/li>\n<\/ul>\n\n\n\n<div style=\"height:20px\" aria-hidden=\"true\" class=\"wp-block-spacer\"><\/div>\n\n\n\n<h3 class=\"wp-block-heading\">Planta 1: alta joyer\u00eda y gran perfumer\u00eda<\/h3>\n\n\n\n<figure class=\"wp-block-gallery has-nested-images columns-default is-cropped wp-block-gallery-2 is-layout-flex wp-block-gallery-is-layout-flex\">\n<figure class=\"wp-block-image size-large\"><img loading=\"lazy\" decoding=\"async\" width=\"1024\" height=\"380\" data-id=\"1389389\" src=\"https:\/\/haussmann.galerieslafayette.com\/wp-content\/uploads\/2013\/05\/Banniere-1er-etage-1024x380.jpg\" alt=\"\" class=\"wp-image-1389389\" srcset=\"https:\/\/haussmann.galerieslafayette.com\/wp-content\/uploads\/2013\/05\/Banniere-1er-etage-1024x380.jpg 1024w, https:\/\/haussmann.galerieslafayette.com\/wp-content\/uploads\/2013\/05\/Banniere-1er-etage-300x111.jpg 300w, https:\/\/haussmann.galerieslafayette.com\/wp-content\/uploads\/2013\/05\/Banniere-1er-etage-768x285.jpg 768w, https:\/\/haussmann.galerieslafayette.com\/wp-content\/uploads\/2013\/05\/Banniere-1er-etage-1536x570.jpg 1536w, https:\/\/haussmann.galerieslafayette.com\/wp-content\/uploads\/2013\/05\/Banniere-1er-etage.jpg 1600w\" sizes=\"(max-width: 1024px) 100vw, 1024px\" \/><\/figure>\n\n\n\n<figure class=\"wp-block-image size-large\"><img loading=\"lazy\" decoding=\"async\" width=\"1024\" height=\"576\" data-id=\"1387681\" src=\"https:\/\/haussmann.galerieslafayette.com\/wp-content\/uploads\/2026\/04\/imgi_511_QuellesBeautes-Parfumerie-Prada-e1776419326652-1024x576.jpg\" alt=\"\" class=\"wp-image-1387681\" srcset=\"https:\/\/haussmann.galerieslafayette.com\/wp-content\/uploads\/2026\/04\/imgi_511_QuellesBeautes-Parfumerie-Prada-e1776419326652-1024x576.jpg 1024w, https:\/\/haussmann.galerieslafayette.com\/wp-content\/uploads\/2026\/04\/imgi_511_QuellesBeautes-Parfumerie-Prada-e1776419326652-300x169.jpg 300w, https:\/\/haussmann.galerieslafayette.com\/wp-content\/uploads\/2026\/04\/imgi_511_QuellesBeautes-Parfumerie-Prada-e1776419326652-768x432.jpg 768w, https:\/\/haussmann.galerieslafayette.com\/wp-content\/uploads\/2026\/04\/imgi_511_QuellesBeautes-Parfumerie-Prada-e1776419326652.jpg 1466w\" sizes=\"(max-width: 1024px) 100vw, 1024px\" \/><\/figure>\n<\/figure>\n\n\n\n<p>Alta costura y pr\u00eat-\u00e0-porter de lujo conviven en esta planta dedicada al gran lujo parisino.<\/p>\n\n\n\n<ul class=\"wp-block-list\">\n<li><strong>Moda de lujo:<\/strong> Bottega Veneta, Ala\u00efa, Loewe, Gucci, Saint Laurent, Prada, Louis Vuitton, The Row.<\/li>\n\n\n\n<li><strong>Joyer\u00eda:<\/strong> Van Cleef &amp; Arpels, Cartier, Dinh Van.<\/li>\n\n\n\n<li><strong>Alta perfumer\u00eda:<\/strong> Collection Priv\u00e9e de Dior, Les Exclusifs de Chanel, Guerlain, Maison Francis Kurkdjian, L&#8217;Officine Universelle Buly, Fueguia.<\/li>\n<\/ul>\n\n\n\n<div style=\"height:20px\" aria-hidden=\"true\" class=\"wp-block-spacer\"><\/div>\n\n\n\n<h3 class=\"wp-block-heading\">Planta 2: moda creativa y dise\u00f1o contempor\u00e1neo<\/h3>\n\n\n\n<figure class=\"wp-block-gallery has-nested-images columns-default is-cropped wp-block-gallery-3 is-layout-flex wp-block-gallery-is-layout-flex\">\n<figure class=\"wp-block-image size-large\"><img loading=\"lazy\" decoding=\"async\" width=\"1024\" height=\"683\" data-id=\"1380337\" src=\"https:\/\/haussmann.galerieslafayette.com\/wp-content\/uploads\/2021\/05\/Espace-lingerie-Container1-Card2-1-1024x683.jpg\" alt=\"\" class=\"wp-image-1380337\" srcset=\"https:\/\/haussmann.galerieslafayette.com\/wp-content\/uploads\/2021\/05\/Espace-lingerie-Container1-Card2-1-1024x683.jpg 1024w, https:\/\/haussmann.galerieslafayette.com\/wp-content\/uploads\/2021\/05\/Espace-lingerie-Container1-Card2-1-300x200.jpg 300w, https:\/\/haussmann.galerieslafayette.com\/wp-content\/uploads\/2021\/05\/Espace-lingerie-Container1-Card2-1-768x512.jpg 768w, https:\/\/haussmann.galerieslafayette.com\/wp-content\/uploads\/2021\/05\/Espace-lingerie-Container1-Card2-1.jpg 1500w\" sizes=\"(max-width: 1024px) 100vw, 1024px\" \/><\/figure>\n\n\n\n<figure class=\"wp-block-image size-large\"><img loading=\"lazy\" decoding=\"async\" width=\"1024\" height=\"380\" data-id=\"1389397\" src=\"https:\/\/haussmann.galerieslafayette.com\/wp-content\/uploads\/2012\/03\/Banniere-2e-etage-1024x380.jpg\" alt=\"\" class=\"wp-image-1389397\" srcset=\"https:\/\/haussmann.galerieslafayette.com\/wp-content\/uploads\/2012\/03\/Banniere-2e-etage-1024x380.jpg 1024w, https:\/\/haussmann.galerieslafayette.com\/wp-content\/uploads\/2012\/03\/Banniere-2e-etage-300x111.jpg 300w, https:\/\/haussmann.galerieslafayette.com\/wp-content\/uploads\/2012\/03\/Banniere-2e-etage-768x285.jpg 768w, https:\/\/haussmann.galerieslafayette.com\/wp-content\/uploads\/2012\/03\/Banniere-2e-etage-1536x570.jpg 1536w, https:\/\/haussmann.galerieslafayette.com\/wp-content\/uploads\/2012\/03\/Banniere-2e-etage.jpg 1600w\" sizes=\"(max-width: 1024px) 100vw, 1024px\" \/><\/figure>\n<\/figure>\n\n\n\n<ul class=\"wp-block-list\">\n<li>Lemaire, The Frankie Shop, Ganni, MM6 Maison Margiela, Diesel, Courr\u00e8ge, Jacquemus, Patou, Loulou Studio.<\/li>\n\n\n\n<li><strong>Lencer\u00eda:<\/strong> Ys\u00e9, Skims, Aubade, Lise Charmel.<\/li>\n<\/ul>\n\n\n\n<div style=\"height:20px\" aria-hidden=\"true\" class=\"wp-block-spacer\"><\/div>\n\n\n\n<h3 class=\"wp-block-heading\">Planta 3: marcas de tendencia y colecciones propias Galeries Lafayette<\/h3>\n\n\n\n<figure class=\"wp-block-gallery has-nested-images columns-2 is-cropped wp-block-gallery-4 is-layout-flex wp-block-gallery-is-layout-flex\">\n<figure class=\"wp-block-image size-large\"><img loading=\"lazy\" decoding=\"async\" width=\"1024\" height=\"380\" data-id=\"1389459\" src=\"https:\/\/haussmann.galerieslafayette.com\/wp-content\/uploads\/2021\/11\/Banniere-3e-etage-1024x380.jpg\" alt=\"\" class=\"wp-image-1389459\" srcset=\"https:\/\/haussmann.galerieslafayette.com\/wp-content\/uploads\/2021\/11\/Banniere-3e-etage-1024x380.jpg 1024w, https:\/\/haussmann.galerieslafayette.com\/wp-content\/uploads\/2021\/11\/Banniere-3e-etage-300x111.jpg 300w, https:\/\/haussmann.galerieslafayette.com\/wp-content\/uploads\/2021\/11\/Banniere-3e-etage-768x285.jpg 768w, https:\/\/haussmann.galerieslafayette.com\/wp-content\/uploads\/2021\/11\/Banniere-3e-etage-1536x570.jpg 1536w, https:\/\/haussmann.galerieslafayette.com\/wp-content\/uploads\/2021\/11\/Banniere-3e-etage.jpg 1600w\" sizes=\"(max-width: 1024px) 100vw, 1024px\" \/><\/figure>\n\n\n\n<figure class=\"wp-block-image size-large\"><img loading=\"lazy\" decoding=\"async\" width=\"1024\" height=\"683\" data-id=\"1231885\" src=\"https:\/\/haussmann.galerieslafayette.com\/wp-content\/uploads\/2021\/09\/210903-GAL-Haussmann-ReStore-0069-1024x683.jpg\" alt=\"\" class=\"wp-image-1231885\" srcset=\"https:\/\/haussmann.galerieslafayette.com\/wp-content\/uploads\/2021\/09\/210903-GAL-Haussmann-ReStore-0069-1024x683.jpg 1024w, https:\/\/haussmann.galerieslafayette.com\/wp-content\/uploads\/2021\/09\/210903-GAL-Haussmann-ReStore-0069-300x200.jpg 300w, https:\/\/haussmann.galerieslafayette.com\/wp-content\/uploads\/2021\/09\/210903-GAL-Haussmann-ReStore-0069-768x512.jpg 768w, https:\/\/haussmann.galerieslafayette.com\/wp-content\/uploads\/2021\/09\/210903-GAL-Haussmann-ReStore-0069-1536x1024.jpg 1536w, https:\/\/haussmann.galerieslafayette.com\/wp-content\/uploads\/2021\/09\/210903-GAL-Haussmann-ReStore-0069.jpg 1920w\" sizes=\"(max-width: 1024px) 100vw, 1024px\" \/><\/figure>\n<\/figure>\n\n\n\n<p>Esta planta combina firmas de moda femenina como ba&amp;sh, Maje, Sandro, Soeur, Rouje, Levi&#8217;s o Max Mara con las colecciones propias del grupo Galeries Lafayette: la l\u00ednea Galeries Lafayette, Jodhpur y su espacio dedicado al cachemira <em>(descubre m\u00e1s abajo en este art\u00edculo)<\/em>. El espacio [RE]Store propone moda de segunda mano con Personal Seller o Culture Vintage, y una bijuter\u00eda con Agatha, Les N\u00e9r\u00e9ides o Pandora completa la oferta.<\/p>\n\n\n\n<div style=\"height:20px\" aria-hidden=\"true\" class=\"wp-block-spacer\"><\/div>\n\n\n\n<h3 class=\"wp-block-heading\">Planta 4: el universo del calzado<\/h3>\n\n\n\n<figure class=\"wp-block-gallery has-nested-images columns-default is-cropped wp-block-gallery-5 is-layout-flex wp-block-gallery-is-layout-flex\">\n<figure class=\"wp-block-image size-large\"><img loading=\"lazy\" decoding=\"async\" width=\"1024\" height=\"575\" data-id=\"1389481\" src=\"https:\/\/haussmann.galerieslafayette.com\/wp-content\/uploads\/2026\/04\/Chaussures-Espace2-1024x575.jpg\" alt=\"\" class=\"wp-image-1389481\" srcset=\"https:\/\/haussmann.galerieslafayette.com\/wp-content\/uploads\/2026\/04\/Chaussures-Espace2-1024x575.jpg 1024w, https:\/\/haussmann.galerieslafayette.com\/wp-content\/uploads\/2026\/04\/Chaussures-Espace2-300x169.jpg 300w, https:\/\/haussmann.galerieslafayette.com\/wp-content\/uploads\/2026\/04\/Chaussures-Espace2-768x431.jpg 768w, https:\/\/haussmann.galerieslafayette.com\/wp-content\/uploads\/2026\/04\/Chaussures-Espace2.avif 1360w\" sizes=\"(max-width: 1024px) 100vw, 1024px\" \/><\/figure>\n\n\n\n<figure class=\"wp-block-image size-large\"><img loading=\"lazy\" decoding=\"async\" width=\"1024\" height=\"575\" data-id=\"1389482\" src=\"https:\/\/haussmann.galerieslafayette.com\/wp-content\/uploads\/2026\/04\/Chaussures-Etage4-1024x575.jpg\" alt=\"\" class=\"wp-image-1389482\" srcset=\"https:\/\/haussmann.galerieslafayette.com\/wp-content\/uploads\/2026\/04\/Chaussures-Etage4-1024x575.jpg 1024w, https:\/\/haussmann.galerieslafayette.com\/wp-content\/uploads\/2026\/04\/Chaussures-Etage4-300x169.jpg 300w, https:\/\/haussmann.galerieslafayette.com\/wp-content\/uploads\/2026\/04\/Chaussures-Etage4-768x431.jpg 768w, https:\/\/haussmann.galerieslafayette.com\/wp-content\/uploads\/2026\/04\/Chaussures-Etage4.avif 1360w\" sizes=\"(max-width: 1024px) 100vw, 1024px\" \/><\/figure>\n\n\n\n<figure class=\"wp-block-image size-large\"><img loading=\"lazy\" decoding=\"async\" width=\"1024\" height=\"380\" data-id=\"1258655\" src=\"https:\/\/haussmann.galerieslafayette.com\/wp-content\/uploads\/2022\/09\/chaussures-1024x380.jpg\" alt=\"\" class=\"wp-image-1258655\" srcset=\"https:\/\/haussmann.galerieslafayette.com\/wp-content\/uploads\/2022\/09\/chaussures-1024x380.jpg 1024w, https:\/\/haussmann.galerieslafayette.com\/wp-content\/uploads\/2022\/09\/chaussures-300x111.jpg 300w, https:\/\/haussmann.galerieslafayette.com\/wp-content\/uploads\/2022\/09\/chaussures-768x285.jpg 768w, https:\/\/haussmann.galerieslafayette.com\/wp-content\/uploads\/2022\/09\/chaussures-1536x570.jpg 1536w, https:\/\/haussmann.galerieslafayette.com\/wp-content\/uploads\/2022\/09\/chaussures.jpg 1600w\" sizes=\"(max-width: 1024px) 100vw, 1024px\" \/><\/figure>\n<\/figure>\n\n\n\n<p>Cerca de 200 marcas de calzado, del accesible al lujo, en un espacio firmado por el arquitecto Bernard Dubois con vistas a la Coupole restaurada y a los tejados de Par\u00eds.<\/p>\n\n\n\n<ul class=\"wp-block-list\">\n<li><strong>Creative Galerie:<\/strong> Aeyde, MM6, By Far, Miista, Ganni, Vanessa Bruno, Avril Gau, Michel Vivien, Anthology, Alohas, Odaje, Bocage.<\/li>\n\n\n\n<li><strong>Sneakers Galerie:<\/strong> Adidas, Nike, New Balance, Axel Arigato, Y-3, Eytys, adem\u00e1s de marcas responsables Go for Good.<\/li>\n\n\n\n<li><strong>Designer Galerie:<\/strong> Maison Margiela, The Row, Marni, Jil Sander, Burberry, Dries Van Noten, Jacquemus, JW Anderson, Aquazzura, Ala\u00efa.<\/li>\n\n\n\n<li><strong>Cl\u00e1sicos atemporales:<\/strong> Carel, Repetto.<\/li>\n<\/ul>\n\n\n\n<div style=\"height:20px\" aria-hidden=\"true\" class=\"wp-block-spacer\"><\/div>\n\n\n\n<h3 class=\"wp-block-heading\">Planta 5: moda infantil<\/h3>\n\n\n\n<figure class=\"wp-block-gallery has-nested-images columns-default is-cropped wp-block-gallery-6 is-layout-flex wp-block-gallery-is-layout-flex\">\n<figure class=\"wp-block-image size-large\"><img loading=\"lazy\" decoding=\"async\" width=\"1024\" height=\"380\" data-id=\"1247979\" src=\"https:\/\/haussmann.galerieslafayette.com\/wp-content\/uploads\/1970\/01\/luxe-enfant-1024x380.jpg\" alt=\"\" class=\"wp-image-1247979\" srcset=\"https:\/\/haussmann.galerieslafayette.com\/wp-content\/uploads\/1970\/01\/luxe-enfant-1024x380.jpg 1024w, https:\/\/haussmann.galerieslafayette.com\/wp-content\/uploads\/1970\/01\/luxe-enfant-300x111.jpg 300w, https:\/\/haussmann.galerieslafayette.com\/wp-content\/uploads\/1970\/01\/luxe-enfant-768x285.jpg 768w, https:\/\/haussmann.galerieslafayette.com\/wp-content\/uploads\/1970\/01\/luxe-enfant-1536x570.jpg 1536w, https:\/\/haussmann.galerieslafayette.com\/wp-content\/uploads\/1970\/01\/luxe-enfant.jpg 1600w\" sizes=\"(max-width: 1024px) 100vw, 1024px\" \/><\/figure>\n\n\n\n<figure class=\"wp-block-image size-large\"><img loading=\"lazy\" decoding=\"async\" width=\"1024\" height=\"681\" data-id=\"1338818\" src=\"https:\/\/haussmann.galerieslafayette.com\/wp-content\/uploads\/2022\/06\/FaoSchwarz_4838-1024x681.jpg\" alt=\"\" class=\"wp-image-1338818\" srcset=\"https:\/\/haussmann.galerieslafayette.com\/wp-content\/uploads\/2022\/06\/FaoSchwarz_4838-1024x681.jpg 1024w, https:\/\/haussmann.galerieslafayette.com\/wp-content\/uploads\/2022\/06\/FaoSchwarz_4838-300x200.jpg 300w, https:\/\/haussmann.galerieslafayette.com\/wp-content\/uploads\/2022\/06\/FaoSchwarz_4838-768x511.jpg 768w, https:\/\/haussmann.galerieslafayette.com\/wp-content\/uploads\/2022\/06\/FaoSchwarz_4838-1536x1022.jpg 1536w, https:\/\/haussmann.galerieslafayette.com\/wp-content\/uploads\/2022\/06\/FaoSchwarz_4838-2048x1363.jpg 2048w\" sizes=\"(max-width: 1024px) 100vw, 1024px\" \/><\/figure>\n<\/figure>\n\n\n\n<p>5.000 m\u00b2 dedicados a los m\u00e1s peque\u00f1os (0 a 16 a\u00f1os): Baby Dior, Gucci, Burberry, Zadig &amp; Voltaire, Marc Jacobs y Lacoste conviven con la colecci\u00f3n Cadet Rousselle, el espacio de calzado (Jacadi, Ralph Lauren, Ugg) y el [RE]Store Kids, comprometido con la moda responsable Go for Good.<\/p>\n\n\n\n<div style=\"height:20px\" aria-hidden=\"true\" class=\"wp-block-spacer\"><\/div>\n\n\n\n<h3 class=\"wp-block-heading\"><strong>Planta 6: el arte de viajar y la gastronom\u00eda<\/strong><\/h3>\n\n\n\n<p>El piso Coupole te invita a explorar el arte del viaje y los placeres dulces. Desde el equipaje perfecto hasta el recuerdo id\u00f3neo o una pausa gourmande, este espacio re\u00fane una oferta cuidada para tus viajes y antojos.<\/p>\n\n\n\n<ul class=\"wp-block-list\">\n<li><strong>El Equipaje:<\/strong> Referencias imprescindibles como Tumi, Delsey, Longchamp, Lipault, Eastpak y Jump, con maletas y accesorios dise\u00f1ados para cada tipo de viaje.<\/li>\n\n\n\n<li><strong>Oferta Gourmande:<\/strong> Una selecci\u00f3n de chocolates ic\u00f3nicos como Lindt, t\u00e9s refinados, galletas y confiter\u00eda para saborear lo mejor de la tradici\u00f3n dulce.<\/li>\n\n\n\n<li><strong>El Souvenir:<\/strong> Porte-cl\u00e9s, tazas ilustradas, mermeladas personalizadas de Confiture Parisienne y delicatessen de Fauchon para llevarte un pedazo de Par\u00eds a casa.<\/li>\n<\/ul>\n\n\n\n<div style=\"height:20px\" aria-hidden=\"true\" class=\"wp-block-spacer\"><\/div>\n\n\n\n<h2 class=\"wp-block-heading\"><strong>\u00bfD\u00f3nde est\u00e1n las famosas Galer\u00edas Lafayette Paris Haussmann ? Mapa, horario y c\u00f3mo llegar<\/strong><\/h2>\n\n\n\n<figure class=\"wp-block-gallery has-nested-images columns-default is-cropped wp-block-gallery-7 is-layout-flex wp-block-gallery-is-layout-flex\">\n<figure class=\"wp-block-image size-full\"><img loading=\"lazy\" decoding=\"async\" width=\"958\" height=\"609\" data-id=\"1155629\" src=\"https:\/\/haussmann.galerieslafayette.com\/wp-content\/uploads\/2021\/03\/coupole-5.jpg\" alt=\"\" class=\"wp-image-1155629\" srcset=\"https:\/\/haussmann.galerieslafayette.com\/wp-content\/uploads\/2021\/03\/coupole-5.jpg 958w, https:\/\/haussmann.galerieslafayette.com\/wp-content\/uploads\/2021\/03\/coupole-5-300x191.jpg 300w, https:\/\/haussmann.galerieslafayette.com\/wp-content\/uploads\/2021\/03\/coupole-5-768x488.jpg 768w\" sizes=\"(max-width: 958px) 100vw, 958px\" \/><\/figure>\n\n\n\n<figure class=\"wp-block-image size-large\"><img loading=\"lazy\" decoding=\"async\" width=\"500\" height=\"500\" data-id=\"1199165\" src=\"https:\/\/haussmann.galerieslafayette.com\/wp-content\/uploads\/2021\/04\/magasin-gourmet.png\" alt=\"\" class=\"wp-image-1199165\" srcset=\"https:\/\/haussmann.galerieslafayette.com\/wp-content\/uploads\/2021\/04\/magasin-gourmet.png 500w, https:\/\/haussmann.galerieslafayette.com\/wp-content\/uploads\/2021\/04\/magasin-gourmet-300x300.png 300w, https:\/\/haussmann.galerieslafayette.com\/wp-content\/uploads\/2021\/04\/magasin-gourmet-150x150.png 150w\" sizes=\"(max-width: 500px) 100vw, 500px\" \/><\/figure>\n<\/figure>\n\n\n\n<p>Las Galeries Lafayette Paris Haussmann se encuentran en el 40 Boulevard Haussmann, en pleno coraz\u00f3n de la capital francesa, cerca de la \u00d3pera Garnier. El acceso en transporte p\u00fablico es directo: metro Chauss\u00e9e d&#8217;Antin-La Fayette, parada Trinit\u00e9, y RER Auber.<\/p>\n\n\n\n<h3 class=\"wp-block-heading\">Horario de apertura<\/h3>\n\n\n\n<p>Para planificar tu visita a este emblem\u00e1tico centro comercial, es fundamental conocer los horarios de las Galeries Lafayette Paris Haussmann. La tienda Coupole abre sus puertas de lunes a s\u00e1bado de 10:00 a 20:30. Los domingos y d\u00edas festivos, el horario es de 11:00 a 20:00.<\/p>\n\n\n\n<div style=\"height:20px\" aria-hidden=\"true\" class=\"wp-block-spacer\"><\/div>\n\n\n\n<h2 class=\"wp-block-heading\"><strong>\u00bfQui\u00e9n es el due\u00f1o de Galer\u00edas Lafayette? Una historia centenaria<\/strong><\/h2>\n\n\n\n<p>Fundadas en 1893 por Th\u00e9ophile Bader y Alphonse Kahn en una peque\u00f1a mercer\u00eda, las Galer\u00edas Lafayette celebran hoy m\u00e1s de 130 a\u00f1os de historia bajo su famosa c\u00fapula de estilo Art Nouveau, obra que evoca el trabajo del maestro del hierro forjado Louis Majorelle. Escaleras mec\u00e1nicas, desfiles de moda y fabulosas decoraciones de Navidad atraen cada a\u00f1o a millones de visitantes en el coraz\u00f3n de la capital francesa; desde la terraza se distinguen la Torre Eiffel y el Sacr\u00e9-C\u0153ur.<\/p>\n\n\n\n<div style=\"height:20px\" aria-hidden=\"true\" class=\"wp-block-spacer\"><\/div>\n\n\n\n<h2 class=\"wp-block-heading\"><strong>Las colecciones Galeries Lafayette<\/strong><\/h2>\n\n\n\n<p>Descubre las marcas de ropa de las Galeries Lafayette, con su estilo elegante y atemporal para toda la familia. Tres firmas de moda femenina, masculina e infantil que se adaptan a todos los gustos. Prendas confeccionadas para durar, entre las que encontramos modelos de la selecci\u00f3n Go for Good de las Galeries Lafayette para una moda responsable.<\/p>\n\n\n\n<div style=\"height:10px\" aria-hidden=\"true\" class=\"wp-block-spacer\"><\/div>\n\n\n\n<h3 class=\"wp-block-heading\">Galeries Lafayette<\/h3>\n\n\n\n<p>Guardarropa contempor\u00e1neo para ella, \u00e9l y los m\u00e1s peque\u00f1os: b\u00e1sicos reinventados en colores vivos, con una gran parte de la colecci\u00f3n certificada Go for Good.<\/p>\n\n\n\n<p><strong>Tienda Coupole, segunda planta<\/strong><\/p>\n\n\n\n<div style=\"height:10px\" aria-hidden=\"true\" class=\"wp-block-spacer\"><\/div>\n\n\n\n<h3 class=\"wp-block-heading\">Jodhpur<\/h3>\n\n\n\n<p>Prendas b\u00e1sicas y atemporales para mujer y ni\u00f1os: abrigos de lana, gabardinas y camisas estampadas de temporada, referencia del pr\u00eat-\u00e0-porter accesible.<\/p>\n\n\n\n<p><strong>Tienda Coupole, segunda planta<\/strong><\/p>\n\n\n\n<div style=\"height:10px\" aria-hidden=\"true\" class=\"wp-block-spacer\"><\/div>\n\n\n\n<h3 class=\"wp-block-heading\">Comptoir GL<\/h3>\n\n\n\n<p>L\u00ednea masculina chic y atemporal: americanas de cuadros, chinos impecables y camisas ajustadas para el hombre moderno.<\/p>\n\n\n\n<p><strong>Tienda Coupole, segunda planta<\/strong><\/p>\n\n\n\n<div style=\"height:20px\" aria-hidden=\"true\" class=\"wp-block-spacer\"><\/div>\n\n\n\n<h2 class=\"wp-block-heading\"><strong>El rinc\u00f3n del cachemira<\/strong><\/h2>\n\n\n\n<p>En la tercera planta, un espacio dedicado \u00edntegramente al cachemira re\u00fane jers\u00e9is y accesorios en varios colores, incluida una selecci\u00f3n Go for Good que respeta el medioambiente, el desarrollo social y la producci\u00f3n local.<\/p>\n\n\n\n<p><strong>Tienda Coupole, tercera planta<\/strong><\/p>\n\n\n\n<div style=\"height:20px\" aria-hidden=\"true\" class=\"wp-block-spacer\"><\/div>\n\n\n\n<h2 class=\"wp-block-heading\"><strong>El servicio de Peque\u00f1os Arreglos<\/strong><\/h2>\n\n\n\n<p>Los expertos de las Galeries Lafayette Paris Haussmann est\u00e1n a tu disposici\u00f3n para todos los retoques que tus prendas requieran para que te queden como un guante. Los modelos de tus creadores preferidos y tus prendas fetiche se merecen los mejores cuidados, y por ello el servicio de Peque\u00f1os Arreglos te ofrece un servicio de calidad, minucioso y atento. En el coraz\u00f3n de la tienda Coupole te esperan nuestros asesores para medir, cortar, coser y ajustar tus prendas favoritas. El taller tambi\u00e9n dispone de un servicio de retoques expr\u00e9s en un m\u00ednimo de 2 horas (ver condiciones en tienda).<\/p>\n\n\n\n<p><strong>Las tarifas del servicio de Peque\u00f1os Arreglos:<\/strong><\/p>\n\n\n\n<p>Retoques simples:<\/p>\n\n\n\n<ul class=\"wp-block-list\">\n<li>Expr\u00e9s (2h. min.): 20 \u20ac<\/li>\n\n\n\n<li>En 4 d\u00edas*: 8 \u20ac<\/li>\n<\/ul>\n\n\n\n<p>Solo se aceptan los art\u00edculos adquiridos en las Galeries Lafayette. Las alteraciones para prendas de colecciones pasadas requieren presupuesto. Los art\u00edculos usados deben lavarse antes de efectuar un retoque.<\/p>\n\n\n\n<p>*fuera de la temporada de rebajas<\/p>\n\n\n\n<div style=\"height:20px\" aria-hidden=\"true\" class=\"wp-block-spacer\"><\/div>\n\n\n\n<h2 class=\"wp-block-heading\"><strong>El servicio de Peque\u00f1os Arreglos<\/strong><\/h2>\n\n\n\n<figure class=\"wp-block-video\"><video controls src=\"https:\/\/haussmann.galerieslafayette.com\/wp-content\/uploads\/2021\/05\/16-9_Service_Retouche_PR_PLAN_032.mp4\"><\/video><\/figure>\n\n\n\n<p>Los expertos de las Galeries Lafayette Paris Haussmann est\u00e1n a tu disposici\u00f3n para todos los retoques que tus prendas requieran para que te queden como un guante. Los modelos de tus creadores preferidos y tus prendas fetiche se merecen los mejores cuidados, y por ello el servicio de Peque\u00f1os Arreglos te ofrece un servicio de calidad, minucioso y atento. En el coraz\u00f3n de la tienda Coupole te esperan nuestros asesores para medir, cortar, coser y ajustar tus prendas favoritas. El taller tambi\u00e9n dispone de un servicio de retoques expr\u00e9s en un m\u00ednimo de 2 horas (ver condiciones en tienda).<\/p>\n\n\n\n<p><strong><strong>Las tarifas del servicio de Peque\u00f1os Arreglos:<\/strong><\/strong><\/p>\n\n\n\n<p>Retoques simples:<\/p>\n\n\n\n<ul class=\"wp-block-list\">\n<li>Expr\u00e9s (2h. min.): 20\u00a0\u20ac<\/li>\n\n\n\n<li>En 4 d\u00edas*: 8\u00a0\u20ac<\/li>\n<\/ul>\n\n\n\n<p>Solo se aceptan los art\u00edculos adquiridos en las Galeries Lafayette. Las alteraciones para prendas de colecciones pasadas requieren presupuesto. Los art\u00edculos usados deben lavarse antes de efectuar un retoque.<\/p>\n\n\n\n<p>*fuera de la temporada de rebajas<\/p>\n","protected":false},"excerpt":{"rendered":"<p>La tienda Coupole, este emblem\u00e1tico centro comercial parisino de las Galeries Lafayette Paris Haussmann, organiza sus marcas de lujo y sus l\u00edneas de moda por plantas y universos tem\u00e1ticos: belleza, lujo, moda creativa, tendencias y moda infantil, adem\u00e1s del edificio anexo Galeries Lafayette Homme y de las&nbsp;colecciones propias del grupo Galeries Lafayette. Recorrido r\u00e1pido, planta [&hellip;]<\/p>\n","protected":false},"author":60,"featured_media":1212971,"comment_status":"closed","ping_status":"closed","sticky":false,"template":"","format":"standard","meta":{"_acf_changed":false,"footnotes":""},"categories":[1449,448,659],"tags":[],"class_list":{"1":"post","5":"has-post-thumbnail"},"acf":[],"yoast_head":"<!-- This site is optimized with the Yoast SEO plugin v28.1 - https:\/\/yoast.com\/product\/yoast-seo-wordpress\/ -->\n<title>Qu\u00e9 tiendas hay en Galeries Lafayette: marcas y colecciones | Galeries Lafayette Paris Haussmann<\/title>\n<meta name=\"description\" content=\"Descubre el sello propio de las Galeries Lafayette, en el que encontrar\u00e1s un guardarropa contempor\u00e1neo y elegante para mujer, hombre y los m\u00e1s peque\u00f1os.\" \/>\n<meta name=\"robots\" content=\"index, follow, max-snippet:-1, max-image-preview:large, max-video-preview:-1\" \/>\n<link rel=\"canonical\" href=\"https:\/\/haussmann.galerieslafayette.com\/es\/las-marcas-del-grupo-galeries-lafayette\/\" \/>\n<meta property=\"og:locale\" content=\"es_ES\" \/>\n<meta property=\"og:type\" content=\"article\" \/>\n<meta property=\"og:title\" content=\"Qu\u00e9 tiendas hay en Galeries Lafayette: marcas y colecciones | Galeries Lafayette Paris Haussmann\" \/>\n<meta property=\"og:description\" content=\"Descubre el sello propio de las Galeries Lafayette, en el que encontrar\u00e1s un guardarropa contempor\u00e1neo y elegante para mujer, hombre y los m\u00e1s peque\u00f1os.\" \/>\n<meta property=\"og:url\" content=\"https:\/\/haussmann.galerieslafayette.com\/es\/las-marcas-del-grupo-galeries-lafayette\/\" \/>\n<meta property=\"og:site_name\" content=\"Galeries Lafayette Paris Haussmann\" \/>\n<meta property=\"article:publisher\" content=\"https:\/\/www.facebook.com\/galerieslafayette\/\" \/>\n<meta property=\"article:published_time\" content=\"2021-05-12T08:07:10+00:00\" \/>\n<meta property=\"article:modified_time\" content=\"2026-09-03T13:57:17+00:00\" \/>\n<meta property=\"og:image\" content=\"https:\/\/haussmann.galerieslafayette.com\/wp-content\/uploads\/1970\/01\/marque-galeries-lafayette.png\" \/>\n\t<meta property=\"og:image:width\" content=\"1600\" \/>\n\t<meta property=\"og:image:height\" content=\"594\" \/>\n\t<meta property=\"og:image:type\" content=\"image\/png\" \/>\n<meta name=\"author\" content=\"Chiayu Lee\" \/>\n<meta name=\"twitter:card\" content=\"summary_large_image\" \/>\n<meta name=\"twitter:creator\" content=\"@Galeries_Laf\" \/>\n<meta name=\"twitter:site\" content=\"@Galeries_Laf\" \/>\n<script type=\"application\/ld+json\" class=\"yoast-schema-graph\">{\"@context\":\"https:\\\/\\\/schema.org\",\"@graph\":[{\"@type\":\"Article\",\"@id\":\"https:\\\/\\\/haussmann.galerieslafayette.com\\\/es\\\/las-marcas-del-grupo-galeries-lafayette\\\/#article\",\"isPartOf\":{\"@id\":\"https:\\\/\\\/haussmann.galerieslafayette.com\\\/es\\\/las-marcas-del-grupo-galeries-lafayette\\\/\"},\"author\":{\"name\":\"Chiayu Lee\",\"@id\":\"https:\\\/\\\/haussmann.galerieslafayette.com\\\/es\\\/#\\\/schema\\\/person\\\/f501266e490641d9f3f73d3d54a62e3e\"},\"headline\":\"Qu\u00e9 tiendas hay en Galeries Lafayette: marcas y colecciones\",\"datePublished\":\"2021-05-12T08:07:10+00:00\",\"dateModified\":\"2026-09-03T13:57:17+00:00\",\"mainEntityOfPage\":{\"@id\":\"https:\\\/\\\/haussmann.galerieslafayette.com\\\/es\\\/las-marcas-del-grupo-galeries-lafayette\\\/\"},\"wordCount\":1337,\"publisher\":{\"@id\":\"https:\\\/\\\/haussmann.galerieslafayette.com\\\/es\\\/#organization\"},\"image\":{\"@id\":\"https:\\\/\\\/haussmann.galerieslafayette.com\\\/es\\\/las-marcas-del-grupo-galeries-lafayette\\\/#primaryimage\"},\"thumbnailUrl\":\"https:\\\/\\\/haussmann.galerieslafayette.com\\\/wp-content\\\/uploads\\\/1970\\\/01\\\/marque-galeries-lafayette.png\",\"articleSection\":[\"Go for Good\",\"Mujer\",\"Universos\"],\"inLanguage\":\"es\"},{\"@type\":\"WebPage\",\"@id\":\"https:\\\/\\\/haussmann.galerieslafayette.com\\\/es\\\/las-marcas-del-grupo-galeries-lafayette\\\/\",\"url\":\"https:\\\/\\\/haussmann.galerieslafayette.com\\\/es\\\/las-marcas-del-grupo-galeries-lafayette\\\/\",\"name\":\"Qu\u00e9 tiendas hay en Galeries Lafayette: marcas y colecciones | Galeries Lafayette Paris Haussmann\",\"isPartOf\":{\"@id\":\"https:\\\/\\\/haussmann.galerieslafayette.com\\\/es\\\/#website\"},\"primaryImageOfPage\":{\"@id\":\"https:\\\/\\\/haussmann.galerieslafayette.com\\\/es\\\/las-marcas-del-grupo-galeries-lafayette\\\/#primaryimage\"},\"image\":{\"@id\":\"https:\\\/\\\/haussmann.galerieslafayette.com\\\/es\\\/las-marcas-del-grupo-galeries-lafayette\\\/#primaryimage\"},\"thumbnailUrl\":\"https:\\\/\\\/haussmann.galerieslafayette.com\\\/wp-content\\\/uploads\\\/1970\\\/01\\\/marque-galeries-lafayette.png\",\"datePublished\":\"2021-05-12T08:07:10+00:00\",\"dateModified\":\"2026-09-03T13:57:17+00:00\",\"description\":\"Descubre el sello propio de las Galeries Lafayette, en el que encontrar\u00e1s un guardarropa contempor\u00e1neo y elegante para mujer, hombre y los m\u00e1s peque\u00f1os.\",\"breadcrumb\":{\"@id\":\"https:\\\/\\\/haussmann.galerieslafayette.com\\\/es\\\/las-marcas-del-grupo-galeries-lafayette\\\/#breadcrumb\"},\"inLanguage\":\"es\",\"potentialAction\":[{\"@type\":\"ReadAction\",\"target\":[\"https:\\\/\\\/haussmann.galerieslafayette.com\\\/es\\\/las-marcas-del-grupo-galeries-lafayette\\\/\"]}]},{\"@type\":\"ImageObject\",\"inLanguage\":\"es\",\"@id\":\"https:\\\/\\\/haussmann.galerieslafayette.com\\\/es\\\/las-marcas-del-grupo-galeries-lafayette\\\/#primaryimage\",\"url\":\"https:\\\/\\\/haussmann.galerieslafayette.com\\\/wp-content\\\/uploads\\\/1970\\\/01\\\/marque-galeries-lafayette.png\",\"contentUrl\":\"https:\\\/\\\/haussmann.galerieslafayette.com\\\/wp-content\\\/uploads\\\/1970\\\/01\\\/marque-galeries-lafayette.png\",\"width\":1600,\"height\":594,\"caption\":\"Marques Galeries Lafayette\"},{\"@type\":\"BreadcrumbList\",\"@id\":\"https:\\\/\\\/haussmann.galerieslafayette.com\\\/es\\\/las-marcas-del-grupo-galeries-lafayette\\\/#breadcrumb\",\"itemListElement\":[{\"@type\":\"ListItem\",\"position\":1,\"name\":\"Inicio\",\"item\":\"https:\\\/\\\/haussmann.galerieslafayette.com\\\/es\\\/home-2\\\/\"},{\"@type\":\"ListItem\",\"position\":2,\"name\":\"Qu\u00e9 tiendas hay en Galeries Lafayette: marcas y colecciones\"}]},{\"@type\":\"WebSite\",\"@id\":\"https:\\\/\\\/haussmann.galerieslafayette.com\\\/es\\\/#website\",\"url\":\"https:\\\/\\\/haussmann.galerieslafayette.com\\\/es\\\/\",\"name\":\"Galeries Lafayette Paris Haussmann\",\"description\":\"La destination mode du shopping parisien\",\"publisher\":{\"@id\":\"https:\\\/\\\/haussmann.galerieslafayette.com\\\/es\\\/#organization\"},\"potentialAction\":[{\"@type\":\"SearchAction\",\"target\":{\"@type\":\"EntryPoint\",\"urlTemplate\":\"https:\\\/\\\/haussmann.galerieslafayette.com\\\/es\\\/?s={search_term_string}\"},\"query-input\":{\"@type\":\"PropertyValueSpecification\",\"valueRequired\":true,\"valueName\":\"search_term_string\"}}],\"inLanguage\":\"es\"},{\"@type\":\"Organization\",\"@id\":\"https:\\\/\\\/haussmann.galerieslafayette.com\\\/es\\\/#organization\",\"name\":\"Galeries Lafayette\",\"url\":\"https:\\\/\\\/haussmann.galerieslafayette.com\\\/es\\\/\",\"logo\":{\"@type\":\"ImageObject\",\"inLanguage\":\"es\",\"@id\":\"https:\\\/\\\/haussmann.galerieslafayette.com\\\/es\\\/#\\\/schema\\\/logo\\\/image\\\/\",\"url\":\"https:\\\/\\\/haussmann.galerieslafayette.com\\\/wp-content\\\/uploads\\\/2021\\\/03\\\/GL_LOGO2L_N.jpg\",\"contentUrl\":\"https:\\\/\\\/haussmann.galerieslafayette.com\\\/wp-content\\\/uploads\\\/2021\\\/03\\\/GL_LOGO2L_N.jpg\",\"width\":1535,\"height\":827,\"caption\":\"Galeries Lafayette\"},\"image\":{\"@id\":\"https:\\\/\\\/haussmann.galerieslafayette.com\\\/es\\\/#\\\/schema\\\/logo\\\/image\\\/\"},\"sameAs\":[\"https:\\\/\\\/www.facebook.com\\\/galerieslafayette\\\/\",\"https:\\\/\\\/x.com\\\/Galeries_Laf\",\"https:\\\/\\\/www.instagram.com\\\/galerieslafayette\\\/\",\"http:\\\/\\\/www.youtube.com\\\/user\\\/GaleriesLafayette1\"]},{\"@type\":\"Person\",\"@id\":\"https:\\\/\\\/haussmann.galerieslafayette.com\\\/es\\\/#\\\/schema\\\/person\\\/f501266e490641d9f3f73d3d54a62e3e\",\"name\":\"Chiayu Lee\",\"image\":{\"@type\":\"ImageObject\",\"inLanguage\":\"es\",\"@id\":\"https:\\\/\\\/secure.gravatar.com\\\/avatar\\\/9a51d0000ed144f0d8c8241ecdd3b7041d7a5495bcb525be15863a0631619098?s=96&d=mm&r=g\",\"url\":\"https:\\\/\\\/secure.gravatar.com\\\/avatar\\\/9a51d0000ed144f0d8c8241ecdd3b7041d7a5495bcb525be15863a0631619098?s=96&d=mm&r=g\",\"contentUrl\":\"https:\\\/\\\/secure.gravatar.com\\\/avatar\\\/9a51d0000ed144f0d8c8241ecdd3b7041d7a5495bcb525be15863a0631619098?s=96&d=mm&r=g\",\"caption\":\"Chiayu Lee\"}}]}<\/script>\n<!-- \/ Yoast SEO plugin. -->","yoast_head_json":{"title":"Qu\u00e9 tiendas hay en Galeries Lafayette: marcas y colecciones | Galeries Lafayette Paris Haussmann","description":"Descubre el sello propio de las Galeries Lafayette, en el que encontrar\u00e1s un guardarropa contempor\u00e1neo y elegante para mujer, hombre y los m\u00e1s peque\u00f1os.","robots":{"index":"index","follow":"follow","max-snippet":"max-snippet:-1","max-image-preview":"max-image-preview:large","max-video-preview":"max-video-preview:-1"},"canonical":"https:\/\/haussmann.galerieslafayette.com\/es\/las-marcas-del-grupo-galeries-lafayette\/","og_locale":"es_ES","og_type":"article","og_title":"Qu\u00e9 tiendas hay en Galeries Lafayette: marcas y colecciones | Galeries Lafayette Paris Haussmann","og_description":"Descubre el sello propio de las Galeries Lafayette, en el que encontrar\u00e1s un guardarropa contempor\u00e1neo y elegante para mujer, hombre y los m\u00e1s peque\u00f1os.","og_url":"https:\/\/haussmann.galerieslafayette.com\/es\/las-marcas-del-grupo-galeries-lafayette\/","og_site_name":"Galeries Lafayette Paris Haussmann","article_publisher":"https:\/\/www.facebook.com\/galerieslafayette\/","article_published_time":"2021-05-12T08:07:10+00:00","article_modified_time":"2026-09-03T13:57:17+00:00","og_image":[{"width":1600,"height":594,"url":"https:\/\/haussmann.galerieslafayette.com\/wp-content\/uploads\/1970\/01\/marque-galeries-lafayette.png","type":"image\/png"}],"author":"Chiayu Lee","twitter_card":"summary_large_image","twitter_creator":"@Galeries_Laf","twitter_site":"@Galeries_Laf","schema":{"@context":"https:\/\/schema.org","@graph":[{"@type":"Article","@id":"https:\/\/haussmann.galerieslafayette.com\/es\/las-marcas-del-grupo-galeries-lafayette\/#article","isPartOf":{"@id":"https:\/\/haussmann.galerieslafayette.com\/es\/las-marcas-del-grupo-galeries-lafayette\/"},"author":{"name":"Chiayu Lee","@id":"https:\/\/haussmann.galerieslafayette.com\/es\/#\/schema\/person\/f501266e490641d9f3f73d3d54a62e3e"},"headline":"Qu\u00e9 tiendas hay en Galeries Lafayette: marcas y colecciones","datePublished":"2021-05-12T08:07:10+00:00","dateModified":"2026-09-03T13:57:17+00:00","mainEntityOfPage":{"@id":"https:\/\/haussmann.galerieslafayette.com\/es\/las-marcas-del-grupo-galeries-lafayette\/"},"wordCount":1337,"publisher":{"@id":"https:\/\/haussmann.galerieslafayette.com\/es\/#organization"},"image":{"@id":"https:\/\/haussmann.galerieslafayette.com\/es\/las-marcas-del-grupo-galeries-lafayette\/#primaryimage"},"thumbnailUrl":"https:\/\/haussmann.galerieslafayette.com\/wp-content\/uploads\/1970\/01\/marque-galeries-lafayette.png","articleSection":["Go for Good","Mujer","Universos"],"inLanguage":"es"},{"@type":"WebPage","@id":"https:\/\/haussmann.galerieslafayette.com\/es\/las-marcas-del-grupo-galeries-lafayette\/","url":"https:\/\/haussmann.galerieslafayette.com\/es\/las-marcas-del-grupo-galeries-lafayette\/","name":"Qu\u00e9 tiendas hay en Galeries Lafayette: marcas y colecciones | Galeries Lafayette Paris Haussmann","isPartOf":{"@id":"https:\/\/haussmann.galerieslafayette.com\/es\/#website"},"primaryImageOfPage":{"@id":"https:\/\/haussmann.galerieslafayette.com\/es\/las-marcas-del-grupo-galeries-lafayette\/#primaryimage"},"image":{"@id":"https:\/\/haussmann.galerieslafayette.com\/es\/las-marcas-del-grupo-galeries-lafayette\/#primaryimage"},"thumbnailUrl":"https:\/\/haussmann.galerieslafayette.com\/wp-content\/uploads\/1970\/01\/marque-galeries-lafayette.png","datePublished":"2021-05-12T08:07:10+00:00","dateModified":"2026-09-03T13:57:17+00:00","description":"Descubre el sello propio de las Galeries Lafayette, en el que encontrar\u00e1s un guardarropa contempor\u00e1neo y elegante para mujer, hombre y los m\u00e1s peque\u00f1os.","breadcrumb":{"@id":"https:\/\/haussmann.galerieslafayette.com\/es\/las-marcas-del-grupo-galeries-lafayette\/#breadcrumb"},"inLanguage":"es","potentialAction":[{"@type":"ReadAction","target":["https:\/\/haussmann.galerieslafayette.com\/es\/las-marcas-del-grupo-galeries-lafayette\/"]}]},{"@type":"ImageObject","inLanguage":"es","@id":"https:\/\/haussmann.galerieslafayette.com\/es\/las-marcas-del-grupo-galeries-lafayette\/#primaryimage","url":"https:\/\/haussmann.galerieslafayette.com\/wp-content\/uploads\/1970\/01\/marque-galeries-lafayette.png","contentUrl":"https:\/\/haussmann.galerieslafayette.com\/wp-content\/uploads\/1970\/01\/marque-galeries-lafayette.png","width":1600,"height":594,"caption":"Marques Galeries Lafayette"},{"@type":"BreadcrumbList","@id":"https:\/\/haussmann.galerieslafayette.com\/es\/las-marcas-del-grupo-galeries-lafayette\/#breadcrumb","itemListElement":[{"@type":"ListItem","position":1,"name":"Inicio","item":"https:\/\/haussmann.galerieslafayette.com\/es\/home-2\/"},{"@type":"ListItem","position":2,"name":"Qu\u00e9 tiendas hay en Galeries Lafayette: marcas y colecciones"}]},{"@type":"WebSite","@id":"https:\/\/haussmann.galerieslafayette.com\/es\/#website","url":"https:\/\/haussmann.galerieslafayette.com\/es\/","name":"Galeries Lafayette Paris Haussmann","description":"La destination mode du shopping parisien","publisher":{"@id":"https:\/\/haussmann.galerieslafayette.com\/es\/#organization"},"potentialAction":[{"@type":"SearchAction","target":{"@type":"EntryPoint","urlTemplate":"https:\/\/haussmann.galerieslafayette.com\/es\/?s={search_term_string}"},"query-input":{"@type":"PropertyValueSpecification","valueRequired":true,"valueName":"search_term_string"}}],"inLanguage":"es"},{"@type":"Organization","@id":"https:\/\/haussmann.galerieslafayette.com\/es\/#organization","name":"Galeries Lafayette","url":"https:\/\/haussmann.galerieslafayette.com\/es\/","logo":{"@type":"ImageObject","inLanguage":"es","@id":"https:\/\/haussmann.galerieslafayette.com\/es\/#\/schema\/logo\/image\/","url":"https:\/\/haussmann.galerieslafayette.com\/wp-content\/uploads\/2021\/03\/GL_LOGO2L_N.jpg","contentUrl":"https:\/\/haussmann.galerieslafayette.com\/wp-content\/uploads\/2021\/03\/GL_LOGO2L_N.jpg","width":1535,"height":827,"caption":"Galeries Lafayette"},"image":{"@id":"https:\/\/haussmann.galerieslafayette.com\/es\/#\/schema\/logo\/image\/"},"sameAs":["https:\/\/www.facebook.com\/galerieslafayette\/","https:\/\/x.com\/Galeries_Laf","https:\/\/www.instagram.com\/galerieslafayette\/","http:\/\/www.youtube.com\/user\/GaleriesLafayette1"]},{"@type":"Person","@id":"https:\/\/haussmann.galerieslafayette.com\/es\/#\/schema\/person\/f501266e490641d9f3f73d3d54a62e3e","name":"Chiayu Lee","image":{"@type":"ImageObject","inLanguage":"es","@id":"https:\/\/secure.gravatar.com\/avatar\/9a51d0000ed144f0d8c8241ecdd3b7041d7a5495bcb525be15863a0631619098?s=96&d=mm&r=g","url":"https:\/\/secure.gravatar.com\/avatar\/9a51d0000ed144f0d8c8241ecdd3b7041d7a5495bcb525be15863a0631619098?s=96&d=mm&r=g","contentUrl":"https:\/\/secure.gravatar.com\/avatar\/9a51d0000ed144f0d8c8241ecdd3b7041d7a5495bcb525be15863a0631619098?s=96&d=mm&r=g","caption":"Chiayu Lee"}}]}},"_links":{"self":[{"href":"https:\/\/haussmann.galerieslafayette.com\/es\/wp-json\/wp\/v2\/posts\/1213077","targetHints":{"allow":["GET"]}}],"collection":[{"href":"https:\/\/haussmann.galerieslafayette.com\/es\/wp-json\/wp\/v2\/posts"}],"about":[{"href":"https:\/\/haussmann.galerieslafayette.com\/es\/wp-json\/wp\/v2\/types\/post"}],"author":[{"embeddable":true,"href":"https:\/\/haussmann.galerieslafayette.com\/es\/wp-json\/wp\/v2\/users\/60"}],"replies":[{"embeddable":true,"href":"https:\/\/haussmann.galerieslafayette.com\/es\/wp-json\/wp\/v2\/comments?post=1213077"}],"version-history":[{"count":6,"href":"https:\/\/haussmann.galerieslafayette.com\/es\/wp-json\/wp\/v2\/posts\/1213077\/revisions"}],"predecessor-version":[{"id":1394138,"href":"https:\/\/haussmann.galerieslafayette.com\/es\/wp-json\/wp\/v2\/posts\/1213077\/revisions\/1394138"}],"wp:featuredmedia":[{"embeddable":true,"href":"https:\/\/haussmann.galerieslafayette.com\/es\/wp-json\/wp\/v2\/media\/1212971"}],"wp:attachment":[{"href":"https:\/\/haussmann.galerieslafayette.com\/es\/wp-json\/wp\/v2\/media?parent=1213077"}],"wp:term":[{"taxonomy":"category","embeddable":true,"href":"https:\/\/haussmann.galerieslafayette.com\/es\/wp-json\/wp\/v2\/categories?post=1213077"},{"taxonomy":"post_tag","embeddable":true,"href":"https:\/\/haussmann.galerieslafayette.com\/es\/wp-json\/wp\/v2\/tags?post=1213077"}],"curies":[{"name":"wp","href":"https:\/\/api.w.org\/{rel}","templated":true}]}}