{"id":1258232,"date":"2022-09-27T15:53:54","date_gmt":"2022-09-27T13:53:54","guid":{"rendered":"https:\/\/haussmann.galerieslafayette.com\/ds-cafe\/"},"modified":"2025-12-29T15:28:04","modified_gmt":"2025-12-29T14:28:04","slug":"ds-cafe","status":"publish","type":"post","link":"https:\/\/haussmann.galerieslafayette.com\/es\/ds-cafe\/","title":{"rendered":"DS Caf\u00e9"},"content":{"rendered":"\n<figure class=\"wp-block-image size-large\"><img fetchpriority=\"high\" decoding=\"async\" width=\"1024\" height=\"702\" src=\"https:\/\/haussmann.galerieslafayette.com\/wp-content\/uploads\/2022\/07\/copyright-@thibaut-voisin-TVO_04072022_GLM_0603-BD-1024x702.jpg\" alt=\"\" class=\"wp-image-1253324\" srcset=\"https:\/\/haussmann.galerieslafayette.com\/wp-content\/uploads\/2022\/07\/copyright-@thibaut-voisin-TVO_04072022_GLM_0603-BD-1024x702.jpg 1024w, https:\/\/haussmann.galerieslafayette.com\/wp-content\/uploads\/2022\/07\/copyright-@thibaut-voisin-TVO_04072022_GLM_0603-BD-300x206.jpg 300w, https:\/\/haussmann.galerieslafayette.com\/wp-content\/uploads\/2022\/07\/copyright-@thibaut-voisin-TVO_04072022_GLM_0603-BD-768x527.jpg 768w, https:\/\/haussmann.galerieslafayette.com\/wp-content\/uploads\/2022\/07\/copyright-@thibaut-voisin-TVO_04072022_GLM_0603-BD.jpg 1422w\" sizes=\"(max-width: 1024px) 100vw, 1024px\" \/><figcaption class=\"wp-element-caption\">EL DS CAF\u00c9: Una pausa saludable, reconfortante y energizante <\/figcaption><\/figure>\n\n\n\n<p>Como hoy en d\u00eda la nutrici\u00f3n es un pilar fundamental del fitness y el bienestar, los visitantes del DS Caf\u00e9 pueden disfrutar de un <strong>almuerzo saludable<\/strong> o regalarse una <strong>pausa gourmet y sana<\/strong>, en cualquier momento del d\u00eda. Ideal para incorporar a pleno buenos nutrientes y buena energ\u00eda antes de continuar con tus actividades. <\/p>\n\n\n\n<p>El DS Caf\u00e9 ofrece <strong>platos para disfrutar<\/strong> en el lugar o para llevar, adem\u00e1s de <strong>zumos reci\u00e9n exprimidos<\/strong> y <strong>smoothies frescos y vitam\u00ednicos<\/strong> o tambi\u00e9n <strong>postres caseros<\/strong> como de manzana o a\u00e7ai bowl. Recetas a la carta, sabrosas y equilibradas, elaboradas con alimentos seleccionados de los mejores productores locales.<\/p>\n\n\n\n<p class=\"has-text-align-center\"><strong>Tienda Coupole &#8211; Planta Baja inferior<\/strong><\/p>\n\n\n\n<div class=\"wp-block-columns is-layout-flex wp-container-core-columns-is-layout-28f84493 wp-block-columns-is-layout-flex\">\n<div class=\"wp-block-column is-layout-flow wp-block-column-is-layout-flow\">\n<div class=\"wp-block-buttons is-content-justification-center is-layout-flex wp-container-core-buttons-is-layout-a89b3969 wp-block-buttons-is-layout-flex\">\n<div class=\"wp-block-button\"><a class=\"wp-block-button__link wp-element-button\" href=\"https:\/\/www.google.com\/maps\/reserve\/v\/dine\/c\/IW88_SHfYqc?source=pa&amp;hl=fr-FR&amp;gei=doYkY6WTMounlwSb84-wBQ&amp;sourceurl=https:\/\/www.google.com\/search?q%3Dds%2Bcafe%2Bhaussmann%26rlz%3D1C1GCEA_enFR1021FR1022%26ei%3DcIYkY7LrILmKur4Pt5mz6AI%26oq%3Dds%2Bcafe%2Bhau%26gs_lcp%3DCgdnd3Mtd2l6EAMYADIFCAAQgAQyBggAEB4QFjIGCAAQHhAWMgYIABAeEBYyBggAEB4QFjIGCAAQHhAWMgYIABAeEBYyAggmMgIIJjICCCY6CggAEEcQ1gQQsAM6EgguEMcBEK8BEMgDELADEEMYAToSCC4QxwEQ0QMQyAMQsAMQQxgBOgoILhDHARCvARBDOgsILhCABBDHARCvAToICAAQHhAWEApKBAhBGABKBAhGGABQqAtYphBgvBdoAnABeACAAWSIAasCkgEDMy4xmAEAoAEByAELwAEB2gEECAEYCA%26sclient%3Dgws-wiz\" target=\"_blank\" rel=\"noreferrer noopener\">Reserva una mesa*<\/a><\/div>\n<\/div>\n<\/div>\n<\/div>\n","protected":false},"excerpt":{"rendered":"<p>Disfruta de una pausa saludable, reconfortante y energizante en la Wellness Galerie de Galeries Lafayette Paris Haussmann.<\/p>\n","protected":false},"author":56,"featured_media":1255121,"comment_status":"closed","ping_status":"closed","sticky":false,"template":"","format":"standard","meta":{"_acf_changed":false,"footnotes":""},"categories":[1444,1073,1088,1068,1100],"tags":[],"class_list":{"1":"post","5":"has-post-thumbnail"},"acf":[],"yoast_head":"<!-- This site is optimized with the Yoast SEO plugin v26.4 - https:\/\/yoast.com\/wordpress\/plugins\/seo\/ -->\n<title>DS Caf\u00e9 - Galeries Lafayette Paris Haussmann<\/title>\n<meta name=\"description\" content=\"Disfruta de una pausa saludable, reconfortante y energizante en la Wellness Galerie de Galeries Lafayette Paris Haussmann.\" \/>\n<meta name=\"robots\" content=\"index, follow, max-snippet:-1, max-image-preview:large, max-video-preview:-1\" \/>\n<link rel=\"canonical\" href=\"https:\/\/haussmann.galerieslafayette.com\/es\/ds-cafe\/\" \/>\n<meta property=\"og:locale\" content=\"es_ES\" \/>\n<meta property=\"og:type\" content=\"article\" \/>\n<meta property=\"og:title\" content=\"DS Caf\u00e9 - Galeries Lafayette Paris Haussmann\" \/>\n<meta property=\"og:description\" content=\"Disfruta de una pausa saludable, reconfortante y energizante en la Wellness Galerie de Galeries Lafayette Paris Haussmann.\" \/>\n<meta property=\"og:url\" content=\"https:\/\/haussmann.galerieslafayette.com\/es\/ds-cafe\/\" \/>\n<meta property=\"og:site_name\" content=\"Galeries Lafayette Paris Haussmann\" \/>\n<meta property=\"article:publisher\" content=\"https:\/\/www.facebook.com\/galerieslafayette\/\" \/>\n<meta property=\"article:published_time\" content=\"2022-09-27T13:53:54+00:00\" \/>\n<meta property=\"article:modified_time\" content=\"2025-12-29T14:28:04+00:00\" \/>\n<meta property=\"og:image\" content=\"https:\/\/haussmann.galerieslafayette.com\/wp-content\/uploads\/2022\/08\/copyright-@thibaut-voisin-TVO_04072022_GLM_0603.jpg\" \/>\n\t<meta property=\"og:image:width\" content=\"4500\" \/>\n\t<meta property=\"og:image:height\" content=\"3087\" \/>\n\t<meta property=\"og:image:type\" content=\"image\/jpeg\" \/>\n<meta name=\"author\" content=\"Trang Bui\" \/>\n<meta name=\"twitter:card\" content=\"summary_large_image\" \/>\n<meta name=\"twitter:creator\" content=\"@Galeries_Laf\" \/>\n<meta name=\"twitter:site\" content=\"@Galeries_Laf\" \/>\n<script type=\"application\/ld+json\" class=\"yoast-schema-graph\">{\"@context\":\"https:\/\/schema.org\",\"@graph\":[{\"@type\":\"Article\",\"@id\":\"https:\/\/haussmann.galerieslafayette.com\/es\/ds-cafe\/#article\",\"isPartOf\":{\"@id\":\"https:\/\/haussmann.galerieslafayette.com\/es\/ds-cafe\/\"},\"author\":{\"name\":\"Trang Bui\",\"@id\":\"https:\/\/haussmann.galerieslafayette.com\/es\/#\/schema\/person\/2ff2abf92f87245662ec1aa5d3e86a64\"},\"headline\":\"DS Caf\u00e9\",\"datePublished\":\"2022-09-27T13:53:54+00:00\",\"dateModified\":\"2025-12-29T14:28:04+00:00\",\"mainEntityOfPage\":{\"@id\":\"https:\/\/haussmann.galerieslafayette.com\/es\/ds-cafe\/\"},\"wordCount\":132,\"publisher\":{\"@id\":\"https:\/\/haussmann.galerieslafayette.com\/es\/#organization\"},\"image\":{\"@id\":\"https:\/\/haussmann.galerieslafayette.com\/es\/ds-cafe\/#primaryimage\"},\"thumbnailUrl\":\"https:\/\/haussmann.galerieslafayette.com\/wp-content\/uploads\/2022\/08\/copyright-@thibaut-voisin-TVO_04072022_GLM_0603.jpg\",\"articleSection\":[\"Vegetariano\",\"Caf\u00e9\",\"Al paso\",\"Restaurantes\",\"Franc\u00e9s\"],\"inLanguage\":\"es\"},{\"@type\":\"WebPage\",\"@id\":\"https:\/\/haussmann.galerieslafayette.com\/es\/ds-cafe\/\",\"url\":\"https:\/\/haussmann.galerieslafayette.com\/es\/ds-cafe\/\",\"name\":\"DS Caf\u00e9 - Galeries Lafayette Paris Haussmann\",\"isPartOf\":{\"@id\":\"https:\/\/haussmann.galerieslafayette.com\/es\/#website\"},\"primaryImageOfPage\":{\"@id\":\"https:\/\/haussmann.galerieslafayette.com\/es\/ds-cafe\/#primaryimage\"},\"image\":{\"@id\":\"https:\/\/haussmann.galerieslafayette.com\/es\/ds-cafe\/#primaryimage\"},\"thumbnailUrl\":\"https:\/\/haussmann.galerieslafayette.com\/wp-content\/uploads\/2022\/08\/copyright-@thibaut-voisin-TVO_04072022_GLM_0603.jpg\",\"datePublished\":\"2022-09-27T13:53:54+00:00\",\"dateModified\":\"2025-12-29T14:28:04+00:00\",\"description\":\"Disfruta de una pausa saludable, reconfortante y energizante en la Wellness Galerie de Galeries Lafayette Paris Haussmann.\",\"breadcrumb\":{\"@id\":\"https:\/\/haussmann.galerieslafayette.com\/es\/ds-cafe\/#breadcrumb\"},\"inLanguage\":\"es\",\"potentialAction\":[{\"@type\":\"ReadAction\",\"target\":[\"https:\/\/haussmann.galerieslafayette.com\/es\/ds-cafe\/\"]}]},{\"@type\":\"ImageObject\",\"inLanguage\":\"es\",\"@id\":\"https:\/\/haussmann.galerieslafayette.com\/es\/ds-cafe\/#primaryimage\",\"url\":\"https:\/\/haussmann.galerieslafayette.com\/wp-content\/uploads\/2022\/08\/copyright-@thibaut-voisin-TVO_04072022_GLM_0603.jpg\",\"contentUrl\":\"https:\/\/haussmann.galerieslafayette.com\/wp-content\/uploads\/2022\/08\/copyright-@thibaut-voisin-TVO_04072022_GLM_0603.jpg\",\"width\":4500,\"height\":3087},{\"@type\":\"BreadcrumbList\",\"@id\":\"https:\/\/haussmann.galerieslafayette.com\/es\/ds-cafe\/#breadcrumb\",\"itemListElement\":[{\"@type\":\"ListItem\",\"position\":1,\"name\":\"Inicio\",\"item\":\"https:\/\/haussmann.galerieslafayette.com\/es\/home-2\/\"},{\"@type\":\"ListItem\",\"position\":2,\"name\":\"Restaurantes\",\"item\":\"https:\/\/haussmann.galerieslafayette.com\/es\/category\/restaurantes\/\"},{\"@type\":\"ListItem\",\"position\":3,\"name\":\"Al paso\",\"item\":\"https:\/\/haussmann.galerieslafayette.com\/es\/category\/restaurantes\/al-paso\/\"},{\"@type\":\"ListItem\",\"position\":4,\"name\":\"DS Caf\u00e9\"}]},{\"@type\":\"WebSite\",\"@id\":\"https:\/\/haussmann.galerieslafayette.com\/es\/#website\",\"url\":\"https:\/\/haussmann.galerieslafayette.com\/es\/\",\"name\":\"Galeries Lafayette Paris Haussmann\",\"description\":\"La destination mode du shopping parisien\",\"publisher\":{\"@id\":\"https:\/\/haussmann.galerieslafayette.com\/es\/#organization\"},\"potentialAction\":[{\"@type\":\"SearchAction\",\"target\":{\"@type\":\"EntryPoint\",\"urlTemplate\":\"https:\/\/haussmann.galerieslafayette.com\/es\/?s={search_term_string}\"},\"query-input\":{\"@type\":\"PropertyValueSpecification\",\"valueRequired\":true,\"valueName\":\"search_term_string\"}}],\"inLanguage\":\"es\"},{\"@type\":\"Organization\",\"@id\":\"https:\/\/haussmann.galerieslafayette.com\/es\/#organization\",\"name\":\"Galeries Lafayette\",\"url\":\"https:\/\/haussmann.galerieslafayette.com\/es\/\",\"logo\":{\"@type\":\"ImageObject\",\"inLanguage\":\"es\",\"@id\":\"https:\/\/haussmann.galerieslafayette.com\/es\/#\/schema\/logo\/image\/\",\"url\":\"https:\/\/haussmann.galerieslafayette.com\/wp-content\/uploads\/2021\/03\/GL_LOGO2L_N.jpg\",\"contentUrl\":\"https:\/\/haussmann.galerieslafayette.com\/wp-content\/uploads\/2021\/03\/GL_LOGO2L_N.jpg\",\"width\":1535,\"height\":827,\"caption\":\"Galeries Lafayette\"},\"image\":{\"@id\":\"https:\/\/haussmann.galerieslafayette.com\/es\/#\/schema\/logo\/image\/\"},\"sameAs\":[\"https:\/\/www.facebook.com\/galerieslafayette\/\",\"https:\/\/x.com\/Galeries_Laf\",\"https:\/\/www.instagram.com\/galerieslafayette\/\",\"http:\/\/www.youtube.com\/user\/GaleriesLafayette1\"]},{\"@type\":\"Person\",\"@id\":\"https:\/\/haussmann.galerieslafayette.com\/es\/#\/schema\/person\/2ff2abf92f87245662ec1aa5d3e86a64\",\"name\":\"Trang Bui\",\"image\":{\"@type\":\"ImageObject\",\"inLanguage\":\"es\",\"@id\":\"https:\/\/haussmann.galerieslafayette.com\/es\/#\/schema\/person\/image\/\",\"url\":\"https:\/\/secure.gravatar.com\/avatar\/9acd904d878c88ab328344e6bc49e4c5b6d0b3eaa04ac4fb1f184c4704974fce?s=96&d=mm&r=g\",\"contentUrl\":\"https:\/\/secure.gravatar.com\/avatar\/9acd904d878c88ab328344e6bc49e4c5b6d0b3eaa04ac4fb1f184c4704974fce?s=96&d=mm&r=g\",\"caption\":\"Trang Bui\"}}]}<\/script>\n<!-- \/ Yoast SEO plugin. -->","yoast_head_json":{"title":"DS Caf\u00e9 - Galeries Lafayette Paris Haussmann","description":"Disfruta de una pausa saludable, reconfortante y energizante en la Wellness Galerie de Galeries Lafayette Paris Haussmann.","robots":{"index":"index","follow":"follow","max-snippet":"max-snippet:-1","max-image-preview":"max-image-preview:large","max-video-preview":"max-video-preview:-1"},"canonical":"https:\/\/haussmann.galerieslafayette.com\/es\/ds-cafe\/","og_locale":"es_ES","og_type":"article","og_title":"DS Caf\u00e9 - Galeries Lafayette Paris Haussmann","og_description":"Disfruta de una pausa saludable, reconfortante y energizante en la Wellness Galerie de Galeries Lafayette Paris Haussmann.","og_url":"https:\/\/haussmann.galerieslafayette.com\/es\/ds-cafe\/","og_site_name":"Galeries Lafayette Paris Haussmann","article_publisher":"https:\/\/www.facebook.com\/galerieslafayette\/","article_published_time":"2022-09-27T13:53:54+00:00","article_modified_time":"2025-12-29T14:28:04+00:00","og_image":[{"width":4500,"height":3087,"url":"https:\/\/haussmann.galerieslafayette.com\/wp-content\/uploads\/2022\/08\/copyright-@thibaut-voisin-TVO_04072022_GLM_0603.jpg","type":"image\/jpeg"}],"author":"Trang Bui","twitter_card":"summary_large_image","twitter_creator":"@Galeries_Laf","twitter_site":"@Galeries_Laf","schema":{"@context":"https:\/\/schema.org","@graph":[{"@type":"Article","@id":"https:\/\/haussmann.galerieslafayette.com\/es\/ds-cafe\/#article","isPartOf":{"@id":"https:\/\/haussmann.galerieslafayette.com\/es\/ds-cafe\/"},"author":{"name":"Trang Bui","@id":"https:\/\/haussmann.galerieslafayette.com\/es\/#\/schema\/person\/2ff2abf92f87245662ec1aa5d3e86a64"},"headline":"DS Caf\u00e9","datePublished":"2022-09-27T13:53:54+00:00","dateModified":"2025-12-29T14:28:04+00:00","mainEntityOfPage":{"@id":"https:\/\/haussmann.galerieslafayette.com\/es\/ds-cafe\/"},"wordCount":132,"publisher":{"@id":"https:\/\/haussmann.galerieslafayette.com\/es\/#organization"},"image":{"@id":"https:\/\/haussmann.galerieslafayette.com\/es\/ds-cafe\/#primaryimage"},"thumbnailUrl":"https:\/\/haussmann.galerieslafayette.com\/wp-content\/uploads\/2022\/08\/copyright-@thibaut-voisin-TVO_04072022_GLM_0603.jpg","articleSection":["Vegetariano","Caf\u00e9","Al paso","Restaurantes","Franc\u00e9s"],"inLanguage":"es"},{"@type":"WebPage","@id":"https:\/\/haussmann.galerieslafayette.com\/es\/ds-cafe\/","url":"https:\/\/haussmann.galerieslafayette.com\/es\/ds-cafe\/","name":"DS Caf\u00e9 - Galeries Lafayette Paris Haussmann","isPartOf":{"@id":"https:\/\/haussmann.galerieslafayette.com\/es\/#website"},"primaryImageOfPage":{"@id":"https:\/\/haussmann.galerieslafayette.com\/es\/ds-cafe\/#primaryimage"},"image":{"@id":"https:\/\/haussmann.galerieslafayette.com\/es\/ds-cafe\/#primaryimage"},"thumbnailUrl":"https:\/\/haussmann.galerieslafayette.com\/wp-content\/uploads\/2022\/08\/copyright-@thibaut-voisin-TVO_04072022_GLM_0603.jpg","datePublished":"2022-09-27T13:53:54+00:00","dateModified":"2025-12-29T14:28:04+00:00","description":"Disfruta de una pausa saludable, reconfortante y energizante en la Wellness Galerie de Galeries Lafayette Paris Haussmann.","breadcrumb":{"@id":"https:\/\/haussmann.galerieslafayette.com\/es\/ds-cafe\/#breadcrumb"},"inLanguage":"es","potentialAction":[{"@type":"ReadAction","target":["https:\/\/haussmann.galerieslafayette.com\/es\/ds-cafe\/"]}]},{"@type":"ImageObject","inLanguage":"es","@id":"https:\/\/haussmann.galerieslafayette.com\/es\/ds-cafe\/#primaryimage","url":"https:\/\/haussmann.galerieslafayette.com\/wp-content\/uploads\/2022\/08\/copyright-@thibaut-voisin-TVO_04072022_GLM_0603.jpg","contentUrl":"https:\/\/haussmann.galerieslafayette.com\/wp-content\/uploads\/2022\/08\/copyright-@thibaut-voisin-TVO_04072022_GLM_0603.jpg","width":4500,"height":3087},{"@type":"BreadcrumbList","@id":"https:\/\/haussmann.galerieslafayette.com\/es\/ds-cafe\/#breadcrumb","itemListElement":[{"@type":"ListItem","position":1,"name":"Inicio","item":"https:\/\/haussmann.galerieslafayette.com\/es\/home-2\/"},{"@type":"ListItem","position":2,"name":"Restaurantes","item":"https:\/\/haussmann.galerieslafayette.com\/es\/category\/restaurantes\/"},{"@type":"ListItem","position":3,"name":"Al paso","item":"https:\/\/haussmann.galerieslafayette.com\/es\/category\/restaurantes\/al-paso\/"},{"@type":"ListItem","position":4,"name":"DS Caf\u00e9"}]},{"@type":"WebSite","@id":"https:\/\/haussmann.galerieslafayette.com\/es\/#website","url":"https:\/\/haussmann.galerieslafayette.com\/es\/","name":"Galeries Lafayette Paris Haussmann","description":"La destination mode du shopping parisien","publisher":{"@id":"https:\/\/haussmann.galerieslafayette.com\/es\/#organization"},"potentialAction":[{"@type":"SearchAction","target":{"@type":"EntryPoint","urlTemplate":"https:\/\/haussmann.galerieslafayette.com\/es\/?s={search_term_string}"},"query-input":{"@type":"PropertyValueSpecification","valueRequired":true,"valueName":"search_term_string"}}],"inLanguage":"es"},{"@type":"Organization","@id":"https:\/\/haussmann.galerieslafayette.com\/es\/#organization","name":"Galeries Lafayette","url":"https:\/\/haussmann.galerieslafayette.com\/es\/","logo":{"@type":"ImageObject","inLanguage":"es","@id":"https:\/\/haussmann.galerieslafayette.com\/es\/#\/schema\/logo\/image\/","url":"https:\/\/haussmann.galerieslafayette.com\/wp-content\/uploads\/2021\/03\/GL_LOGO2L_N.jpg","contentUrl":"https:\/\/haussmann.galerieslafayette.com\/wp-content\/uploads\/2021\/03\/GL_LOGO2L_N.jpg","width":1535,"height":827,"caption":"Galeries Lafayette"},"image":{"@id":"https:\/\/haussmann.galerieslafayette.com\/es\/#\/schema\/logo\/image\/"},"sameAs":["https:\/\/www.facebook.com\/galerieslafayette\/","https:\/\/x.com\/Galeries_Laf","https:\/\/www.instagram.com\/galerieslafayette\/","http:\/\/www.youtube.com\/user\/GaleriesLafayette1"]},{"@type":"Person","@id":"https:\/\/haussmann.galerieslafayette.com\/es\/#\/schema\/person\/2ff2abf92f87245662ec1aa5d3e86a64","name":"Trang Bui","image":{"@type":"ImageObject","inLanguage":"es","@id":"https:\/\/haussmann.galerieslafayette.com\/es\/#\/schema\/person\/image\/","url":"https:\/\/secure.gravatar.com\/avatar\/9acd904d878c88ab328344e6bc49e4c5b6d0b3eaa04ac4fb1f184c4704974fce?s=96&d=mm&r=g","contentUrl":"https:\/\/secure.gravatar.com\/avatar\/9acd904d878c88ab328344e6bc49e4c5b6d0b3eaa04ac4fb1f184c4704974fce?s=96&d=mm&r=g","caption":"Trang Bui"}}]}},"_links":{"self":[{"href":"https:\/\/haussmann.galerieslafayette.com\/es\/wp-json\/wp\/v2\/posts\/1258232","targetHints":{"allow":["GET"]}}],"collection":[{"href":"https:\/\/haussmann.galerieslafayette.com\/es\/wp-json\/wp\/v2\/posts"}],"about":[{"href":"https:\/\/haussmann.galerieslafayette.com\/es\/wp-json\/wp\/v2\/types\/post"}],"author":[{"embeddable":true,"href":"https:\/\/haussmann.galerieslafayette.com\/es\/wp-json\/wp\/v2\/users\/56"}],"replies":[{"embeddable":true,"href":"https:\/\/haussmann.galerieslafayette.com\/es\/wp-json\/wp\/v2\/comments?post=1258232"}],"version-history":[{"count":7,"href":"https:\/\/haussmann.galerieslafayette.com\/es\/wp-json\/wp\/v2\/posts\/1258232\/revisions"}],"predecessor-version":[{"id":1379332,"href":"https:\/\/haussmann.galerieslafayette.com\/es\/wp-json\/wp\/v2\/posts\/1258232\/revisions\/1379332"}],"wp:featuredmedia":[{"embeddable":true,"href":"https:\/\/haussmann.galerieslafayette.com\/es\/wp-json\/wp\/v2\/media\/1255121"}],"wp:attachment":[{"href":"https:\/\/haussmann.galerieslafayette.com\/es\/wp-json\/wp\/v2\/media?parent=1258232"}],"wp:term":[{"taxonomy":"category","embeddable":true,"href":"https:\/\/haussmann.galerieslafayette.com\/es\/wp-json\/wp\/v2\/categories?post=1258232"},{"taxonomy":"post_tag","embeddable":true,"href":"https:\/\/haussmann.galerieslafayette.com\/es\/wp-json\/wp\/v2\/tags?post=1258232"}],"curies":[{"name":"wp","href":"https:\/\/api.w.org\/{rel}","templated":true}]}}