{"id":1259620,"date":"2022-10-05T09:28:45","date_gmt":"2022-10-05T07:28:45","guid":{"rendered":"https:\/\/haussmann.galerieslafayette.com\/mosugo-por-mory-sacko\/"},"modified":"2026-01-14T15:09:00","modified_gmt":"2026-01-14T14:09:00","slug":"mosugo-por-mory-sacko","status":"publish","type":"post","link":"https:\/\/haussmann.galerieslafayette.com\/es\/mosugo-por-mory-sacko\/","title":{"rendered":"Mosugo por Mory Sacko"},"content":{"rendered":"\n<div style=\"height:20px\" aria-hidden=\"true\" class=\"wp-block-spacer\"><\/div>\n\n\n\n<div class=\"wp-block-media-text is-stacked-on-mobile\" style=\"grid-template-columns:39% auto\"><figure class=\"wp-block-media-text__media\"><img fetchpriority=\"high\" decoding=\"async\" width=\"589\" height=\"882\" src=\"https:\/\/haussmann.galerieslafayette.com\/wp-content\/uploads\/2022\/09\/Mory-Sacko_Restaurant-MOSUGO.jpg\" alt=\"Burge\" class=\"wp-image-1295944 size-full\" srcset=\"https:\/\/haussmann.galerieslafayette.com\/wp-content\/uploads\/2022\/09\/Mory-Sacko_Restaurant-MOSUGO.jpg 589w, https:\/\/haussmann.galerieslafayette.com\/wp-content\/uploads\/2022\/09\/Mory-Sacko_Restaurant-MOSUGO-200x300.jpg 200w\" sizes=\"(max-width: 589px) 100vw, 589px\" \/><\/figure><div class=\"wp-block-media-text__content\">\n<h2 class=\"wp-block-heading\"><strong>El chef<\/strong><\/h2>\n\n\n\n<p>Apasionado por la cocina, <strong>Mory Sacko<\/strong> abri\u00f3 en 2020<a href=\"https:\/\/mosuke-restaurant.com\/\" target=\"_blank\" rel=\"noreferrer noopener\"> <strong>MoSuke<\/strong><\/a>. Cerrado temporalmente durante el confinamiento de ese mismo a\u00f1o, present\u00f3 un men\u00fa para llevar totalmente inspirado en el esp\u00edritu Street-Food. <\/p>\n\n\n\n<p>As\u00ed, los parisinos descubrieron los sabores de su pollo frito y su versi\u00f3n de la hamburguesa. La propuesta se traslad\u00f3 al festival de m\u00fasica <a href=\"https:\/\/www.lollaparis.com\/\" target=\"_blank\" rel=\"noreferrer noopener\"><strong>Lolapalooza<\/strong> <\/a>antes de desplegarse por primera vez como restaurante en Galeries Lafayette Le Gourmet.<\/p>\n<\/div><\/div>\n\n\n\n<div style=\"height:23px\" aria-hidden=\"true\" class=\"wp-block-spacer\"><\/div>\n\n\n\n<h2 class=\"wp-block-heading\"><strong>El restaurante <\/strong><\/h2>\n\n\n\n<p>Ba\u00f1ado por la luz, con un decorado de madera natural y refinado donde se encuentran colores y materiales nobles. Con la asociaci\u00f3n de los tonos del beige y el crema se crea una atm\u00f3sfera relajante y viajera. Como hilo conductor del decorado, el arco simboliza los puentes entre \u00c1frica Occidental, Francia y Jap\u00f3n, territorios de inspiraci\u00f3n de Mory Sacko.<\/p>\n\n\n\n<figure class=\"wp-block-gallery has-nested-images columns-4 is-cropped wp-block-gallery-1 is-layout-flex wp-block-gallery-is-layout-flex\">\n<figure class=\"wp-block-image size-large\"><a href=\"https:\/\/haussmann.galerieslafayette.com\/wp-content\/uploads\/2022\/09\/mosugo-lisa-klein-michel-2-683x1024.jpg\" target=\"_blank\" rel=\"noopener\"><img decoding=\"async\" width=\"683\" height=\"1024\" data-id=\"1256547\" src=\"https:\/\/haussmann.galerieslafayette.com\/wp-content\/uploads\/2022\/09\/mosugo-lisa-klein-michel-2-683x1024.jpg\" alt=\"\" class=\"wp-image-1256547\" srcset=\"https:\/\/haussmann.galerieslafayette.com\/wp-content\/uploads\/2022\/09\/mosugo-lisa-klein-michel-2-683x1024.jpg 683w, https:\/\/haussmann.galerieslafayette.com\/wp-content\/uploads\/2022\/09\/mosugo-lisa-klein-michel-2-200x300.jpg 200w, https:\/\/haussmann.galerieslafayette.com\/wp-content\/uploads\/2022\/09\/mosugo-lisa-klein-michel-2-768x1151.jpg 768w, https:\/\/haussmann.galerieslafayette.com\/wp-content\/uploads\/2022\/09\/mosugo-lisa-klein-michel-2-1025x1536.jpg 1025w, https:\/\/haussmann.galerieslafayette.com\/wp-content\/uploads\/2022\/09\/mosugo-lisa-klein-michel-2-1367x2048.jpg 1367w\" sizes=\"(max-width: 683px) 100vw, 683px\" \/><\/a><\/figure>\n\n\n\n<figure class=\"wp-block-image size-large\"><a href=\"https:\/\/haussmann.galerieslafayette.com\/wp-content\/uploads\/2022\/09\/mosugo-lisa-klein-michel-3-683x1024.jpg\" target=\"_blank\" rel=\"noopener\"><img decoding=\"async\" width=\"683\" height=\"1024\" data-id=\"1256555\" src=\"https:\/\/haussmann.galerieslafayette.com\/wp-content\/uploads\/2022\/09\/mosugo-lisa-klein-michel-3-683x1024.jpg\" alt=\"\" class=\"wp-image-1256555\" srcset=\"https:\/\/haussmann.galerieslafayette.com\/wp-content\/uploads\/2022\/09\/mosugo-lisa-klein-michel-3-683x1024.jpg 683w, https:\/\/haussmann.galerieslafayette.com\/wp-content\/uploads\/2022\/09\/mosugo-lisa-klein-michel-3-200x300.jpg 200w, https:\/\/haussmann.galerieslafayette.com\/wp-content\/uploads\/2022\/09\/mosugo-lisa-klein-michel-3-768x1151.jpg 768w, https:\/\/haussmann.galerieslafayette.com\/wp-content\/uploads\/2022\/09\/mosugo-lisa-klein-michel-3-1025x1536.jpg 1025w, https:\/\/haussmann.galerieslafayette.com\/wp-content\/uploads\/2022\/09\/mosugo-lisa-klein-michel-3-1367x2048.jpg 1367w\" sizes=\"(max-width: 683px) 100vw, 683px\" \/><\/a><\/figure>\n\n\n\n<figure class=\"wp-block-image size-large\"><a href=\"https:\/\/haussmann.galerieslafayette.com\/wp-content\/uploads\/2022\/09\/mosugo-lisa-klein-michel-683x1024.jpg\" target=\"_blank\" rel=\"noopener\"><img loading=\"lazy\" decoding=\"async\" width=\"683\" height=\"1024\" data-id=\"1256539\" src=\"https:\/\/haussmann.galerieslafayette.com\/wp-content\/uploads\/2022\/09\/mosugo-lisa-klein-michel-683x1024.jpg\" alt=\"\" class=\"wp-image-1256539\" srcset=\"https:\/\/haussmann.galerieslafayette.com\/wp-content\/uploads\/2022\/09\/mosugo-lisa-klein-michel-683x1024.jpg 683w, https:\/\/haussmann.galerieslafayette.com\/wp-content\/uploads\/2022\/09\/mosugo-lisa-klein-michel-200x300.jpg 200w, https:\/\/haussmann.galerieslafayette.com\/wp-content\/uploads\/2022\/09\/mosugo-lisa-klein-michel-768x1151.jpg 768w, https:\/\/haussmann.galerieslafayette.com\/wp-content\/uploads\/2022\/09\/mosugo-lisa-klein-michel-1025x1536.jpg 1025w, https:\/\/haussmann.galerieslafayette.com\/wp-content\/uploads\/2022\/09\/mosugo-lisa-klein-michel-1367x2048.jpg 1367w\" sizes=\"(max-width: 683px) 100vw, 683px\" \/><\/a><\/figure>\n\n\n\n<figure class=\"wp-block-image size-large\"><a href=\"https:\/\/haussmann.galerieslafayette.com\/wp-content\/uploads\/2022\/10\/mosugo-wrap-copyright-Ilya-KAGAN-@ilyafoodstories-export-light-1.jpg\" target=\"_blank\" rel=\"noopener\"><img loading=\"lazy\" decoding=\"async\" width=\"1024\" height=\"684\" data-id=\"1379810\" src=\"https:\/\/haussmann.galerieslafayette.com\/wp-content\/uploads\/2022\/10\/mosugo-wrap-copyright-Ilya-KAGAN-@ilyafoodstories-export-light-1-1024x684.jpg\" alt=\"\" class=\"wp-image-1379810\" srcset=\"https:\/\/haussmann.galerieslafayette.com\/wp-content\/uploads\/2022\/10\/mosugo-wrap-copyright-Ilya-KAGAN-@ilyafoodstories-export-light-1-1024x684.jpg 1024w, https:\/\/haussmann.galerieslafayette.com\/wp-content\/uploads\/2022\/10\/mosugo-wrap-copyright-Ilya-KAGAN-@ilyafoodstories-export-light-1-300x200.jpg 300w, https:\/\/haussmann.galerieslafayette.com\/wp-content\/uploads\/2022\/10\/mosugo-wrap-copyright-Ilya-KAGAN-@ilyafoodstories-export-light-1-768x513.jpg 768w, https:\/\/haussmann.galerieslafayette.com\/wp-content\/uploads\/2022\/10\/mosugo-wrap-copyright-Ilya-KAGAN-@ilyafoodstories-export-light-1-1536x1027.jpg 1536w, https:\/\/haussmann.galerieslafayette.com\/wp-content\/uploads\/2022\/10\/mosugo-wrap-copyright-Ilya-KAGAN-@ilyafoodstories-export-light-1.jpg 1616w\" sizes=\"(max-width: 1024px) 100vw, 1024px\" \/><\/a><\/figure>\n<\/figure>\n\n\n\n<div style=\"height:24px\" aria-hidden=\"true\" class=\"wp-block-spacer\"><\/div>\n\n\n\n<h2 class=\"wp-block-heading\"><strong>El men\u00fa&nbsp;<\/strong><\/h2>\n\n\n\n<figure class=\"wp-block-image aligncenter size-large is-resized\"><img loading=\"lazy\" decoding=\"async\" width=\"1024\" height=\"683\" src=\"https:\/\/haussmann.galerieslafayette.com\/wp-content\/uploads\/2022\/10\/PHOTO-DE-PRESENTATION-1024x683.jpg\" alt=\"\" class=\"wp-image-1379811\" style=\"width:652px;height:auto\" srcset=\"https:\/\/haussmann.galerieslafayette.com\/wp-content\/uploads\/2022\/10\/PHOTO-DE-PRESENTATION-1024x683.jpg 1024w, https:\/\/haussmann.galerieslafayette.com\/wp-content\/uploads\/2022\/10\/PHOTO-DE-PRESENTATION-300x200.jpg 300w, https:\/\/haussmann.galerieslafayette.com\/wp-content\/uploads\/2022\/10\/PHOTO-DE-PRESENTATION-768x512.jpg 768w, https:\/\/haussmann.galerieslafayette.com\/wp-content\/uploads\/2022\/10\/PHOTO-DE-PRESENTATION-1536x1024.jpg 1536w, https:\/\/haussmann.galerieslafayette.com\/wp-content\/uploads\/2022\/10\/PHOTO-DE-PRESENTATION-2048x1366.jpg 2048w\" sizes=\"(max-width: 1024px) 100vw, 1024px\" \/><\/figure>\n\n\n\n<p>En la carta de <strong>MOSUGO<\/strong>, el chef propone dos men\u00faes a elecci\u00f3n.<\/p>\n\n\n\n<p><strong>El men\u00fa Slim<\/strong>: Hamburguesa, salsa Bulldog y especias de caj\u00fa presentada con pl\u00e1tano frito para los veggie m\u00e1s una bebida. <\/p>\n\n\n\n<p>&nbsp;<strong>El men\u00fa Big<\/strong>: Hamburguesa de pollo frito, mayonesa de miso, pickles, en un buen pan Bretzel y su versi\u00f3n veggie con pl\u00e1tano frito m\u00e1s una bebida<\/p>\n\n\n\n<p>En cuanto a los acompa\u00f1amientos, hay que probar las batatas fritas y su variante asada, pedir el jugo de bissap casero o jengibre, terminar con el famoso \u00abbrookie\u00bb, un bizcocho h\u00edbrido de cookie y brownie, y dejarse tentar por el Miso Sunday y su helado de miso al caramelo.&nbsp;<\/p>\n\n\n\n<div style=\"height:27px\" aria-hidden=\"true\" class=\"wp-block-spacer\"><\/div>\n\n\n\n<p class=\"has-text-align-center\"><strong><em>Una propuesta para degustar en el lugar o para llevar.<\/em><\/strong><\/p>\n\n\n\n<p class=\"has-text-align-center\"><strong><em>Las Nuevas Mesas del Gourmet de Galeries Lafayette Le Gourmet \u2013 1er piso<\/em><\/strong><\/p>\n\n\n\n<p><\/p>\n","protected":false},"excerpt":{"rendered":"<p>El chef estrella Mory Sacko, figura de la renovaci\u00f3n de la gastronom\u00eda francesa, se presenta en el 1er piso de Galeries Lafayette Le Gourmet con una cocina inspirada en el Street-Food. <\/p>\n","protected":false},"author":56,"featured_media":1256474,"comment_status":"closed","ping_status":"closed","sticky":false,"template":"","format":"standard","meta":{"_acf_changed":false,"footnotes":""},"categories":[1309,1088,1068],"tags":[],"class_list":{"1":"post","5":"has-post-thumbnail"},"acf":[],"yoast_head":"<!-- This site is optimized with the Yoast SEO plugin v26.4 - https:\/\/yoast.com\/wordpress\/plugins\/seo\/ -->\n<title>Mosugo por Mory Sacko - Galeries Lafayette Paris Haussmann<\/title>\n<meta name=\"description\" content=\"El chef estrella Mory Sacko, figura de la renovaci\u00f3n de la gastronom\u00eda francesa, se presenta en el 1er piso de Galeries Lafayette Le Gourmet con una cocina inspirada en el Street-Food.\" \/>\n<meta name=\"robots\" content=\"index, follow, max-snippet:-1, max-image-preview:large, max-video-preview:-1\" \/>\n<link rel=\"canonical\" href=\"https:\/\/haussmann.galerieslafayette.com\/es\/mosugo-por-mory-sacko\/\" \/>\n<meta property=\"og:locale\" content=\"es_ES\" \/>\n<meta property=\"og:type\" content=\"article\" \/>\n<meta property=\"og:title\" content=\"Mosugo por Mory Sacko - Galeries Lafayette Paris Haussmann\" \/>\n<meta property=\"og:description\" content=\"El chef estrella Mory Sacko, figura de la renovaci\u00f3n de la gastronom\u00eda francesa, se presenta en el 1er piso de Galeries Lafayette Le Gourmet con una cocina inspirada en el Street-Food.\" \/>\n<meta property=\"og:url\" content=\"https:\/\/haussmann.galerieslafayette.com\/es\/mosugo-por-mory-sacko\/\" \/>\n<meta property=\"og:site_name\" content=\"Galeries Lafayette Paris Haussmann\" \/>\n<meta property=\"article:publisher\" content=\"https:\/\/www.facebook.com\/galerieslafayette\/\" \/>\n<meta property=\"article:published_time\" content=\"2022-10-05T07:28:45+00:00\" \/>\n<meta property=\"article:modified_time\" content=\"2026-01-14T14:09:00+00:00\" \/>\n<meta property=\"og:image\" content=\"https:\/\/haussmann.galerieslafayette.com\/wp-content\/uploads\/2022\/09\/Untitled-design.jpg\" \/>\n\t<meta property=\"og:image:width\" content=\"1600\" \/>\n\t<meta property=\"og:image:height\" content=\"594\" \/>\n\t<meta property=\"og:image:type\" content=\"image\/jpeg\" \/>\n<meta name=\"author\" content=\"Trang Bui\" \/>\n<meta name=\"twitter:card\" content=\"summary_large_image\" \/>\n<meta name=\"twitter:creator\" content=\"@Galeries_Laf\" \/>\n<meta name=\"twitter:site\" content=\"@Galeries_Laf\" \/>\n<script type=\"application\/ld+json\" class=\"yoast-schema-graph\">{\"@context\":\"https:\/\/schema.org\",\"@graph\":[{\"@type\":\"Article\",\"@id\":\"https:\/\/haussmann.galerieslafayette.com\/es\/mosugo-por-mory-sacko\/#article\",\"isPartOf\":{\"@id\":\"https:\/\/haussmann.galerieslafayette.com\/es\/mosugo-por-mory-sacko\/\"},\"author\":{\"name\":\"Trang Bui\",\"@id\":\"https:\/\/haussmann.galerieslafayette.com\/es\/#\/schema\/person\/2ff2abf92f87245662ec1aa5d3e86a64\"},\"headline\":\"Mosugo por Mory Sacko\",\"datePublished\":\"2022-10-05T07:28:45+00:00\",\"dateModified\":\"2026-01-14T14:09:00+00:00\",\"mainEntityOfPage\":{\"@id\":\"https:\/\/haussmann.galerieslafayette.com\/es\/mosugo-por-mory-sacko\/\"},\"wordCount\":286,\"publisher\":{\"@id\":\"https:\/\/haussmann.galerieslafayette.com\/es\/#organization\"},\"image\":{\"@id\":\"https:\/\/haussmann.galerieslafayette.com\/es\/mosugo-por-mory-sacko\/#primaryimage\"},\"thumbnailUrl\":\"https:\/\/haussmann.galerieslafayette.com\/wp-content\/uploads\/2022\/09\/Untitled-design.jpg\",\"articleSection\":[\"Las Mesas del Gourmet\",\"Al paso\",\"Restaurantes\"],\"inLanguage\":\"es\"},{\"@type\":\"WebPage\",\"@id\":\"https:\/\/haussmann.galerieslafayette.com\/es\/mosugo-por-mory-sacko\/\",\"url\":\"https:\/\/haussmann.galerieslafayette.com\/es\/mosugo-por-mory-sacko\/\",\"name\":\"Mosugo por Mory Sacko - Galeries Lafayette Paris Haussmann\",\"isPartOf\":{\"@id\":\"https:\/\/haussmann.galerieslafayette.com\/es\/#website\"},\"primaryImageOfPage\":{\"@id\":\"https:\/\/haussmann.galerieslafayette.com\/es\/mosugo-por-mory-sacko\/#primaryimage\"},\"image\":{\"@id\":\"https:\/\/haussmann.galerieslafayette.com\/es\/mosugo-por-mory-sacko\/#primaryimage\"},\"thumbnailUrl\":\"https:\/\/haussmann.galerieslafayette.com\/wp-content\/uploads\/2022\/09\/Untitled-design.jpg\",\"datePublished\":\"2022-10-05T07:28:45+00:00\",\"dateModified\":\"2026-01-14T14:09:00+00:00\",\"description\":\"El chef estrella Mory Sacko, figura de la renovaci\u00f3n de la gastronom\u00eda francesa, se presenta en el 1er piso de Galeries Lafayette Le Gourmet con una cocina inspirada en el Street-Food.\",\"breadcrumb\":{\"@id\":\"https:\/\/haussmann.galerieslafayette.com\/es\/mosugo-por-mory-sacko\/#breadcrumb\"},\"inLanguage\":\"es\",\"potentialAction\":[{\"@type\":\"ReadAction\",\"target\":[\"https:\/\/haussmann.galerieslafayette.com\/es\/mosugo-por-mory-sacko\/\"]}]},{\"@type\":\"ImageObject\",\"inLanguage\":\"es\",\"@id\":\"https:\/\/haussmann.galerieslafayette.com\/es\/mosugo-por-mory-sacko\/#primaryimage\",\"url\":\"https:\/\/haussmann.galerieslafayette.com\/wp-content\/uploads\/2022\/09\/Untitled-design.jpg\",\"contentUrl\":\"https:\/\/haussmann.galerieslafayette.com\/wp-content\/uploads\/2022\/09\/Untitled-design.jpg\",\"width\":1600,\"height\":594},{\"@type\":\"BreadcrumbList\",\"@id\":\"https:\/\/haussmann.galerieslafayette.com\/es\/mosugo-por-mory-sacko\/#breadcrumb\",\"itemListElement\":[{\"@type\":\"ListItem\",\"position\":1,\"name\":\"Inicio\",\"item\":\"https:\/\/haussmann.galerieslafayette.com\/es\/home-2\/\"},{\"@type\":\"ListItem\",\"position\":2,\"name\":\"Restaurantes\",\"item\":\"https:\/\/haussmann.galerieslafayette.com\/es\/category\/restaurantes\/\"},{\"@type\":\"ListItem\",\"position\":3,\"name\":\"Al paso\",\"item\":\"https:\/\/haussmann.galerieslafayette.com\/es\/category\/restaurantes\/al-paso\/\"},{\"@type\":\"ListItem\",\"position\":4,\"name\":\"Mosugo por Mory Sacko\"}]},{\"@type\":\"WebSite\",\"@id\":\"https:\/\/haussmann.galerieslafayette.com\/es\/#website\",\"url\":\"https:\/\/haussmann.galerieslafayette.com\/es\/\",\"name\":\"Galeries Lafayette Paris Haussmann\",\"description\":\"La destination mode du shopping parisien\",\"publisher\":{\"@id\":\"https:\/\/haussmann.galerieslafayette.com\/es\/#organization\"},\"potentialAction\":[{\"@type\":\"SearchAction\",\"target\":{\"@type\":\"EntryPoint\",\"urlTemplate\":\"https:\/\/haussmann.galerieslafayette.com\/es\/?s={search_term_string}\"},\"query-input\":{\"@type\":\"PropertyValueSpecification\",\"valueRequired\":true,\"valueName\":\"search_term_string\"}}],\"inLanguage\":\"es\"},{\"@type\":\"Organization\",\"@id\":\"https:\/\/haussmann.galerieslafayette.com\/es\/#organization\",\"name\":\"Galeries Lafayette\",\"url\":\"https:\/\/haussmann.galerieslafayette.com\/es\/\",\"logo\":{\"@type\":\"ImageObject\",\"inLanguage\":\"es\",\"@id\":\"https:\/\/haussmann.galerieslafayette.com\/es\/#\/schema\/logo\/image\/\",\"url\":\"https:\/\/haussmann.galerieslafayette.com\/wp-content\/uploads\/2021\/03\/GL_LOGO2L_N.jpg\",\"contentUrl\":\"https:\/\/haussmann.galerieslafayette.com\/wp-content\/uploads\/2021\/03\/GL_LOGO2L_N.jpg\",\"width\":1535,\"height\":827,\"caption\":\"Galeries Lafayette\"},\"image\":{\"@id\":\"https:\/\/haussmann.galerieslafayette.com\/es\/#\/schema\/logo\/image\/\"},\"sameAs\":[\"https:\/\/www.facebook.com\/galerieslafayette\/\",\"https:\/\/x.com\/Galeries_Laf\",\"https:\/\/www.instagram.com\/galerieslafayette\/\",\"http:\/\/www.youtube.com\/user\/GaleriesLafayette1\"]},{\"@type\":\"Person\",\"@id\":\"https:\/\/haussmann.galerieslafayette.com\/es\/#\/schema\/person\/2ff2abf92f87245662ec1aa5d3e86a64\",\"name\":\"Trang Bui\",\"image\":{\"@type\":\"ImageObject\",\"inLanguage\":\"es\",\"@id\":\"https:\/\/haussmann.galerieslafayette.com\/es\/#\/schema\/person\/image\/\",\"url\":\"https:\/\/secure.gravatar.com\/avatar\/9acd904d878c88ab328344e6bc49e4c5b6d0b3eaa04ac4fb1f184c4704974fce?s=96&d=mm&r=g\",\"contentUrl\":\"https:\/\/secure.gravatar.com\/avatar\/9acd904d878c88ab328344e6bc49e4c5b6d0b3eaa04ac4fb1f184c4704974fce?s=96&d=mm&r=g\",\"caption\":\"Trang Bui\"}}]}<\/script>\n<!-- \/ Yoast SEO plugin. -->","yoast_head_json":{"title":"Mosugo por Mory Sacko - Galeries Lafayette Paris Haussmann","description":"El chef estrella Mory Sacko, figura de la renovaci\u00f3n de la gastronom\u00eda francesa, se presenta en el 1er piso de Galeries Lafayette Le Gourmet con una cocina inspirada en el Street-Food.","robots":{"index":"index","follow":"follow","max-snippet":"max-snippet:-1","max-image-preview":"max-image-preview:large","max-video-preview":"max-video-preview:-1"},"canonical":"https:\/\/haussmann.galerieslafayette.com\/es\/mosugo-por-mory-sacko\/","og_locale":"es_ES","og_type":"article","og_title":"Mosugo por Mory Sacko - Galeries Lafayette Paris Haussmann","og_description":"El chef estrella Mory Sacko, figura de la renovaci\u00f3n de la gastronom\u00eda francesa, se presenta en el 1er piso de Galeries Lafayette Le Gourmet con una cocina inspirada en el Street-Food.","og_url":"https:\/\/haussmann.galerieslafayette.com\/es\/mosugo-por-mory-sacko\/","og_site_name":"Galeries Lafayette Paris Haussmann","article_publisher":"https:\/\/www.facebook.com\/galerieslafayette\/","article_published_time":"2022-10-05T07:28:45+00:00","article_modified_time":"2026-01-14T14:09:00+00:00","og_image":[{"width":1600,"height":594,"url":"https:\/\/haussmann.galerieslafayette.com\/wp-content\/uploads\/2022\/09\/Untitled-design.jpg","type":"image\/jpeg"}],"author":"Trang Bui","twitter_card":"summary_large_image","twitter_creator":"@Galeries_Laf","twitter_site":"@Galeries_Laf","schema":{"@context":"https:\/\/schema.org","@graph":[{"@type":"Article","@id":"https:\/\/haussmann.galerieslafayette.com\/es\/mosugo-por-mory-sacko\/#article","isPartOf":{"@id":"https:\/\/haussmann.galerieslafayette.com\/es\/mosugo-por-mory-sacko\/"},"author":{"name":"Trang Bui","@id":"https:\/\/haussmann.galerieslafayette.com\/es\/#\/schema\/person\/2ff2abf92f87245662ec1aa5d3e86a64"},"headline":"Mosugo por Mory Sacko","datePublished":"2022-10-05T07:28:45+00:00","dateModified":"2026-01-14T14:09:00+00:00","mainEntityOfPage":{"@id":"https:\/\/haussmann.galerieslafayette.com\/es\/mosugo-por-mory-sacko\/"},"wordCount":286,"publisher":{"@id":"https:\/\/haussmann.galerieslafayette.com\/es\/#organization"},"image":{"@id":"https:\/\/haussmann.galerieslafayette.com\/es\/mosugo-por-mory-sacko\/#primaryimage"},"thumbnailUrl":"https:\/\/haussmann.galerieslafayette.com\/wp-content\/uploads\/2022\/09\/Untitled-design.jpg","articleSection":["Las Mesas del Gourmet","Al paso","Restaurantes"],"inLanguage":"es"},{"@type":"WebPage","@id":"https:\/\/haussmann.galerieslafayette.com\/es\/mosugo-por-mory-sacko\/","url":"https:\/\/haussmann.galerieslafayette.com\/es\/mosugo-por-mory-sacko\/","name":"Mosugo por Mory Sacko - Galeries Lafayette Paris Haussmann","isPartOf":{"@id":"https:\/\/haussmann.galerieslafayette.com\/es\/#website"},"primaryImageOfPage":{"@id":"https:\/\/haussmann.galerieslafayette.com\/es\/mosugo-por-mory-sacko\/#primaryimage"},"image":{"@id":"https:\/\/haussmann.galerieslafayette.com\/es\/mosugo-por-mory-sacko\/#primaryimage"},"thumbnailUrl":"https:\/\/haussmann.galerieslafayette.com\/wp-content\/uploads\/2022\/09\/Untitled-design.jpg","datePublished":"2022-10-05T07:28:45+00:00","dateModified":"2026-01-14T14:09:00+00:00","description":"El chef estrella Mory Sacko, figura de la renovaci\u00f3n de la gastronom\u00eda francesa, se presenta en el 1er piso de Galeries Lafayette Le Gourmet con una cocina inspirada en el Street-Food.","breadcrumb":{"@id":"https:\/\/haussmann.galerieslafayette.com\/es\/mosugo-por-mory-sacko\/#breadcrumb"},"inLanguage":"es","potentialAction":[{"@type":"ReadAction","target":["https:\/\/haussmann.galerieslafayette.com\/es\/mosugo-por-mory-sacko\/"]}]},{"@type":"ImageObject","inLanguage":"es","@id":"https:\/\/haussmann.galerieslafayette.com\/es\/mosugo-por-mory-sacko\/#primaryimage","url":"https:\/\/haussmann.galerieslafayette.com\/wp-content\/uploads\/2022\/09\/Untitled-design.jpg","contentUrl":"https:\/\/haussmann.galerieslafayette.com\/wp-content\/uploads\/2022\/09\/Untitled-design.jpg","width":1600,"height":594},{"@type":"BreadcrumbList","@id":"https:\/\/haussmann.galerieslafayette.com\/es\/mosugo-por-mory-sacko\/#breadcrumb","itemListElement":[{"@type":"ListItem","position":1,"name":"Inicio","item":"https:\/\/haussmann.galerieslafayette.com\/es\/home-2\/"},{"@type":"ListItem","position":2,"name":"Restaurantes","item":"https:\/\/haussmann.galerieslafayette.com\/es\/category\/restaurantes\/"},{"@type":"ListItem","position":3,"name":"Al paso","item":"https:\/\/haussmann.galerieslafayette.com\/es\/category\/restaurantes\/al-paso\/"},{"@type":"ListItem","position":4,"name":"Mosugo por Mory Sacko"}]},{"@type":"WebSite","@id":"https:\/\/haussmann.galerieslafayette.com\/es\/#website","url":"https:\/\/haussmann.galerieslafayette.com\/es\/","name":"Galeries Lafayette Paris Haussmann","description":"La destination mode du shopping parisien","publisher":{"@id":"https:\/\/haussmann.galerieslafayette.com\/es\/#organization"},"potentialAction":[{"@type":"SearchAction","target":{"@type":"EntryPoint","urlTemplate":"https:\/\/haussmann.galerieslafayette.com\/es\/?s={search_term_string}"},"query-input":{"@type":"PropertyValueSpecification","valueRequired":true,"valueName":"search_term_string"}}],"inLanguage":"es"},{"@type":"Organization","@id":"https:\/\/haussmann.galerieslafayette.com\/es\/#organization","name":"Galeries Lafayette","url":"https:\/\/haussmann.galerieslafayette.com\/es\/","logo":{"@type":"ImageObject","inLanguage":"es","@id":"https:\/\/haussmann.galerieslafayette.com\/es\/#\/schema\/logo\/image\/","url":"https:\/\/haussmann.galerieslafayette.com\/wp-content\/uploads\/2021\/03\/GL_LOGO2L_N.jpg","contentUrl":"https:\/\/haussmann.galerieslafayette.com\/wp-content\/uploads\/2021\/03\/GL_LOGO2L_N.jpg","width":1535,"height":827,"caption":"Galeries Lafayette"},"image":{"@id":"https:\/\/haussmann.galerieslafayette.com\/es\/#\/schema\/logo\/image\/"},"sameAs":["https:\/\/www.facebook.com\/galerieslafayette\/","https:\/\/x.com\/Galeries_Laf","https:\/\/www.instagram.com\/galerieslafayette\/","http:\/\/www.youtube.com\/user\/GaleriesLafayette1"]},{"@type":"Person","@id":"https:\/\/haussmann.galerieslafayette.com\/es\/#\/schema\/person\/2ff2abf92f87245662ec1aa5d3e86a64","name":"Trang Bui","image":{"@type":"ImageObject","inLanguage":"es","@id":"https:\/\/haussmann.galerieslafayette.com\/es\/#\/schema\/person\/image\/","url":"https:\/\/secure.gravatar.com\/avatar\/9acd904d878c88ab328344e6bc49e4c5b6d0b3eaa04ac4fb1f184c4704974fce?s=96&d=mm&r=g","contentUrl":"https:\/\/secure.gravatar.com\/avatar\/9acd904d878c88ab328344e6bc49e4c5b6d0b3eaa04ac4fb1f184c4704974fce?s=96&d=mm&r=g","caption":"Trang Bui"}}]}},"_links":{"self":[{"href":"https:\/\/haussmann.galerieslafayette.com\/es\/wp-json\/wp\/v2\/posts\/1259620","targetHints":{"allow":["GET"]}}],"collection":[{"href":"https:\/\/haussmann.galerieslafayette.com\/es\/wp-json\/wp\/v2\/posts"}],"about":[{"href":"https:\/\/haussmann.galerieslafayette.com\/es\/wp-json\/wp\/v2\/types\/post"}],"author":[{"embeddable":true,"href":"https:\/\/haussmann.galerieslafayette.com\/es\/wp-json\/wp\/v2\/users\/56"}],"replies":[{"embeddable":true,"href":"https:\/\/haussmann.galerieslafayette.com\/es\/wp-json\/wp\/v2\/comments?post=1259620"}],"version-history":[{"count":8,"href":"https:\/\/haussmann.galerieslafayette.com\/es\/wp-json\/wp\/v2\/posts\/1259620\/revisions"}],"predecessor-version":[{"id":1379813,"href":"https:\/\/haussmann.galerieslafayette.com\/es\/wp-json\/wp\/v2\/posts\/1259620\/revisions\/1379813"}],"wp:featuredmedia":[{"embeddable":true,"href":"https:\/\/haussmann.galerieslafayette.com\/es\/wp-json\/wp\/v2\/media\/1256474"}],"wp:attachment":[{"href":"https:\/\/haussmann.galerieslafayette.com\/es\/wp-json\/wp\/v2\/media?parent=1259620"}],"wp:term":[{"taxonomy":"category","embeddable":true,"href":"https:\/\/haussmann.galerieslafayette.com\/es\/wp-json\/wp\/v2\/categories?post=1259620"},{"taxonomy":"post_tag","embeddable":true,"href":"https:\/\/haussmann.galerieslafayette.com\/es\/wp-json\/wp\/v2\/tags?post=1259620"}],"curies":[{"name":"wp","href":"https:\/\/api.w.org\/{rel}","templated":true}]}}