{"id":1272054,"date":"2023-02-16T16:26:53","date_gmt":"2023-02-16T15:26:53","guid":{"rendered":"https:\/\/haussmann.galerieslafayette.com\/skims-la-marca\/"},"modified":"2023-02-16T16:27:39","modified_gmt":"2023-02-16T15:27:39","slug":"skims-la-marca","status":"publish","type":"post","link":"https:\/\/haussmann.galerieslafayette.com\/es\/skims-la-marca\/","title":{"rendered":"SKIMS | La marca"},"content":{"rendered":"\n<p>El confort americano se exporta en forma exclusiva a la tienda Coupole de Galeries Lafayette Paris Haussmann con la marca <strong>SKIMS<\/strong>. Fundada conjuntamente por <strong>Kim Kardashian<\/strong> y <strong>Jens Grede<\/strong>, SKIMS se adapta al cuerpo de la mujer con productos adaptados a todas las formas y a todos los tonos de piel.<\/p>\n\n<h2 class=\"wp-block-heading\">La marca<\/h2>\n\n<figure class=\"wp-block-image size-large\"><img fetchpriority=\"high\" decoding=\"async\" width=\"1024\" height=\"615\" src=\"https:\/\/haussmann.galerieslafayette.com\/wp-content\/uploads\/2022\/09\/paysage-1024x615.jpg\" alt=\"\" class=\"wp-image-1255798\" srcset=\"https:\/\/haussmann.galerieslafayette.com\/wp-content\/uploads\/2022\/09\/paysage-1024x615.jpg 1024w, https:\/\/haussmann.galerieslafayette.com\/wp-content\/uploads\/2022\/09\/paysage-300x180.jpg 300w, https:\/\/haussmann.galerieslafayette.com\/wp-content\/uploads\/2022\/09\/paysage-768x461.jpg 768w, https:\/\/haussmann.galerieslafayette.com\/wp-content\/uploads\/2022\/09\/paysage-1536x923.jpg 1536w, https:\/\/haussmann.galerieslafayette.com\/wp-content\/uploads\/2022\/09\/paysage-2048x1230.jpg 2048w\" sizes=\"(max-width: 1024px) 100vw, 1024px\" \/><\/figure>\n\n<p>Fundada conjuntamente en 2019, SKIMS es la marca centrada en buscar soluciones creadora de la pr\u00f3xima generaci\u00f3n de <strong>ropa interior, ropa para estar en casa y fajas<\/strong> que establece nuevos est\u00e1ndares al brindar soluciones para todo el mundo. <\/p>\n\n<h2 class=\"wp-block-heading\">La l\u00ednea SKIMS<\/h2>\n\n<p>SKIMS de Kim Kardashian se ha convertido en un abrir y cerrar de ojos en una l\u00ednea de culto gracias a su lencer\u00eda dise\u00f1ada para todo tipo de cuerpos. La marca utiliza <strong>materiales y t\u00e9cnicas de fabricaci\u00f3n innovadores<\/strong> para crear ropa interior imperceptible, incluso debajo de los vestidos de noche m\u00e1s abiertos y escotados. Tambi\u00e9n ofrece b\u00e1sicos adecuados para cualquier ocasi\u00f3n, as\u00ed como ropa para estar en casa.<\/p>\n\n<figure class=\"wp-block-gallery has-nested-images columns-default is-cropped wp-block-gallery-1 is-layout-flex wp-block-gallery-is-layout-flex\">\n<figure class=\"wp-block-image size-large\"><img decoding=\"async\" width=\"500\" height=\"500\" data-id=\"1255814\" src=\"https:\/\/haussmann.galerieslafayette.com\/wp-content\/uploads\/2022\/09\/1.jpg\" alt=\"\" class=\"wp-image-1255814\" srcset=\"https:\/\/haussmann.galerieslafayette.com\/wp-content\/uploads\/2022\/09\/1.jpg 500w, https:\/\/haussmann.galerieslafayette.com\/wp-content\/uploads\/2022\/09\/1-300x300.jpg 300w, https:\/\/haussmann.galerieslafayette.com\/wp-content\/uploads\/2022\/09\/1-150x150.jpg 150w\" sizes=\"(max-width: 500px) 100vw, 500px\" \/><\/figure>\n\n\n\n<figure class=\"wp-block-image size-large\"><img decoding=\"async\" width=\"500\" height=\"500\" data-id=\"1255813\" src=\"https:\/\/haussmann.galerieslafayette.com\/wp-content\/uploads\/2022\/09\/2-1.jpg\" alt=\"\" class=\"wp-image-1255813\" srcset=\"https:\/\/haussmann.galerieslafayette.com\/wp-content\/uploads\/2022\/09\/2-1.jpg 500w, https:\/\/haussmann.galerieslafayette.com\/wp-content\/uploads\/2022\/09\/2-1-300x300.jpg 300w, https:\/\/haussmann.galerieslafayette.com\/wp-content\/uploads\/2022\/09\/2-1-150x150.jpg 150w\" sizes=\"(max-width: 500px) 100vw, 500px\" \/><\/figure>\n<\/figure>\n\n<p class=\"has-text-align-center\"><strong><em>Tienda Coupole &#8211; 2\u00b0 piso<\/em><\/strong><\/p>\n","protected":false},"excerpt":{"rendered":"<p>La marca SKIMS est\u00e1 en forma exclusiva en el espacio Lencer\u00eda de Galeries Lafayette Paris Haussmann. Ven a conocer la \u00faltima colecci\u00f3n de ropa interior en el 2\u00b0 piso.<\/p>\n","protected":false},"author":56,"featured_media":1255822,"comment_status":"closed","ping_status":"closed","sticky":false,"template":"","format":"standard","meta":{"_acf_changed":false,"footnotes":""},"categories":[677,448,659],"tags":[],"class_list":{"1":"post","5":"has-post-thumbnail"},"acf":[],"yoast_head":"<!-- This site is optimized with the Yoast SEO plugin v26.4 - https:\/\/yoast.com\/wordpress\/plugins\/seo\/ -->\n<title>SKIMS | La marca - Galeries Lafayette Paris Haussmann<\/title>\n<meta name=\"description\" content=\"La marca SKIMS est\u00e1 en forma exclusiva en el espacio Lencer\u00eda de Galeries Lafayette Paris Haussmann. Ven a conocer la \u00faltima colecci\u00f3n de ropa interior en el 2\u00b0 piso.\" \/>\n<meta name=\"robots\" content=\"index, follow, max-snippet:-1, max-image-preview:large, max-video-preview:-1\" \/>\n<link rel=\"canonical\" href=\"https:\/\/haussmann.galerieslafayette.com\/es\/skims-la-marca\/\" \/>\n<meta property=\"og:locale\" content=\"es_ES\" \/>\n<meta property=\"og:type\" content=\"article\" \/>\n<meta property=\"og:title\" content=\"SKIMS | La marca - Galeries Lafayette Paris Haussmann\" \/>\n<meta property=\"og:description\" content=\"La marca SKIMS est\u00e1 en forma exclusiva en el espacio Lencer\u00eda de Galeries Lafayette Paris Haussmann. Ven a conocer la \u00faltima colecci\u00f3n de ropa interior en el 2\u00b0 piso.\" \/>\n<meta property=\"og:url\" content=\"https:\/\/haussmann.galerieslafayette.com\/es\/skims-la-marca\/\" \/>\n<meta property=\"og:site_name\" content=\"Galeries Lafayette Paris Haussmann\" \/>\n<meta property=\"article:publisher\" content=\"https:\/\/www.facebook.com\/galerieslafayette\/\" \/>\n<meta property=\"article:published_time\" content=\"2023-02-16T15:26:53+00:00\" \/>\n<meta property=\"article:modified_time\" content=\"2023-02-16T15:27:39+00:00\" \/>\n<meta property=\"og:image\" content=\"https:\/\/haussmann.galerieslafayette.com\/wp-content\/uploads\/2022\/09\/Banner.jpg\" \/>\n\t<meta property=\"og:image:width\" content=\"1600\" \/>\n\t<meta property=\"og:image:height\" content=\"594\" \/>\n\t<meta property=\"og:image:type\" content=\"image\/jpeg\" \/>\n<meta name=\"author\" content=\"Trang Bui\" \/>\n<meta name=\"twitter:card\" content=\"summary_large_image\" \/>\n<meta name=\"twitter:creator\" content=\"@Galeries_Laf\" \/>\n<meta name=\"twitter:site\" content=\"@Galeries_Laf\" \/>\n<script type=\"application\/ld+json\" class=\"yoast-schema-graph\">{\"@context\":\"https:\/\/schema.org\",\"@graph\":[{\"@type\":\"Article\",\"@id\":\"https:\/\/haussmann.galerieslafayette.com\/es\/skims-la-marca\/#article\",\"isPartOf\":{\"@id\":\"https:\/\/haussmann.galerieslafayette.com\/es\/skims-la-marca\/\"},\"author\":{\"name\":\"Trang Bui\",\"@id\":\"https:\/\/haussmann.galerieslafayette.com\/es\/#\/schema\/person\/2ff2abf92f87245662ec1aa5d3e86a64\"},\"headline\":\"SKIMS | La marca\",\"datePublished\":\"2023-02-16T15:26:53+00:00\",\"dateModified\":\"2023-02-16T15:27:39+00:00\",\"mainEntityOfPage\":{\"@id\":\"https:\/\/haussmann.galerieslafayette.com\/es\/skims-la-marca\/\"},\"wordCount\":181,\"publisher\":{\"@id\":\"https:\/\/haussmann.galerieslafayette.com\/es\/#organization\"},\"image\":{\"@id\":\"https:\/\/haussmann.galerieslafayette.com\/es\/skims-la-marca\/#primaryimage\"},\"thumbnailUrl\":\"https:\/\/haussmann.galerieslafayette.com\/wp-content\/uploads\/2022\/09\/Banner.jpg\",\"articleSection\":[\"Lencer\u00eda\",\"Mujer\",\"Universos\"],\"inLanguage\":\"es\"},{\"@type\":\"WebPage\",\"@id\":\"https:\/\/haussmann.galerieslafayette.com\/es\/skims-la-marca\/\",\"url\":\"https:\/\/haussmann.galerieslafayette.com\/es\/skims-la-marca\/\",\"name\":\"SKIMS | La marca - Galeries Lafayette Paris Haussmann\",\"isPartOf\":{\"@id\":\"https:\/\/haussmann.galerieslafayette.com\/es\/#website\"},\"primaryImageOfPage\":{\"@id\":\"https:\/\/haussmann.galerieslafayette.com\/es\/skims-la-marca\/#primaryimage\"},\"image\":{\"@id\":\"https:\/\/haussmann.galerieslafayette.com\/es\/skims-la-marca\/#primaryimage\"},\"thumbnailUrl\":\"https:\/\/haussmann.galerieslafayette.com\/wp-content\/uploads\/2022\/09\/Banner.jpg\",\"datePublished\":\"2023-02-16T15:26:53+00:00\",\"dateModified\":\"2023-02-16T15:27:39+00:00\",\"description\":\"La marca SKIMS est\u00e1 en forma exclusiva en el espacio Lencer\u00eda de Galeries Lafayette Paris Haussmann. Ven a conocer la \u00faltima colecci\u00f3n de ropa interior en el 2\u00b0 piso.\",\"breadcrumb\":{\"@id\":\"https:\/\/haussmann.galerieslafayette.com\/es\/skims-la-marca\/#breadcrumb\"},\"inLanguage\":\"es\",\"potentialAction\":[{\"@type\":\"ReadAction\",\"target\":[\"https:\/\/haussmann.galerieslafayette.com\/es\/skims-la-marca\/\"]}]},{\"@type\":\"ImageObject\",\"inLanguage\":\"es\",\"@id\":\"https:\/\/haussmann.galerieslafayette.com\/es\/skims-la-marca\/#primaryimage\",\"url\":\"https:\/\/haussmann.galerieslafayette.com\/wp-content\/uploads\/2022\/09\/Banner.jpg\",\"contentUrl\":\"https:\/\/haussmann.galerieslafayette.com\/wp-content\/uploads\/2022\/09\/Banner.jpg\",\"width\":1600,\"height\":594},{\"@type\":\"BreadcrumbList\",\"@id\":\"https:\/\/haussmann.galerieslafayette.com\/es\/skims-la-marca\/#breadcrumb\",\"itemListElement\":[{\"@type\":\"ListItem\",\"position\":1,\"name\":\"Inicio\",\"item\":\"https:\/\/haussmann.galerieslafayette.com\/es\/home-2\/\"},{\"@type\":\"ListItem\",\"position\":2,\"name\":\"SKIMS | La marca\"}]},{\"@type\":\"WebSite\",\"@id\":\"https:\/\/haussmann.galerieslafayette.com\/es\/#website\",\"url\":\"https:\/\/haussmann.galerieslafayette.com\/es\/\",\"name\":\"Galeries Lafayette Paris Haussmann\",\"description\":\"La destination mode du shopping parisien\",\"publisher\":{\"@id\":\"https:\/\/haussmann.galerieslafayette.com\/es\/#organization\"},\"potentialAction\":[{\"@type\":\"SearchAction\",\"target\":{\"@type\":\"EntryPoint\",\"urlTemplate\":\"https:\/\/haussmann.galerieslafayette.com\/es\/?s={search_term_string}\"},\"query-input\":{\"@type\":\"PropertyValueSpecification\",\"valueRequired\":true,\"valueName\":\"search_term_string\"}}],\"inLanguage\":\"es\"},{\"@type\":\"Organization\",\"@id\":\"https:\/\/haussmann.galerieslafayette.com\/es\/#organization\",\"name\":\"Galeries Lafayette\",\"url\":\"https:\/\/haussmann.galerieslafayette.com\/es\/\",\"logo\":{\"@type\":\"ImageObject\",\"inLanguage\":\"es\",\"@id\":\"https:\/\/haussmann.galerieslafayette.com\/es\/#\/schema\/logo\/image\/\",\"url\":\"https:\/\/haussmann.galerieslafayette.com\/wp-content\/uploads\/2021\/03\/GL_LOGO2L_N.jpg\",\"contentUrl\":\"https:\/\/haussmann.galerieslafayette.com\/wp-content\/uploads\/2021\/03\/GL_LOGO2L_N.jpg\",\"width\":1535,\"height\":827,\"caption\":\"Galeries Lafayette\"},\"image\":{\"@id\":\"https:\/\/haussmann.galerieslafayette.com\/es\/#\/schema\/logo\/image\/\"},\"sameAs\":[\"https:\/\/www.facebook.com\/galerieslafayette\/\",\"https:\/\/x.com\/Galeries_Laf\",\"https:\/\/www.instagram.com\/galerieslafayette\/\",\"http:\/\/www.youtube.com\/user\/GaleriesLafayette1\"]},{\"@type\":\"Person\",\"@id\":\"https:\/\/haussmann.galerieslafayette.com\/es\/#\/schema\/person\/2ff2abf92f87245662ec1aa5d3e86a64\",\"name\":\"Trang Bui\",\"image\":{\"@type\":\"ImageObject\",\"inLanguage\":\"es\",\"@id\":\"https:\/\/haussmann.galerieslafayette.com\/es\/#\/schema\/person\/image\/\",\"url\":\"https:\/\/secure.gravatar.com\/avatar\/9acd904d878c88ab328344e6bc49e4c5b6d0b3eaa04ac4fb1f184c4704974fce?s=96&d=mm&r=g\",\"contentUrl\":\"https:\/\/secure.gravatar.com\/avatar\/9acd904d878c88ab328344e6bc49e4c5b6d0b3eaa04ac4fb1f184c4704974fce?s=96&d=mm&r=g\",\"caption\":\"Trang Bui\"}}]}<\/script>\n<!-- \/ Yoast SEO plugin. -->","yoast_head_json":{"title":"SKIMS | La marca - Galeries Lafayette Paris Haussmann","description":"La marca SKIMS est\u00e1 en forma exclusiva en el espacio Lencer\u00eda de Galeries Lafayette Paris Haussmann. Ven a conocer la \u00faltima colecci\u00f3n de ropa interior en el 2\u00b0 piso.","robots":{"index":"index","follow":"follow","max-snippet":"max-snippet:-1","max-image-preview":"max-image-preview:large","max-video-preview":"max-video-preview:-1"},"canonical":"https:\/\/haussmann.galerieslafayette.com\/es\/skims-la-marca\/","og_locale":"es_ES","og_type":"article","og_title":"SKIMS | La marca - Galeries Lafayette Paris Haussmann","og_description":"La marca SKIMS est\u00e1 en forma exclusiva en el espacio Lencer\u00eda de Galeries Lafayette Paris Haussmann. Ven a conocer la \u00faltima colecci\u00f3n de ropa interior en el 2\u00b0 piso.","og_url":"https:\/\/haussmann.galerieslafayette.com\/es\/skims-la-marca\/","og_site_name":"Galeries Lafayette Paris Haussmann","article_publisher":"https:\/\/www.facebook.com\/galerieslafayette\/","article_published_time":"2023-02-16T15:26:53+00:00","article_modified_time":"2023-02-16T15:27:39+00:00","og_image":[{"width":1600,"height":594,"url":"https:\/\/haussmann.galerieslafayette.com\/wp-content\/uploads\/2022\/09\/Banner.jpg","type":"image\/jpeg"}],"author":"Trang Bui","twitter_card":"summary_large_image","twitter_creator":"@Galeries_Laf","twitter_site":"@Galeries_Laf","schema":{"@context":"https:\/\/schema.org","@graph":[{"@type":"Article","@id":"https:\/\/haussmann.galerieslafayette.com\/es\/skims-la-marca\/#article","isPartOf":{"@id":"https:\/\/haussmann.galerieslafayette.com\/es\/skims-la-marca\/"},"author":{"name":"Trang Bui","@id":"https:\/\/haussmann.galerieslafayette.com\/es\/#\/schema\/person\/2ff2abf92f87245662ec1aa5d3e86a64"},"headline":"SKIMS | La marca","datePublished":"2023-02-16T15:26:53+00:00","dateModified":"2023-02-16T15:27:39+00:00","mainEntityOfPage":{"@id":"https:\/\/haussmann.galerieslafayette.com\/es\/skims-la-marca\/"},"wordCount":181,"publisher":{"@id":"https:\/\/haussmann.galerieslafayette.com\/es\/#organization"},"image":{"@id":"https:\/\/haussmann.galerieslafayette.com\/es\/skims-la-marca\/#primaryimage"},"thumbnailUrl":"https:\/\/haussmann.galerieslafayette.com\/wp-content\/uploads\/2022\/09\/Banner.jpg","articleSection":["Lencer\u00eda","Mujer","Universos"],"inLanguage":"es"},{"@type":"WebPage","@id":"https:\/\/haussmann.galerieslafayette.com\/es\/skims-la-marca\/","url":"https:\/\/haussmann.galerieslafayette.com\/es\/skims-la-marca\/","name":"SKIMS | La marca - Galeries Lafayette Paris Haussmann","isPartOf":{"@id":"https:\/\/haussmann.galerieslafayette.com\/es\/#website"},"primaryImageOfPage":{"@id":"https:\/\/haussmann.galerieslafayette.com\/es\/skims-la-marca\/#primaryimage"},"image":{"@id":"https:\/\/haussmann.galerieslafayette.com\/es\/skims-la-marca\/#primaryimage"},"thumbnailUrl":"https:\/\/haussmann.galerieslafayette.com\/wp-content\/uploads\/2022\/09\/Banner.jpg","datePublished":"2023-02-16T15:26:53+00:00","dateModified":"2023-02-16T15:27:39+00:00","description":"La marca SKIMS est\u00e1 en forma exclusiva en el espacio Lencer\u00eda de Galeries Lafayette Paris Haussmann. Ven a conocer la \u00faltima colecci\u00f3n de ropa interior en el 2\u00b0 piso.","breadcrumb":{"@id":"https:\/\/haussmann.galerieslafayette.com\/es\/skims-la-marca\/#breadcrumb"},"inLanguage":"es","potentialAction":[{"@type":"ReadAction","target":["https:\/\/haussmann.galerieslafayette.com\/es\/skims-la-marca\/"]}]},{"@type":"ImageObject","inLanguage":"es","@id":"https:\/\/haussmann.galerieslafayette.com\/es\/skims-la-marca\/#primaryimage","url":"https:\/\/haussmann.galerieslafayette.com\/wp-content\/uploads\/2022\/09\/Banner.jpg","contentUrl":"https:\/\/haussmann.galerieslafayette.com\/wp-content\/uploads\/2022\/09\/Banner.jpg","width":1600,"height":594},{"@type":"BreadcrumbList","@id":"https:\/\/haussmann.galerieslafayette.com\/es\/skims-la-marca\/#breadcrumb","itemListElement":[{"@type":"ListItem","position":1,"name":"Inicio","item":"https:\/\/haussmann.galerieslafayette.com\/es\/home-2\/"},{"@type":"ListItem","position":2,"name":"SKIMS | La marca"}]},{"@type":"WebSite","@id":"https:\/\/haussmann.galerieslafayette.com\/es\/#website","url":"https:\/\/haussmann.galerieslafayette.com\/es\/","name":"Galeries Lafayette Paris Haussmann","description":"La destination mode du shopping parisien","publisher":{"@id":"https:\/\/haussmann.galerieslafayette.com\/es\/#organization"},"potentialAction":[{"@type":"SearchAction","target":{"@type":"EntryPoint","urlTemplate":"https:\/\/haussmann.galerieslafayette.com\/es\/?s={search_term_string}"},"query-input":{"@type":"PropertyValueSpecification","valueRequired":true,"valueName":"search_term_string"}}],"inLanguage":"es"},{"@type":"Organization","@id":"https:\/\/haussmann.galerieslafayette.com\/es\/#organization","name":"Galeries Lafayette","url":"https:\/\/haussmann.galerieslafayette.com\/es\/","logo":{"@type":"ImageObject","inLanguage":"es","@id":"https:\/\/haussmann.galerieslafayette.com\/es\/#\/schema\/logo\/image\/","url":"https:\/\/haussmann.galerieslafayette.com\/wp-content\/uploads\/2021\/03\/GL_LOGO2L_N.jpg","contentUrl":"https:\/\/haussmann.galerieslafayette.com\/wp-content\/uploads\/2021\/03\/GL_LOGO2L_N.jpg","width":1535,"height":827,"caption":"Galeries Lafayette"},"image":{"@id":"https:\/\/haussmann.galerieslafayette.com\/es\/#\/schema\/logo\/image\/"},"sameAs":["https:\/\/www.facebook.com\/galerieslafayette\/","https:\/\/x.com\/Galeries_Laf","https:\/\/www.instagram.com\/galerieslafayette\/","http:\/\/www.youtube.com\/user\/GaleriesLafayette1"]},{"@type":"Person","@id":"https:\/\/haussmann.galerieslafayette.com\/es\/#\/schema\/person\/2ff2abf92f87245662ec1aa5d3e86a64","name":"Trang Bui","image":{"@type":"ImageObject","inLanguage":"es","@id":"https:\/\/haussmann.galerieslafayette.com\/es\/#\/schema\/person\/image\/","url":"https:\/\/secure.gravatar.com\/avatar\/9acd904d878c88ab328344e6bc49e4c5b6d0b3eaa04ac4fb1f184c4704974fce?s=96&d=mm&r=g","contentUrl":"https:\/\/secure.gravatar.com\/avatar\/9acd904d878c88ab328344e6bc49e4c5b6d0b3eaa04ac4fb1f184c4704974fce?s=96&d=mm&r=g","caption":"Trang Bui"}}]}},"_links":{"self":[{"href":"https:\/\/haussmann.galerieslafayette.com\/es\/wp-json\/wp\/v2\/posts\/1272054","targetHints":{"allow":["GET"]}}],"collection":[{"href":"https:\/\/haussmann.galerieslafayette.com\/es\/wp-json\/wp\/v2\/posts"}],"about":[{"href":"https:\/\/haussmann.galerieslafayette.com\/es\/wp-json\/wp\/v2\/types\/post"}],"author":[{"embeddable":true,"href":"https:\/\/haussmann.galerieslafayette.com\/es\/wp-json\/wp\/v2\/users\/56"}],"replies":[{"embeddable":true,"href":"https:\/\/haussmann.galerieslafayette.com\/es\/wp-json\/wp\/v2\/comments?post=1272054"}],"version-history":[{"count":1,"href":"https:\/\/haussmann.galerieslafayette.com\/es\/wp-json\/wp\/v2\/posts\/1272054\/revisions"}],"predecessor-version":[{"id":1272055,"href":"https:\/\/haussmann.galerieslafayette.com\/es\/wp-json\/wp\/v2\/posts\/1272054\/revisions\/1272055"}],"wp:featuredmedia":[{"embeddable":true,"href":"https:\/\/haussmann.galerieslafayette.com\/es\/wp-json\/wp\/v2\/media\/1255822"}],"wp:attachment":[{"href":"https:\/\/haussmann.galerieslafayette.com\/es\/wp-json\/wp\/v2\/media?parent=1272054"}],"wp:term":[{"taxonomy":"category","embeddable":true,"href":"https:\/\/haussmann.galerieslafayette.com\/es\/wp-json\/wp\/v2\/categories?post=1272054"},{"taxonomy":"post_tag","embeddable":true,"href":"https:\/\/haussmann.galerieslafayette.com\/es\/wp-json\/wp\/v2\/tags?post=1272054"}],"curies":[{"name":"wp","href":"https:\/\/api.w.org\/{rel}","templated":true}]}}