{"id":1276650,"date":"2023-04-04T16:43:29","date_gmt":"2023-04-04T14:43:29","guid":{"rendered":"https:\/\/haussmann.galerieslafayette.com\/%f0%9f%8c%8a-la-fondation-de-la-mer-mediterraneen-mania\/"},"modified":"2026-09-01T14:09:55","modified_gmt":"2026-09-01T12:09:55","slug":"redondeo-en-caja","status":"publish","type":"post","link":"https:\/\/haussmann.galerieslafayette.com\/es\/redondeo-en-caja\/","title":{"rendered":"El redondeo en caja en Galeries Lafayette"},"content":{"rendered":"\n<div style=\"height:10px\" aria-hidden=\"true\" class=\"wp-block-spacer\"><\/div>\n\n\n\n<p class=\"has-text-align-center\"><strong>El principio es muy simple: en los pagos con tarjeta bancaria, los clientes que lo deseen pueden redondear el importe de sus compras hacia el euro superior.<\/strong> Este redondeo le permite donar los c\u00e9ntimos a las asociaciones apoyadas por nuestras tiendas, si lo desea.<\/p>\n\n\n\n<div style=\"height:42px\" aria-hidden=\"true\" class=\"wp-block-spacer\"><\/div>\n\n\n\n<h2 class=\"wp-block-heading has-text-align-center has-text-color has-link-color wp-elements-f57d4e0828fc2b8593383d0277b82b6a\" style=\"color:#89345e\"><mark style=\"background-color:rgba(0, 0, 0, 0)\" class=\"has-inline-color has-black-color\">Actualidades<\/mark><\/h2>\n\n\n\n<div class=\"wp-block-columns is-layout-flex wp-container-core-columns-is-layout-28f84493 wp-block-columns-is-layout-flex\">\n<div class=\"wp-block-column has-background is-layout-flow wp-block-column-is-layout-flow\" style=\"background-color:#f9dede\">\n<div style=\"height:25px\" aria-hidden=\"true\" class=\"wp-block-spacer\"><\/div>\n\n\n\n<div class=\"wp-block-columns is-layout-flex wp-container-core-columns-is-layout-28f84493 wp-block-columns-is-layout-flex\">\n<div class=\"wp-block-column is-layout-flow wp-block-column-is-layout-flow\" style=\"flex-basis:1%\"><\/div>\n\n\n\n<div class=\"wp-block-column has-white-background-color has-background is-layout-flow wp-block-column-is-layout-flow\">\n<div style=\"height:20px\" aria-hidden=\"true\" class=\"wp-block-spacer\"><\/div>\n\n\n\n<div class=\"wp-block-columns is-layout-flex wp-container-core-columns-is-layout-28f84493 wp-block-columns-is-layout-flex\">\n<div class=\"wp-block-column is-layout-flow wp-block-column-is-layout-flow\" style=\"flex-basis:1%\"><\/div>\n\n\n\n<div class=\"wp-block-column is-layout-flow wp-block-column-is-layout-flow\">\n<h3 class=\"wp-block-heading has-text-align-center\" style=\"text-transform:capitalize\">Institut Curie<\/h3>\n\n\n\n<p class=\"has-text-align-center has-text-color has-link-color wp-elements-66b8edf3bf62871f217dcb93933dbd7c\" style=\"color:#ee3183\"><strong>Del 1 de septiembre al 31 de octubre de 2026,<\/strong><\/p>\n\n\n\n<div style=\"height:5px\" aria-hidden=\"true\" class=\"wp-block-spacer\"><\/div>\n\n\n\n<h3 class=\"wp-block-heading\">Acerca del Institut Curie<\/h3>\n\n\n\n<p>Fundado en 1909 por Marie Curie, el Institut Curie combina un centro de investigaci\u00f3n de fama internacional y un complejo hospitalario de vanguardia que atiende todos los tipos de c\u00e1ncer, incluidos los m\u00e1s raros. Cada a\u00f1o, sus equipos acompa\u00f1an a miles de pacientes, en particular a mujeres j\u00f3venes afectadas por c\u00e1nceres de mama o ginecol\u00f3gicos, que requieren una atenci\u00f3n espec\u00edfica.<\/p>\n\n\n\n<p>\u00bfSu misi\u00f3n cotidiana?<strong> Mejorar la atenci\u00f3n del c\u00e1ncer y la calidad de vida de los pacientes.<\/strong><\/p>\n\n\n\n<h3 class=\"wp-block-heading\">Acciones y Unidades de cuidado<\/h3>\n\n\n\n<ul start=\"1\" class=\"wp-block-list\">\n<li><strong>El ADN del Institut Curie<\/strong>: El Institut Curie es un referente en la lucha contra el c\u00e1ncer de mama:\n<ul class=\"wp-block-list\">\n<li>1.er centro de atenci\u00f3n para el c\u00e1ncer de mama en Europa<\/li>\n\n\n\n<li>7 229 mujeres actualmente en tratamiento<\/li>\n\n\n\n<li>M\u00e1s de 3 000 nuevos casos de c\u00e1ncer de mama atendidos<\/li>\n\n\n\n<li>M\u00e1s de 35 equipos de investigaci\u00f3n trabajando en la comprensi\u00f3n del c\u00e1ncer de mama y la innovaci\u00f3n<\/li>\n<\/ul>\n<\/li>\n\n\n\n<li><strong>Recaudaci\u00f3n de donaciones<\/strong>: El proyecto apoyado desde hace 3 a\u00f1os se centra en la mejora global de la atenci\u00f3n de los c\u00e1nceres de mama y ginecol\u00f3gicos en mujeres j\u00f3venes. Gracias al apoyo de las Galeries Lafayette, y tras dos a\u00f1os de investigaci\u00f3n, el itinerario de acompa\u00f1amiento se materializa por fin y se encuentra este a\u00f1o en fase de prueba en el Instituto.<\/li>\n<\/ul>\n\n\n\n<div style=\"height:10px\" aria-hidden=\"true\" class=\"wp-block-spacer\"><\/div>\n\n\n\n<hr class=\"wp-block-separator has-alpha-channel-opacity is-style-wide\"\/>\n\n\n\n<p class=\"has-text-align-center has-black-color has-text-color has-link-color wp-elements-4c68ebeafd9a61231d975f1e15fd97c8\"><strong><em><mark style=\"background-color:rgba(0, 0, 0, 0);color:#ee3183\" class=\"has-inline-color\">Institut Curie<\/mark><\/em><\/strong><mark style=\"background-color:rgba(0, 0, 0, 0);color:#b38a4c\" class=\"has-inline-color\"><br><\/mark><em>Juntos, hagamos avanzar la investigaci\u00f3n y mejoremos la vida de las mujeres afectadas por la enfermedad.<\/em><\/p>\n\n\n\n<div style=\"height:5px\" aria-hidden=\"true\" class=\"wp-block-spacer\"><\/div>\n\n\n\n<figure class=\"wp-block-image aligncenter size-full is-resized\"><img fetchpriority=\"high\" decoding=\"async\" width=\"600\" height=\"300\" src=\"https:\/\/haussmann.galerieslafayette.com\/wp-content\/uploads\/2023\/04\/GMB-Institut-Curie.png\" alt=\"\" class=\"wp-image-1367440\" style=\"width:439px;height:auto\" srcset=\"https:\/\/haussmann.galerieslafayette.com\/wp-content\/uploads\/2023\/04\/GMB-Institut-Curie.png 600w, https:\/\/haussmann.galerieslafayette.com\/wp-content\/uploads\/2023\/04\/GMB-Institut-Curie-300x150.png 300w\" sizes=\"(max-width: 600px) 100vw, 600px\" \/><\/figure>\n\n\n\n<div class=\"wp-block-buttons is-content-justification-center is-layout-flex wp-container-core-buttons-is-layout-a89b3969 wp-block-buttons-is-layout-flex\">\n<div class=\"wp-block-button has-custom-width wp-block-button__width-50\"><a class=\"wp-block-button__link has-background has-small-font-size has-custom-font-size wp-element-button\" href=\"https:\/\/curie.fr\/\" style=\"background-color:#ee3183\" target=\"_blank\" rel=\"noreferrer noopener\"><strong>M\u00e1s informaci\u00f3n<\/strong><\/a><\/div>\n<\/div>\n\n\n\n<div style=\"height:20px\" aria-hidden=\"true\" class=\"wp-block-spacer\"><\/div>\n<\/div>\n\n\n\n<div class=\"wp-block-column is-layout-flow wp-block-column-is-layout-flow\" style=\"flex-basis:1%\"><\/div>\n<\/div>\n<\/div>\n\n\n\n<div class=\"wp-block-column is-layout-flow wp-block-column-is-layout-flow\" style=\"flex-basis:1%\"><\/div>\n<\/div>\n<\/div>\n<\/div>\n\n\n\n<div style=\"height:24px\" aria-hidden=\"true\" class=\"wp-block-spacer\"><\/div>\n\n\n\n<p class=\"has-text-align-center\"><strong><em>Grandes tiendas Galeries Lafayette<\/em><\/strong><\/p>\n\n\n\n<p><\/p>\n","protected":false},"excerpt":{"rendered":"<p>\u00a1Los c\u00e9ntimos al poder con el redondeo en caja! Desde 2020, las Galeries Lafayette ofrecen a sus clientes la posibilidad de realizar un redondeo en caja, en colaboraci\u00f3n con Microdon.<\/p>\n","protected":false},"author":79,"featured_media":1129971,"comment_status":"closed","ping_status":"closed","sticky":false,"template":"","format":"standard","meta":{"_acf_changed":false,"footnotes":""},"categories":[1437],"tags":[],"class_list":{"1":"post","5":"has-post-thumbnail"},"acf":[],"yoast_head":"<!-- This site is optimized with the Yoast SEO plugin v28.1 - https:\/\/yoast.com\/product\/yoast-seo-wordpress\/ -->\n<title>El redondeo en caja en Galeries Lafayette - Galeries Lafayette Paris Haussmann<\/title>\n<meta name=\"description\" content=\"\u00a1Tus c\u00e9ntimos cuentan con el redondeo en caja! Desde 2020, Galeries Lafayette ofrece esta opci\u00f3n a sus clientes.\" \/>\n<meta name=\"robots\" content=\"index, follow, max-snippet:-1, max-image-preview:large, max-video-preview:-1\" \/>\n<link rel=\"canonical\" href=\"https:\/\/haussmann.galerieslafayette.com\/es\/redondeo-en-caja\/\" \/>\n<meta property=\"og:locale\" content=\"es_ES\" \/>\n<meta property=\"og:type\" content=\"article\" \/>\n<meta property=\"og:title\" content=\"El redondeo en caja en Galeries Lafayette - Galeries Lafayette Paris Haussmann\" \/>\n<meta property=\"og:description\" content=\"\u00a1Tus c\u00e9ntimos cuentan con el redondeo en caja! Desde 2020, Galeries Lafayette ofrece esta opci\u00f3n a sus clientes.\" \/>\n<meta property=\"og:url\" content=\"https:\/\/haussmann.galerieslafayette.com\/es\/redondeo-en-caja\/\" \/>\n<meta property=\"og:site_name\" content=\"Galeries Lafayette Paris Haussmann\" \/>\n<meta property=\"article:publisher\" content=\"https:\/\/www.facebook.com\/galerieslafayette\/\" \/>\n<meta property=\"article:published_time\" content=\"2023-04-04T14:43:29+00:00\" \/>\n<meta property=\"article:modified_time\" content=\"2026-09-01T12:09:55+00:00\" \/>\n<meta property=\"og:image\" content=\"https:\/\/haussmann.galerieslafayette.com\/wp-content\/uploads\/2021\/03\/coupole-nouvel-an-jap_iau.jpg\" \/>\n\t<meta property=\"og:image:width\" content=\"1279\" \/>\n\t<meta property=\"og:image:height\" content=\"672\" \/>\n\t<meta property=\"og:image:type\" content=\"image\/jpeg\" \/>\n<meta name=\"author\" content=\"Margaux PESSE\" \/>\n<meta name=\"twitter:card\" content=\"summary_large_image\" \/>\n<meta name=\"twitter:creator\" content=\"@Galeries_Laf\" \/>\n<meta name=\"twitter:site\" content=\"@Galeries_Laf\" \/>\n<script type=\"application\/ld+json\" class=\"yoast-schema-graph\">{\"@context\":\"https:\\\/\\\/schema.org\",\"@graph\":[{\"@type\":\"Article\",\"@id\":\"https:\\\/\\\/haussmann.galerieslafayette.com\\\/es\\\/redondeo-en-caja\\\/#article\",\"isPartOf\":{\"@id\":\"https:\\\/\\\/haussmann.galerieslafayette.com\\\/es\\\/redondeo-en-caja\\\/\"},\"author\":{\"name\":\"Margaux PESSE\",\"@id\":\"https:\\\/\\\/haussmann.galerieslafayette.com\\\/es\\\/#\\\/schema\\\/person\\\/e572cf0a0fd3c3bfc2ba7cba7767110e\"},\"headline\":\"El redondeo en caja en Galeries Lafayette\",\"datePublished\":\"2023-04-04T14:43:29+00:00\",\"dateModified\":\"2026-09-01T12:09:55+00:00\",\"mainEntityOfPage\":{\"@id\":\"https:\\\/\\\/haussmann.galerieslafayette.com\\\/es\\\/redondeo-en-caja\\\/\"},\"wordCount\":326,\"publisher\":{\"@id\":\"https:\\\/\\\/haussmann.galerieslafayette.com\\\/es\\\/#organization\"},\"image\":{\"@id\":\"https:\\\/\\\/haussmann.galerieslafayette.com\\\/es\\\/redondeo-en-caja\\\/#primaryimage\"},\"thumbnailUrl\":\"https:\\\/\\\/haussmann.galerieslafayette.com\\\/wp-content\\\/uploads\\\/2021\\\/03\\\/coupole-nouvel-an-jap_iau.jpg\",\"articleSection\":[\"Compromiso de acci\u00f3n sostenible\"],\"inLanguage\":\"es\"},{\"@type\":\"WebPage\",\"@id\":\"https:\\\/\\\/haussmann.galerieslafayette.com\\\/es\\\/redondeo-en-caja\\\/\",\"url\":\"https:\\\/\\\/haussmann.galerieslafayette.com\\\/es\\\/redondeo-en-caja\\\/\",\"name\":\"El redondeo en caja en Galeries Lafayette - Galeries Lafayette Paris Haussmann\",\"isPartOf\":{\"@id\":\"https:\\\/\\\/haussmann.galerieslafayette.com\\\/es\\\/#website\"},\"primaryImageOfPage\":{\"@id\":\"https:\\\/\\\/haussmann.galerieslafayette.com\\\/es\\\/redondeo-en-caja\\\/#primaryimage\"},\"image\":{\"@id\":\"https:\\\/\\\/haussmann.galerieslafayette.com\\\/es\\\/redondeo-en-caja\\\/#primaryimage\"},\"thumbnailUrl\":\"https:\\\/\\\/haussmann.galerieslafayette.com\\\/wp-content\\\/uploads\\\/2021\\\/03\\\/coupole-nouvel-an-jap_iau.jpg\",\"datePublished\":\"2023-04-04T14:43:29+00:00\",\"dateModified\":\"2026-09-01T12:09:55+00:00\",\"description\":\"\u00a1Tus c\u00e9ntimos cuentan con el redondeo en caja! Desde 2020, Galeries Lafayette ofrece esta opci\u00f3n a sus clientes.\",\"breadcrumb\":{\"@id\":\"https:\\\/\\\/haussmann.galerieslafayette.com\\\/es\\\/redondeo-en-caja\\\/#breadcrumb\"},\"inLanguage\":\"es\",\"potentialAction\":[{\"@type\":\"ReadAction\",\"target\":[\"https:\\\/\\\/haussmann.galerieslafayette.com\\\/es\\\/redondeo-en-caja\\\/\"]}]},{\"@type\":\"ImageObject\",\"inLanguage\":\"es\",\"@id\":\"https:\\\/\\\/haussmann.galerieslafayette.com\\\/es\\\/redondeo-en-caja\\\/#primaryimage\",\"url\":\"https:\\\/\\\/haussmann.galerieslafayette.com\\\/wp-content\\\/uploads\\\/2021\\\/03\\\/coupole-nouvel-an-jap_iau.jpg\",\"contentUrl\":\"https:\\\/\\\/haussmann.galerieslafayette.com\\\/wp-content\\\/uploads\\\/2021\\\/03\\\/coupole-nouvel-an-jap_iau.jpg\",\"width\":1279,\"height\":672},{\"@type\":\"BreadcrumbList\",\"@id\":\"https:\\\/\\\/haussmann.galerieslafayette.com\\\/es\\\/redondeo-en-caja\\\/#breadcrumb\",\"itemListElement\":[{\"@type\":\"ListItem\",\"position\":1,\"name\":\"Inicio\",\"item\":\"https:\\\/\\\/haussmann.galerieslafayette.com\\\/es\\\/home-2\\\/\"},{\"@type\":\"ListItem\",\"position\":2,\"name\":\"Compromiso de acci\u00f3n sostenible\",\"item\":\"https:\\\/\\\/haussmann.galerieslafayette.com\\\/es\\\/category\\\/actions-responsables-es\\\/\"},{\"@type\":\"ListItem\",\"position\":3,\"name\":\"El redondeo en caja en Galeries Lafayette\"}]},{\"@type\":\"WebSite\",\"@id\":\"https:\\\/\\\/haussmann.galerieslafayette.com\\\/es\\\/#website\",\"url\":\"https:\\\/\\\/haussmann.galerieslafayette.com\\\/es\\\/\",\"name\":\"Galeries Lafayette Paris Haussmann\",\"description\":\"La destination mode du shopping parisien\",\"publisher\":{\"@id\":\"https:\\\/\\\/haussmann.galerieslafayette.com\\\/es\\\/#organization\"},\"potentialAction\":[{\"@type\":\"SearchAction\",\"target\":{\"@type\":\"EntryPoint\",\"urlTemplate\":\"https:\\\/\\\/haussmann.galerieslafayette.com\\\/es\\\/?s={search_term_string}\"},\"query-input\":{\"@type\":\"PropertyValueSpecification\",\"valueRequired\":true,\"valueName\":\"search_term_string\"}}],\"inLanguage\":\"es\"},{\"@type\":\"Organization\",\"@id\":\"https:\\\/\\\/haussmann.galerieslafayette.com\\\/es\\\/#organization\",\"name\":\"Galeries Lafayette\",\"url\":\"https:\\\/\\\/haussmann.galerieslafayette.com\\\/es\\\/\",\"logo\":{\"@type\":\"ImageObject\",\"inLanguage\":\"es\",\"@id\":\"https:\\\/\\\/haussmann.galerieslafayette.com\\\/es\\\/#\\\/schema\\\/logo\\\/image\\\/\",\"url\":\"https:\\\/\\\/haussmann.galerieslafayette.com\\\/wp-content\\\/uploads\\\/2021\\\/03\\\/GL_LOGO2L_N.jpg\",\"contentUrl\":\"https:\\\/\\\/haussmann.galerieslafayette.com\\\/wp-content\\\/uploads\\\/2021\\\/03\\\/GL_LOGO2L_N.jpg\",\"width\":1535,\"height\":827,\"caption\":\"Galeries Lafayette\"},\"image\":{\"@id\":\"https:\\\/\\\/haussmann.galerieslafayette.com\\\/es\\\/#\\\/schema\\\/logo\\\/image\\\/\"},\"sameAs\":[\"https:\\\/\\\/www.facebook.com\\\/galerieslafayette\\\/\",\"https:\\\/\\\/x.com\\\/Galeries_Laf\",\"https:\\\/\\\/www.instagram.com\\\/galerieslafayette\\\/\",\"http:\\\/\\\/www.youtube.com\\\/user\\\/GaleriesLafayette1\"]},{\"@type\":\"Person\",\"@id\":\"https:\\\/\\\/haussmann.galerieslafayette.com\\\/es\\\/#\\\/schema\\\/person\\\/e572cf0a0fd3c3bfc2ba7cba7767110e\",\"name\":\"Margaux PESSE\",\"image\":{\"@type\":\"ImageObject\",\"inLanguage\":\"es\",\"@id\":\"https:\\\/\\\/secure.gravatar.com\\\/avatar\\\/e64aa54229e1be0d894bfa479ab3749966b5dace79bd3bcd6a374df0b01e1452?s=96&d=mm&r=g\",\"url\":\"https:\\\/\\\/secure.gravatar.com\\\/avatar\\\/e64aa54229e1be0d894bfa479ab3749966b5dace79bd3bcd6a374df0b01e1452?s=96&d=mm&r=g\",\"contentUrl\":\"https:\\\/\\\/secure.gravatar.com\\\/avatar\\\/e64aa54229e1be0d894bfa479ab3749966b5dace79bd3bcd6a374df0b01e1452?s=96&d=mm&r=g\",\"caption\":\"Margaux PESSE\"}}]}<\/script>\n<!-- \/ Yoast SEO plugin. -->","yoast_head_json":{"title":"El redondeo en caja en Galeries Lafayette - Galeries Lafayette Paris Haussmann","description":"\u00a1Tus c\u00e9ntimos cuentan con el redondeo en caja! Desde 2020, Galeries Lafayette ofrece esta opci\u00f3n a sus clientes.","robots":{"index":"index","follow":"follow","max-snippet":"max-snippet:-1","max-image-preview":"max-image-preview:large","max-video-preview":"max-video-preview:-1"},"canonical":"https:\/\/haussmann.galerieslafayette.com\/es\/redondeo-en-caja\/","og_locale":"es_ES","og_type":"article","og_title":"El redondeo en caja en Galeries Lafayette - Galeries Lafayette Paris Haussmann","og_description":"\u00a1Tus c\u00e9ntimos cuentan con el redondeo en caja! Desde 2020, Galeries Lafayette ofrece esta opci\u00f3n a sus clientes.","og_url":"https:\/\/haussmann.galerieslafayette.com\/es\/redondeo-en-caja\/","og_site_name":"Galeries Lafayette Paris Haussmann","article_publisher":"https:\/\/www.facebook.com\/galerieslafayette\/","article_published_time":"2023-04-04T14:43:29+00:00","article_modified_time":"2026-09-01T12:09:55+00:00","og_image":[{"width":1279,"height":672,"url":"https:\/\/haussmann.galerieslafayette.com\/wp-content\/uploads\/2021\/03\/coupole-nouvel-an-jap_iau.jpg","type":"image\/jpeg"}],"author":"Margaux PESSE","twitter_card":"summary_large_image","twitter_creator":"@Galeries_Laf","twitter_site":"@Galeries_Laf","schema":{"@context":"https:\/\/schema.org","@graph":[{"@type":"Article","@id":"https:\/\/haussmann.galerieslafayette.com\/es\/redondeo-en-caja\/#article","isPartOf":{"@id":"https:\/\/haussmann.galerieslafayette.com\/es\/redondeo-en-caja\/"},"author":{"name":"Margaux PESSE","@id":"https:\/\/haussmann.galerieslafayette.com\/es\/#\/schema\/person\/e572cf0a0fd3c3bfc2ba7cba7767110e"},"headline":"El redondeo en caja en Galeries Lafayette","datePublished":"2023-04-04T14:43:29+00:00","dateModified":"2026-09-01T12:09:55+00:00","mainEntityOfPage":{"@id":"https:\/\/haussmann.galerieslafayette.com\/es\/redondeo-en-caja\/"},"wordCount":326,"publisher":{"@id":"https:\/\/haussmann.galerieslafayette.com\/es\/#organization"},"image":{"@id":"https:\/\/haussmann.galerieslafayette.com\/es\/redondeo-en-caja\/#primaryimage"},"thumbnailUrl":"https:\/\/haussmann.galerieslafayette.com\/wp-content\/uploads\/2021\/03\/coupole-nouvel-an-jap_iau.jpg","articleSection":["Compromiso de acci\u00f3n sostenible"],"inLanguage":"es"},{"@type":"WebPage","@id":"https:\/\/haussmann.galerieslafayette.com\/es\/redondeo-en-caja\/","url":"https:\/\/haussmann.galerieslafayette.com\/es\/redondeo-en-caja\/","name":"El redondeo en caja en Galeries Lafayette - Galeries Lafayette Paris Haussmann","isPartOf":{"@id":"https:\/\/haussmann.galerieslafayette.com\/es\/#website"},"primaryImageOfPage":{"@id":"https:\/\/haussmann.galerieslafayette.com\/es\/redondeo-en-caja\/#primaryimage"},"image":{"@id":"https:\/\/haussmann.galerieslafayette.com\/es\/redondeo-en-caja\/#primaryimage"},"thumbnailUrl":"https:\/\/haussmann.galerieslafayette.com\/wp-content\/uploads\/2021\/03\/coupole-nouvel-an-jap_iau.jpg","datePublished":"2023-04-04T14:43:29+00:00","dateModified":"2026-09-01T12:09:55+00:00","description":"\u00a1Tus c\u00e9ntimos cuentan con el redondeo en caja! Desde 2020, Galeries Lafayette ofrece esta opci\u00f3n a sus clientes.","breadcrumb":{"@id":"https:\/\/haussmann.galerieslafayette.com\/es\/redondeo-en-caja\/#breadcrumb"},"inLanguage":"es","potentialAction":[{"@type":"ReadAction","target":["https:\/\/haussmann.galerieslafayette.com\/es\/redondeo-en-caja\/"]}]},{"@type":"ImageObject","inLanguage":"es","@id":"https:\/\/haussmann.galerieslafayette.com\/es\/redondeo-en-caja\/#primaryimage","url":"https:\/\/haussmann.galerieslafayette.com\/wp-content\/uploads\/2021\/03\/coupole-nouvel-an-jap_iau.jpg","contentUrl":"https:\/\/haussmann.galerieslafayette.com\/wp-content\/uploads\/2021\/03\/coupole-nouvel-an-jap_iau.jpg","width":1279,"height":672},{"@type":"BreadcrumbList","@id":"https:\/\/haussmann.galerieslafayette.com\/es\/redondeo-en-caja\/#breadcrumb","itemListElement":[{"@type":"ListItem","position":1,"name":"Inicio","item":"https:\/\/haussmann.galerieslafayette.com\/es\/home-2\/"},{"@type":"ListItem","position":2,"name":"Compromiso de acci\u00f3n sostenible","item":"https:\/\/haussmann.galerieslafayette.com\/es\/category\/actions-responsables-es\/"},{"@type":"ListItem","position":3,"name":"El redondeo en caja en Galeries Lafayette"}]},{"@type":"WebSite","@id":"https:\/\/haussmann.galerieslafayette.com\/es\/#website","url":"https:\/\/haussmann.galerieslafayette.com\/es\/","name":"Galeries Lafayette Paris Haussmann","description":"La destination mode du shopping parisien","publisher":{"@id":"https:\/\/haussmann.galerieslafayette.com\/es\/#organization"},"potentialAction":[{"@type":"SearchAction","target":{"@type":"EntryPoint","urlTemplate":"https:\/\/haussmann.galerieslafayette.com\/es\/?s={search_term_string}"},"query-input":{"@type":"PropertyValueSpecification","valueRequired":true,"valueName":"search_term_string"}}],"inLanguage":"es"},{"@type":"Organization","@id":"https:\/\/haussmann.galerieslafayette.com\/es\/#organization","name":"Galeries Lafayette","url":"https:\/\/haussmann.galerieslafayette.com\/es\/","logo":{"@type":"ImageObject","inLanguage":"es","@id":"https:\/\/haussmann.galerieslafayette.com\/es\/#\/schema\/logo\/image\/","url":"https:\/\/haussmann.galerieslafayette.com\/wp-content\/uploads\/2021\/03\/GL_LOGO2L_N.jpg","contentUrl":"https:\/\/haussmann.galerieslafayette.com\/wp-content\/uploads\/2021\/03\/GL_LOGO2L_N.jpg","width":1535,"height":827,"caption":"Galeries Lafayette"},"image":{"@id":"https:\/\/haussmann.galerieslafayette.com\/es\/#\/schema\/logo\/image\/"},"sameAs":["https:\/\/www.facebook.com\/galerieslafayette\/","https:\/\/x.com\/Galeries_Laf","https:\/\/www.instagram.com\/galerieslafayette\/","http:\/\/www.youtube.com\/user\/GaleriesLafayette1"]},{"@type":"Person","@id":"https:\/\/haussmann.galerieslafayette.com\/es\/#\/schema\/person\/e572cf0a0fd3c3bfc2ba7cba7767110e","name":"Margaux PESSE","image":{"@type":"ImageObject","inLanguage":"es","@id":"https:\/\/secure.gravatar.com\/avatar\/e64aa54229e1be0d894bfa479ab3749966b5dace79bd3bcd6a374df0b01e1452?s=96&d=mm&r=g","url":"https:\/\/secure.gravatar.com\/avatar\/e64aa54229e1be0d894bfa479ab3749966b5dace79bd3bcd6a374df0b01e1452?s=96&d=mm&r=g","contentUrl":"https:\/\/secure.gravatar.com\/avatar\/e64aa54229e1be0d894bfa479ab3749966b5dace79bd3bcd6a374df0b01e1452?s=96&d=mm&r=g","caption":"Margaux PESSE"}}]}},"_links":{"self":[{"href":"https:\/\/haussmann.galerieslafayette.com\/es\/wp-json\/wp\/v2\/posts\/1276650","targetHints":{"allow":["GET"]}}],"collection":[{"href":"https:\/\/haussmann.galerieslafayette.com\/es\/wp-json\/wp\/v2\/posts"}],"about":[{"href":"https:\/\/haussmann.galerieslafayette.com\/es\/wp-json\/wp\/v2\/types\/post"}],"author":[{"embeddable":true,"href":"https:\/\/haussmann.galerieslafayette.com\/es\/wp-json\/wp\/v2\/users\/79"}],"replies":[{"embeddable":true,"href":"https:\/\/haussmann.galerieslafayette.com\/es\/wp-json\/wp\/v2\/comments?post=1276650"}],"version-history":[{"count":10,"href":"https:\/\/haussmann.galerieslafayette.com\/es\/wp-json\/wp\/v2\/posts\/1276650\/revisions"}],"predecessor-version":[{"id":1393811,"href":"https:\/\/haussmann.galerieslafayette.com\/es\/wp-json\/wp\/v2\/posts\/1276650\/revisions\/1393811"}],"wp:featuredmedia":[{"embeddable":true,"href":"https:\/\/haussmann.galerieslafayette.com\/es\/wp-json\/wp\/v2\/media\/1129971"}],"wp:attachment":[{"href":"https:\/\/haussmann.galerieslafayette.com\/es\/wp-json\/wp\/v2\/media?parent=1276650"}],"wp:term":[{"taxonomy":"category","embeddable":true,"href":"https:\/\/haussmann.galerieslafayette.com\/es\/wp-json\/wp\/v2\/categories?post=1276650"},{"taxonomy":"post_tag","embeddable":true,"href":"https:\/\/haussmann.galerieslafayette.com\/es\/wp-json\/wp\/v2\/tags?post=1276650"}],"curies":[{"name":"wp","href":"https:\/\/api.w.org\/{rel}","templated":true}]}}