{"id":1298222,"date":"2023-10-27T12:19:02","date_gmt":"2023-10-27T10:19:02","guid":{"rendered":"https:\/\/haussmann.galerieslafayette.com\/rose-cartel-x-glossup-el-foco\/"},"modified":"2026-03-30T16:26:25","modified_gmt":"2026-03-30T14:26:25","slug":"glossup-el-foco","status":"publish","type":"post","link":"https:\/\/haussmann.galerieslafayette.com\/es\/glossup-el-foco\/","title":{"rendered":"Gloss&#8217;Up burbuja de cuidado"},"content":{"rendered":"\n<p>En Gloss\u2019Up puedes relajarte y disfrutar de tratamientos y masajes personalizados en un aut\u00e9ntico refugio de bienestar. Con un enfoque hol\u00edstico, la marca tambi\u00e9n ofrece tratamientos faciales a medida para cubrir tus necesidades y preocupaciones.<\/p>\n\n\n\n<p>Aqu\u00ed, solo se utilizan productos responsables y naturales con una composici\u00f3n 100 % limpia. Cada protocolo es totalmente natural.<\/p>\n\n\n\n<div style=\"height:25px\" aria-hidden=\"true\" class=\"wp-block-spacer\"><\/div>\n\n\n\n<h2 class=\"wp-block-heading\"><strong>Tratamientos exclusivos<\/strong><\/h2>\n\n\n\n<p>Disfruta de masajes personalizados y tratamientos faciales a medida en un enfoque hol\u00edstico \u00fanico dise\u00f1ado para hacerte sentir bien, utilizando productos responsables y naturales.<br>Para llevar tu cuidado personal m\u00e1s all\u00e1, Gloss\u2019Up, con m\u00e1s de 15 a\u00f1os de experiencia en el cuidado de u\u00f1as, te recibe para\u2026<\/p>\n\n\n\n<div style=\"height:25px\" aria-hidden=\"true\" class=\"wp-block-spacer\"><\/div>\n\n\n\n<h2 class=\"wp-block-heading\">Nuestros indispensables<\/h2>\n\n\n\n<div class=\"wp-block-media-text has-media-on-the-right is-stacked-on-mobile is-vertically-aligned-center is-image-fill-element has-background\" style=\"background-color:#fbeee1\"><div class=\"wp-block-media-text__content\">\n<div style=\"height:22px\" aria-hidden=\"true\" class=\"wp-block-spacer\"><\/div>\n\n\n\n<h3 class=\"wp-block-heading has-text-align-center\" style=\"text-transform:uppercase\">Manicura<\/h3>\n\n\n\n<p class=\"has-text-align-center\">Embellece tus manos gracias a un modelado de u\u00f1as que incluye: limado, pulido, base, dos capas de esmalte semipermanente normal o green, top coat e hidrataci\u00f3n de cut\u00edculas con aceite nutritivo.<\/p>\n\n\n\n<div style=\"height:10px\" aria-hidden=\"true\" class=\"wp-block-spacer\"><\/div>\n\n\n\n<div class=\"wp-block-buttons is-content-justification-center is-layout-flex wp-container-core-buttons-is-layout-a89b3969 wp-block-buttons-is-layout-flex\">\n<div class=\"wp-block-button\"><a class=\"wp-block-button__link has-white-color has-black-background-color has-text-color has-background wp-element-button\" href=\"https:\/\/wellness.galerieslafayette.com\/en\/marques\/rosecartel\/service\/glossup---perfect-mani\/sessions\/search\">Concertar una cita<\/a><\/div>\n<\/div>\n\n\n\n<div style=\"height:24px\" aria-hidden=\"true\" class=\"wp-block-spacer\"><\/div>\n<\/div><figure class=\"wp-block-media-text__media\"><img fetchpriority=\"high\" decoding=\"async\" width=\"817\" height=\"821\" src=\"https:\/\/haussmann.galerieslafayette.com\/wp-content\/uploads\/2023\/10\/nVRiUHSlYW.jpg\" alt=\"\" class=\"wp-image-1296271 size-full\" style=\"object-position:50% 50%\" srcset=\"https:\/\/haussmann.galerieslafayette.com\/wp-content\/uploads\/2023\/10\/nVRiUHSlYW.jpg 817w, https:\/\/haussmann.galerieslafayette.com\/wp-content\/uploads\/2023\/10\/nVRiUHSlYW-300x300.jpg 300w, https:\/\/haussmann.galerieslafayette.com\/wp-content\/uploads\/2023\/10\/nVRiUHSlYW-150x150.jpg 150w, https:\/\/haussmann.galerieslafayette.com\/wp-content\/uploads\/2023\/10\/nVRiUHSlYW-768x772.jpg 768w\" sizes=\"(max-width: 817px) 100vw, 817px\" \/><\/figure><\/div>\n\n\n\n<div style=\"height:30px\" aria-hidden=\"true\" class=\"wp-block-spacer\"><\/div>\n\n\n\n<div class=\"wp-block-media-text is-stacked-on-mobile is-vertically-aligned-center is-image-fill-element has-background\" style=\"background-color:#fbeee1\"><figure class=\"wp-block-media-text__media\"><img decoding=\"async\" width=\"817\" height=\"820\" src=\"https:\/\/haussmann.galerieslafayette.com\/wp-content\/uploads\/2023\/10\/ZrUAYPRpup.jpg\" alt=\"\" class=\"wp-image-1296279 size-full\" style=\"object-position:50% 50%\" srcset=\"https:\/\/haussmann.galerieslafayette.com\/wp-content\/uploads\/2023\/10\/ZrUAYPRpup.jpg 817w, https:\/\/haussmann.galerieslafayette.com\/wp-content\/uploads\/2023\/10\/ZrUAYPRpup-300x300.jpg 300w, https:\/\/haussmann.galerieslafayette.com\/wp-content\/uploads\/2023\/10\/ZrUAYPRpup-150x150.jpg 150w, https:\/\/haussmann.galerieslafayette.com\/wp-content\/uploads\/2023\/10\/ZrUAYPRpup-768x771.jpg 768w\" sizes=\"(max-width: 817px) 100vw, 817px\" \/><\/figure><div class=\"wp-block-media-text__content\">\n<div style=\"height:22px\" aria-hidden=\"true\" class=\"wp-block-spacer\"><\/div>\n\n\n\n<h3 class=\"wp-block-heading has-text-align-center\" style=\"text-transform:uppercase\">clean effect<\/h3>\n\n\n\n<p class=\"has-text-align-center\">\u00bfQuieres limpiar e hidratar tu piel en profundidad? El tratamiento <strong>clean effect<\/strong> consigue una tez unificada atenuando las patas de gallo y eliminando las imperfecciones gracias a una combinaci\u00f3n \u00fanica de limpieza, exfoliaci\u00f3n, extracci\u00f3n, hidrataci\u00f3n y protecci\u00f3n antioxidante con productos 100 % naturales.<\/p>\n\n\n\n<div style=\"height:10px\" aria-hidden=\"true\" class=\"wp-block-spacer\"><\/div>\n\n\n\n<div class=\"wp-block-buttons is-content-justification-center is-layout-flex wp-container-core-buttons-is-layout-a89b3969 wp-block-buttons-is-layout-flex\">\n<div class=\"wp-block-button\"><a class=\"wp-block-button__link has-white-color has-black-background-color has-text-color has-background wp-element-button\" href=\"https:\/\/wellness.galerieslafayette.com\/en\/marques\/rosecartel\/service\/rose-cartel---signatures-care\/sessions\/search\">Concertar una cita<\/a><\/div>\n<\/div>\n\n\n\n<div style=\"height:24px\" aria-hidden=\"true\" class=\"wp-block-spacer\"><\/div>\n<\/div><\/div>\n\n\n\n<div style=\"height:30px\" aria-hidden=\"true\" class=\"wp-block-spacer\"><\/div>\n\n\n\n<div class=\"wp-block-media-text has-media-on-the-right is-stacked-on-mobile is-vertically-aligned-center is-image-fill-element has-background\" style=\"background-color:#fbeee1\"><div class=\"wp-block-media-text__content\">\n<div style=\"height:22px\" aria-hidden=\"true\" class=\"wp-block-spacer\"><\/div>\n\n\n\n<h3 class=\"wp-block-heading has-text-align-center\" style=\"text-transform:uppercase\">extensiones de gel<\/h3>\n\n\n\n<p class=\"has-text-align-center\">\u00a1Realza tus u\u00f1as con extensiones de gel! Esta prestaci\u00f3n incluye: manicura americana, extensi\u00f3n de u\u00f1as con gel moldeador y moldes de papel, base, esmalte semipermanente en dos capas y top coat, hidrataci\u00f3n de manos con crema hidratante y de cut\u00edculas con aceite nutritivo.<\/p>\n\n\n\n<div style=\"height:10px\" aria-hidden=\"true\" class=\"wp-block-spacer\"><\/div>\n\n\n\n<div class=\"wp-block-buttons is-content-justification-center is-layout-flex wp-container-core-buttons-is-layout-a89b3969 wp-block-buttons-is-layout-flex\">\n<div class=\"wp-block-button\"><a class=\"wp-block-button__link has-white-color has-black-background-color has-text-color has-background wp-element-button\" href=\"https:\/\/wellness.galerieslafayette.com\/en\/marques\/rosecartel\/service\/glossup---extensions-gel-and-gel-x\/sessions\/search\" target=\"_blank\" rel=\"noreferrer noopener\">Concertar una cita<\/a><\/div>\n<\/div>\n\n\n\n<div style=\"height:24px\" aria-hidden=\"true\" class=\"wp-block-spacer\"><\/div>\n<\/div><figure class=\"wp-block-media-text__media\"><img decoding=\"async\" width=\"643\" height=\"641\" src=\"https:\/\/haussmann.galerieslafayette.com\/wp-content\/uploads\/2023\/10\/LVidmtBkxp.jpg\" alt=\"\" class=\"wp-image-1296287 size-full\" style=\"object-position:50% 50%\" srcset=\"https:\/\/haussmann.galerieslafayette.com\/wp-content\/uploads\/2023\/10\/LVidmtBkxp.jpg 643w, https:\/\/haussmann.galerieslafayette.com\/wp-content\/uploads\/2023\/10\/LVidmtBkxp-300x300.jpg 300w, https:\/\/haussmann.galerieslafayette.com\/wp-content\/uploads\/2023\/10\/LVidmtBkxp-150x150.jpg 150w\" sizes=\"(max-width: 643px) 100vw, 643px\" \/><\/figure><\/div>\n\n\n\n<div style=\"height:10px\" aria-hidden=\"true\" class=\"wp-block-spacer\"><\/div>\n\n\n\n<p class=\"has-text-align-center\"><strong>Descubre m\u00e1s prestaciones Gloss&#8217;Up en la planta baja inferior<\/strong> <strong>de la tienda Coupole de las Galeries Lafayette Paris Haussmann<\/strong> <strong>y en <a href=\"https:\/\/wellness.galerieslafayette.com\/?utm_source=SiteHSM&amp;utm_medium=Wellness\"><mark style=\"background-color:rgba(0, 0, 0, 0)\" class=\"has-inline-color has-pale-pink-color\"><span style=\"text-decoration: underline;\">wellness.galerieslafayette.com<\/span><\/mark><\/a><\/strong><\/p>\n\n\n\n<div style=\"height:30px\" aria-hidden=\"true\" class=\"wp-block-spacer\"><\/div>\n\n\n\n<div class=\"wp-block-media-text is-stacked-on-mobile is-vertically-aligned-center has-background\" style=\"background-color:#fafafa;grid-template-columns:40% auto\"><figure class=\"wp-block-media-text__media\"><img loading=\"lazy\" decoding=\"async\" width=\"300\" height=\"208\" src=\"https:\/\/haussmann.galerieslafayette.com\/wp-content\/uploads\/2022\/11\/Sans-titre-1-300x208.png\" alt=\"\" class=\"wp-image-1263199 size-medium\" srcset=\"https:\/\/haussmann.galerieslafayette.com\/wp-content\/uploads\/2022\/11\/Sans-titre-1-300x208.png 300w, https:\/\/haussmann.galerieslafayette.com\/wp-content\/uploads\/2022\/11\/Sans-titre-1-768x533.png 768w, https:\/\/haussmann.galerieslafayette.com\/wp-content\/uploads\/2022\/11\/Sans-titre-1.png 835w\" sizes=\"(max-width: 300px) 100vw, 300px\" \/><\/figure><div class=\"wp-block-media-text__content\">\n<h3 class=\"wp-block-heading\"><br>Tarjeta de regalo<\/h3>\n\n\n\n<p>Elige una suma comprendida entre<strong>&nbsp;20 \u20ac y 2000 \u20ac<\/strong> y da rienda suelta a los deseos de quienes te rodean.<\/p>\n\n\n\n<p><strong>Compra la tarjeta en el lobby o en los stands de las marcas de la \u00e1rea de Belleza y Cuidado o bien en <a href=\"https:\/\/www.galerieslafayette.com\/\">galerieslafayette.com<\/a>.<\/strong><\/p>\n\n\n\n<p><span style=\"text-decoration: underline;\">V\u00e1lida un a\u00f1o y utilizable \u00fanicamente en la tienda y en la \u00e1rea de Belleza y Cuidado<\/span><\/p>\n\n\n\n<p class=\"has-small-font-size\"><em>*Oferta no v\u00e1lida por la naturopat\u00eda<\/em><\/p>\n\n\n\n<div style=\"height:19px\" aria-hidden=\"true\" class=\"wp-block-spacer\"><\/div>\n<\/div><\/div>\n\n\n\n<div style=\"height:26px\" aria-hidden=\"true\" class=\"wp-block-spacer\"><\/div>\n\n\n\n<p class=\"has-text-align-center\"><strong>Tienda Coupole \u2013 \u00c1rea de Belleza y Cuidado \u2013 Planta baja inferior<br><\/strong>40 boulevard Haussmann, 75009 Par\u00eds<\/p>\n\n\n\n<p><\/p>\n","protected":false},"excerpt":{"rendered":"<p>Visita el stand de Gloss\u2019Up para disfrutar de masajes personalizados, tratamientos faciales y cuidado de u\u00f1as: todo lo que necesitas para la experiencia definitiva de cuidado personal.<\/p>\n","protected":false},"author":68,"featured_media":1381984,"comment_status":"closed","ping_status":"closed","sticky":false,"template":"","format":"standard","meta":{"_acf_changed":false,"footnotes":""},"categories":[1323,659],"tags":[],"class_list":{"1":"post","5":"has-post-thumbnail"},"acf":[],"yoast_head":"<!-- This site is optimized with the Yoast SEO plugin v26.4 - https:\/\/yoast.com\/wordpress\/plugins\/seo\/ -->\n<title>Gloss&#039;Up burbuja de cuidado - Galeries Lafayette Paris Haussmann<\/title>\n<meta name=\"description\" content=\"Visita el stand de Gloss\u2019Up para disfrutar de masajes personalizados, tratamientos faciales y cuidado de u\u00f1as.\" \/>\n<meta name=\"robots\" content=\"index, follow, max-snippet:-1, max-image-preview:large, max-video-preview:-1\" \/>\n<link rel=\"canonical\" href=\"https:\/\/haussmann.galerieslafayette.com\/es\/glossup-el-foco\/\" \/>\n<meta property=\"og:locale\" content=\"es_ES\" \/>\n<meta property=\"og:type\" content=\"article\" \/>\n<meta property=\"og:title\" content=\"Gloss&#039;Up burbuja de cuidado - Galeries Lafayette Paris Haussmann\" \/>\n<meta property=\"og:description\" content=\"Visita el stand de Gloss\u2019Up para disfrutar de masajes personalizados, tratamientos faciales y cuidado de u\u00f1as.\" \/>\n<meta property=\"og:url\" content=\"https:\/\/haussmann.galerieslafayette.com\/es\/glossup-el-foco\/\" \/>\n<meta property=\"og:site_name\" content=\"Galeries Lafayette Paris Haussmann\" \/>\n<meta property=\"article:publisher\" content=\"https:\/\/www.facebook.com\/galerieslafayette\/\" \/>\n<meta property=\"article:published_time\" content=\"2023-10-27T10:19:02+00:00\" \/>\n<meta property=\"article:modified_time\" content=\"2026-03-30T14:26:25+00:00\" \/>\n<meta property=\"og:image\" content=\"https:\/\/haussmann.galerieslafayette.com\/wp-content\/uploads\/2023\/10\/glossup-visuel-1.jpg\" \/>\n\t<meta property=\"og:image:width\" content=\"1500\" \/>\n\t<meta property=\"og:image:height\" content=\"1000\" \/>\n\t<meta property=\"og:image:type\" content=\"image\/jpeg\" \/>\n<meta name=\"author\" content=\"Jade Delsolle\" \/>\n<meta name=\"twitter:card\" content=\"summary_large_image\" \/>\n<meta name=\"twitter:creator\" content=\"@Galeries_Laf\" \/>\n<meta name=\"twitter:site\" content=\"@Galeries_Laf\" \/>\n<script type=\"application\/ld+json\" class=\"yoast-schema-graph\">{\"@context\":\"https:\/\/schema.org\",\"@graph\":[{\"@type\":\"Article\",\"@id\":\"https:\/\/haussmann.galerieslafayette.com\/es\/glossup-el-foco\/#article\",\"isPartOf\":{\"@id\":\"https:\/\/haussmann.galerieslafayette.com\/es\/glossup-el-foco\/\"},\"author\":{\"name\":\"Jade Delsolle\",\"@id\":\"https:\/\/haussmann.galerieslafayette.com\/es\/#\/schema\/person\/e239701fecac3263cb28579922699ab0\"},\"headline\":\"Gloss&#8217;Up burbuja de cuidado\",\"datePublished\":\"2023-10-27T10:19:02+00:00\",\"dateModified\":\"2026-03-30T14:26:25+00:00\",\"mainEntityOfPage\":{\"@id\":\"https:\/\/haussmann.galerieslafayette.com\/es\/glossup-el-foco\/\"},\"wordCount\":374,\"publisher\":{\"@id\":\"https:\/\/haussmann.galerieslafayette.com\/es\/#organization\"},\"image\":{\"@id\":\"https:\/\/haussmann.galerieslafayette.com\/es\/glossup-el-foco\/#primaryimage\"},\"thumbnailUrl\":\"https:\/\/haussmann.galerieslafayette.com\/wp-content\/uploads\/2023\/10\/glossup-visuel-1.jpg\",\"articleSection\":[\"\u00c1rea de Belleza y Cuidado\",\"Universos\"],\"inLanguage\":\"es\"},{\"@type\":\"WebPage\",\"@id\":\"https:\/\/haussmann.galerieslafayette.com\/es\/glossup-el-foco\/\",\"url\":\"https:\/\/haussmann.galerieslafayette.com\/es\/glossup-el-foco\/\",\"name\":\"Gloss'Up burbuja de cuidado - Galeries Lafayette Paris Haussmann\",\"isPartOf\":{\"@id\":\"https:\/\/haussmann.galerieslafayette.com\/es\/#website\"},\"primaryImageOfPage\":{\"@id\":\"https:\/\/haussmann.galerieslafayette.com\/es\/glossup-el-foco\/#primaryimage\"},\"image\":{\"@id\":\"https:\/\/haussmann.galerieslafayette.com\/es\/glossup-el-foco\/#primaryimage\"},\"thumbnailUrl\":\"https:\/\/haussmann.galerieslafayette.com\/wp-content\/uploads\/2023\/10\/glossup-visuel-1.jpg\",\"datePublished\":\"2023-10-27T10:19:02+00:00\",\"dateModified\":\"2026-03-30T14:26:25+00:00\",\"description\":\"Visita el stand de Gloss\u2019Up para disfrutar de masajes personalizados, tratamientos faciales y cuidado de u\u00f1as.\",\"breadcrumb\":{\"@id\":\"https:\/\/haussmann.galerieslafayette.com\/es\/glossup-el-foco\/#breadcrumb\"},\"inLanguage\":\"es\",\"potentialAction\":[{\"@type\":\"ReadAction\",\"target\":[\"https:\/\/haussmann.galerieslafayette.com\/es\/glossup-el-foco\/\"]}]},{\"@type\":\"ImageObject\",\"inLanguage\":\"es\",\"@id\":\"https:\/\/haussmann.galerieslafayette.com\/es\/glossup-el-foco\/#primaryimage\",\"url\":\"https:\/\/haussmann.galerieslafayette.com\/wp-content\/uploads\/2023\/10\/glossup-visuel-1.jpg\",\"contentUrl\":\"https:\/\/haussmann.galerieslafayette.com\/wp-content\/uploads\/2023\/10\/glossup-visuel-1.jpg\",\"width\":1500,\"height\":1000},{\"@type\":\"BreadcrumbList\",\"@id\":\"https:\/\/haussmann.galerieslafayette.com\/es\/glossup-el-foco\/#breadcrumb\",\"itemListElement\":[{\"@type\":\"ListItem\",\"position\":1,\"name\":\"Inicio\",\"item\":\"https:\/\/haussmann.galerieslafayette.com\/es\/home-2\/\"},{\"@type\":\"ListItem\",\"position\":2,\"name\":\"Universos\",\"item\":\"https:\/\/haussmann.galerieslafayette.com\/es\/category\/universos\/\"},{\"@type\":\"ListItem\",\"position\":3,\"name\":\"Gloss&rsquo;Up burbuja de cuidado\"}]},{\"@type\":\"WebSite\",\"@id\":\"https:\/\/haussmann.galerieslafayette.com\/es\/#website\",\"url\":\"https:\/\/haussmann.galerieslafayette.com\/es\/\",\"name\":\"Galeries Lafayette Paris Haussmann\",\"description\":\"La destination mode du shopping parisien\",\"publisher\":{\"@id\":\"https:\/\/haussmann.galerieslafayette.com\/es\/#organization\"},\"potentialAction\":[{\"@type\":\"SearchAction\",\"target\":{\"@type\":\"EntryPoint\",\"urlTemplate\":\"https:\/\/haussmann.galerieslafayette.com\/es\/?s={search_term_string}\"},\"query-input\":{\"@type\":\"PropertyValueSpecification\",\"valueRequired\":true,\"valueName\":\"search_term_string\"}}],\"inLanguage\":\"es\"},{\"@type\":\"Organization\",\"@id\":\"https:\/\/haussmann.galerieslafayette.com\/es\/#organization\",\"name\":\"Galeries Lafayette\",\"url\":\"https:\/\/haussmann.galerieslafayette.com\/es\/\",\"logo\":{\"@type\":\"ImageObject\",\"inLanguage\":\"es\",\"@id\":\"https:\/\/haussmann.galerieslafayette.com\/es\/#\/schema\/logo\/image\/\",\"url\":\"https:\/\/haussmann.galerieslafayette.com\/wp-content\/uploads\/2021\/03\/GL_LOGO2L_N.jpg\",\"contentUrl\":\"https:\/\/haussmann.galerieslafayette.com\/wp-content\/uploads\/2021\/03\/GL_LOGO2L_N.jpg\",\"width\":1535,\"height\":827,\"caption\":\"Galeries Lafayette\"},\"image\":{\"@id\":\"https:\/\/haussmann.galerieslafayette.com\/es\/#\/schema\/logo\/image\/\"},\"sameAs\":[\"https:\/\/www.facebook.com\/galerieslafayette\/\",\"https:\/\/x.com\/Galeries_Laf\",\"https:\/\/www.instagram.com\/galerieslafayette\/\",\"http:\/\/www.youtube.com\/user\/GaleriesLafayette1\"]},{\"@type\":\"Person\",\"@id\":\"https:\/\/haussmann.galerieslafayette.com\/es\/#\/schema\/person\/e239701fecac3263cb28579922699ab0\",\"name\":\"Jade Delsolle\",\"image\":{\"@type\":\"ImageObject\",\"inLanguage\":\"es\",\"@id\":\"https:\/\/haussmann.galerieslafayette.com\/es\/#\/schema\/person\/image\/\",\"url\":\"https:\/\/secure.gravatar.com\/avatar\/bbf33f2906f04820c01ecf1a7c3c12b5aa857128b4d01b9c1d1dcf28bec604b0?s=96&d=mm&r=g\",\"contentUrl\":\"https:\/\/secure.gravatar.com\/avatar\/bbf33f2906f04820c01ecf1a7c3c12b5aa857128b4d01b9c1d1dcf28bec604b0?s=96&d=mm&r=g\",\"caption\":\"Jade Delsolle\"}}]}<\/script>\n<!-- \/ Yoast SEO plugin. -->","yoast_head_json":{"title":"Gloss'Up burbuja de cuidado - Galeries Lafayette Paris Haussmann","description":"Visita el stand de Gloss\u2019Up para disfrutar de masajes personalizados, tratamientos faciales y cuidado de u\u00f1as.","robots":{"index":"index","follow":"follow","max-snippet":"max-snippet:-1","max-image-preview":"max-image-preview:large","max-video-preview":"max-video-preview:-1"},"canonical":"https:\/\/haussmann.galerieslafayette.com\/es\/glossup-el-foco\/","og_locale":"es_ES","og_type":"article","og_title":"Gloss'Up burbuja de cuidado - Galeries Lafayette Paris Haussmann","og_description":"Visita el stand de Gloss\u2019Up para disfrutar de masajes personalizados, tratamientos faciales y cuidado de u\u00f1as.","og_url":"https:\/\/haussmann.galerieslafayette.com\/es\/glossup-el-foco\/","og_site_name":"Galeries Lafayette Paris Haussmann","article_publisher":"https:\/\/www.facebook.com\/galerieslafayette\/","article_published_time":"2023-10-27T10:19:02+00:00","article_modified_time":"2026-03-30T14:26:25+00:00","og_image":[{"width":1500,"height":1000,"url":"https:\/\/haussmann.galerieslafayette.com\/wp-content\/uploads\/2023\/10\/glossup-visuel-1.jpg","type":"image\/jpeg"}],"author":"Jade Delsolle","twitter_card":"summary_large_image","twitter_creator":"@Galeries_Laf","twitter_site":"@Galeries_Laf","schema":{"@context":"https:\/\/schema.org","@graph":[{"@type":"Article","@id":"https:\/\/haussmann.galerieslafayette.com\/es\/glossup-el-foco\/#article","isPartOf":{"@id":"https:\/\/haussmann.galerieslafayette.com\/es\/glossup-el-foco\/"},"author":{"name":"Jade Delsolle","@id":"https:\/\/haussmann.galerieslafayette.com\/es\/#\/schema\/person\/e239701fecac3263cb28579922699ab0"},"headline":"Gloss&#8217;Up burbuja de cuidado","datePublished":"2023-10-27T10:19:02+00:00","dateModified":"2026-03-30T14:26:25+00:00","mainEntityOfPage":{"@id":"https:\/\/haussmann.galerieslafayette.com\/es\/glossup-el-foco\/"},"wordCount":374,"publisher":{"@id":"https:\/\/haussmann.galerieslafayette.com\/es\/#organization"},"image":{"@id":"https:\/\/haussmann.galerieslafayette.com\/es\/glossup-el-foco\/#primaryimage"},"thumbnailUrl":"https:\/\/haussmann.galerieslafayette.com\/wp-content\/uploads\/2023\/10\/glossup-visuel-1.jpg","articleSection":["\u00c1rea de Belleza y Cuidado","Universos"],"inLanguage":"es"},{"@type":"WebPage","@id":"https:\/\/haussmann.galerieslafayette.com\/es\/glossup-el-foco\/","url":"https:\/\/haussmann.galerieslafayette.com\/es\/glossup-el-foco\/","name":"Gloss'Up burbuja de cuidado - Galeries Lafayette Paris Haussmann","isPartOf":{"@id":"https:\/\/haussmann.galerieslafayette.com\/es\/#website"},"primaryImageOfPage":{"@id":"https:\/\/haussmann.galerieslafayette.com\/es\/glossup-el-foco\/#primaryimage"},"image":{"@id":"https:\/\/haussmann.galerieslafayette.com\/es\/glossup-el-foco\/#primaryimage"},"thumbnailUrl":"https:\/\/haussmann.galerieslafayette.com\/wp-content\/uploads\/2023\/10\/glossup-visuel-1.jpg","datePublished":"2023-10-27T10:19:02+00:00","dateModified":"2026-03-30T14:26:25+00:00","description":"Visita el stand de Gloss\u2019Up para disfrutar de masajes personalizados, tratamientos faciales y cuidado de u\u00f1as.","breadcrumb":{"@id":"https:\/\/haussmann.galerieslafayette.com\/es\/glossup-el-foco\/#breadcrumb"},"inLanguage":"es","potentialAction":[{"@type":"ReadAction","target":["https:\/\/haussmann.galerieslafayette.com\/es\/glossup-el-foco\/"]}]},{"@type":"ImageObject","inLanguage":"es","@id":"https:\/\/haussmann.galerieslafayette.com\/es\/glossup-el-foco\/#primaryimage","url":"https:\/\/haussmann.galerieslafayette.com\/wp-content\/uploads\/2023\/10\/glossup-visuel-1.jpg","contentUrl":"https:\/\/haussmann.galerieslafayette.com\/wp-content\/uploads\/2023\/10\/glossup-visuel-1.jpg","width":1500,"height":1000},{"@type":"BreadcrumbList","@id":"https:\/\/haussmann.galerieslafayette.com\/es\/glossup-el-foco\/#breadcrumb","itemListElement":[{"@type":"ListItem","position":1,"name":"Inicio","item":"https:\/\/haussmann.galerieslafayette.com\/es\/home-2\/"},{"@type":"ListItem","position":2,"name":"Universos","item":"https:\/\/haussmann.galerieslafayette.com\/es\/category\/universos\/"},{"@type":"ListItem","position":3,"name":"Gloss&rsquo;Up burbuja de cuidado"}]},{"@type":"WebSite","@id":"https:\/\/haussmann.galerieslafayette.com\/es\/#website","url":"https:\/\/haussmann.galerieslafayette.com\/es\/","name":"Galeries Lafayette Paris Haussmann","description":"La destination mode du shopping parisien","publisher":{"@id":"https:\/\/haussmann.galerieslafayette.com\/es\/#organization"},"potentialAction":[{"@type":"SearchAction","target":{"@type":"EntryPoint","urlTemplate":"https:\/\/haussmann.galerieslafayette.com\/es\/?s={search_term_string}"},"query-input":{"@type":"PropertyValueSpecification","valueRequired":true,"valueName":"search_term_string"}}],"inLanguage":"es"},{"@type":"Organization","@id":"https:\/\/haussmann.galerieslafayette.com\/es\/#organization","name":"Galeries Lafayette","url":"https:\/\/haussmann.galerieslafayette.com\/es\/","logo":{"@type":"ImageObject","inLanguage":"es","@id":"https:\/\/haussmann.galerieslafayette.com\/es\/#\/schema\/logo\/image\/","url":"https:\/\/haussmann.galerieslafayette.com\/wp-content\/uploads\/2021\/03\/GL_LOGO2L_N.jpg","contentUrl":"https:\/\/haussmann.galerieslafayette.com\/wp-content\/uploads\/2021\/03\/GL_LOGO2L_N.jpg","width":1535,"height":827,"caption":"Galeries Lafayette"},"image":{"@id":"https:\/\/haussmann.galerieslafayette.com\/es\/#\/schema\/logo\/image\/"},"sameAs":["https:\/\/www.facebook.com\/galerieslafayette\/","https:\/\/x.com\/Galeries_Laf","https:\/\/www.instagram.com\/galerieslafayette\/","http:\/\/www.youtube.com\/user\/GaleriesLafayette1"]},{"@type":"Person","@id":"https:\/\/haussmann.galerieslafayette.com\/es\/#\/schema\/person\/e239701fecac3263cb28579922699ab0","name":"Jade Delsolle","image":{"@type":"ImageObject","inLanguage":"es","@id":"https:\/\/haussmann.galerieslafayette.com\/es\/#\/schema\/person\/image\/","url":"https:\/\/secure.gravatar.com\/avatar\/bbf33f2906f04820c01ecf1a7c3c12b5aa857128b4d01b9c1d1dcf28bec604b0?s=96&d=mm&r=g","contentUrl":"https:\/\/secure.gravatar.com\/avatar\/bbf33f2906f04820c01ecf1a7c3c12b5aa857128b4d01b9c1d1dcf28bec604b0?s=96&d=mm&r=g","caption":"Jade Delsolle"}}]}},"_links":{"self":[{"href":"https:\/\/haussmann.galerieslafayette.com\/es\/wp-json\/wp\/v2\/posts\/1298222","targetHints":{"allow":["GET"]}}],"collection":[{"href":"https:\/\/haussmann.galerieslafayette.com\/es\/wp-json\/wp\/v2\/posts"}],"about":[{"href":"https:\/\/haussmann.galerieslafayette.com\/es\/wp-json\/wp\/v2\/types\/post"}],"author":[{"embeddable":true,"href":"https:\/\/haussmann.galerieslafayette.com\/es\/wp-json\/wp\/v2\/users\/68"}],"replies":[{"embeddable":true,"href":"https:\/\/haussmann.galerieslafayette.com\/es\/wp-json\/wp\/v2\/comments?post=1298222"}],"version-history":[{"count":10,"href":"https:\/\/haussmann.galerieslafayette.com\/es\/wp-json\/wp\/v2\/posts\/1298222\/revisions"}],"predecessor-version":[{"id":1383980,"href":"https:\/\/haussmann.galerieslafayette.com\/es\/wp-json\/wp\/v2\/posts\/1298222\/revisions\/1383980"}],"wp:featuredmedia":[{"embeddable":true,"href":"https:\/\/haussmann.galerieslafayette.com\/es\/wp-json\/wp\/v2\/media\/1381984"}],"wp:attachment":[{"href":"https:\/\/haussmann.galerieslafayette.com\/es\/wp-json\/wp\/v2\/media?parent=1298222"}],"wp:term":[{"taxonomy":"category","embeddable":true,"href":"https:\/\/haussmann.galerieslafayette.com\/es\/wp-json\/wp\/v2\/categories?post=1298222"},{"taxonomy":"post_tag","embeddable":true,"href":"https:\/\/haussmann.galerieslafayette.com\/es\/wp-json\/wp\/v2\/tags?post=1298222"}],"curies":[{"name":"wp","href":"https:\/\/api.w.org\/{rel}","templated":true}]}}