{"id":1302346,"date":"2023-11-13T17:58:45","date_gmt":"2023-11-13T16:58:45","guid":{"rendered":"https:\/\/haussmann.galerieslafayette.com\/la-temporada-ideal-para-visitar-paris-una-escapada-de-lujo-durante-todo-el-ano\/"},"modified":"2023-11-13T18:28:15","modified_gmt":"2023-11-13T17:28:15","slug":"la-temporada-ideal-para-visitar-paris-una-escapada-de-lujo-durante-todo-el-ano","status":"publish","type":"post","link":"https:\/\/haussmann.galerieslafayette.com\/es\/la-temporada-ideal-para-visitar-paris-una-escapada-de-lujo-durante-todo-el-ano\/","title":{"rendered":"La temporada ideal para visitar Par\u00eds: una escapada de lujo durante todo el a\u00f1o"},"content":{"rendered":"\n<h2 class=\"wp-block-heading\">\u00bfCu\u00e1l es la temporada ideal para visitar Par\u00eds?<\/h2>\n\n<figure class=\"wp-block-image size-large\"><img decoding=\"async\" src=\"https:\/\/haussmann.galerieslafayette.com\/wp-content\/uploads\/2022\/06\/GL_terrasse_01_high-1024x683.jpg\" alt=\"\" class=\"wp-image-1250272\"\/><\/figure>\n\n<p>Par\u00eds, la Ciudad de la Luz, cuenta con un encanto excepcional para acoger a los turistas durante todo el a\u00f1o. Siempre es una buena \u00e9poca para viajar a Par\u00eds, tanto por su ambiente rom\u00e1ntico como por sus famosos monumentos, como la Torre Eiffel, o por su famosa Fashion Week. Elegir el per\u00edodo para visitar Par\u00eds depende de si desea disfrutar de una aut\u00e9ntica experiencia de Par\u00eds en primavera, la calidez de los parques en verano, los colores de Par\u00eds en oto\u00f1o o visitar un aut\u00e9ntico mercadillo navide\u00f1o europeo.<\/p>\n\n<div style=\"height:47px\" aria-hidden=\"true\" class=\"wp-block-spacer\"><\/div>\n\n<h2 class=\"wp-block-heading\">\u00bfCu\u00e1l es el mes ideal para visitar Par\u00eds?<\/h2>\n\n<h3 class=\"wp-block-heading\">Primavera en Par\u00eds \ud83c\udf31<\/h3>\n\n<p>La primavera es una de las estaciones m\u00e1s agradables para visitar Par\u00eds. Desde marzo hasta mayo, la ciudad se despierta con colores vivos y la temperatura media var\u00eda entre 10 y 18 grados. La Torre Eiffel con los cerezos en flor de fondo, son el marco perfecto para una estupenda foto Instagram. Visite Par\u00eds en primavera y disfrute de la calma de los jardines de Luxemburgo o de Buttes-Chaumont. Combine el relax con un recorrido tur\u00edstico al Arco de Triunfo, Notre Dame, y, por supuesto, a la Torre Eiffel.<br\/>Tambi\u00e9n puede asistir a la Fashion Week que, como cada a\u00f1o, tiene lugar en primavera, para ver las \u00faltimas tendencias e innovaciones de la industria de la moda. Este evento le inspirar\u00e1 a hacer shopping en las ic\u00f3nicas Galer\u00edas Lafayette Paris Haussmann.<\/p>\n\n<div style=\"height:20px\" aria-hidden=\"true\" class=\"wp-block-spacer\"><\/div>\n\n<h3 class=\"wp-block-heading\">Verano en la capital francesa \ud83c\udf33<\/h3>\n\n<p>El verano es una temporada muy popular para visitar Par\u00eds. Con una temperatura media que var\u00eda entre 20 y 27 grados, es un momento ideal para descubrir y realizar actividades al aire libre en la ciudad. Los d\u00edas que se alargan le permitir\u00e1n caminar por las orillas del Sena, disfrutar de p\u00edcnics en los parques y pasear tranquilamente por los Campos El\u00edseos. No puede ir a Par\u00eds sin visitar la Torre Eiffel, que ofrece<strong> <a href=\"https:\/\/haussmann.galerieslafayette.com\/en\/enjoy-a-panoramic-view-of-paris-at-our-rooftop-terrace\/\">bellas vistas panor\u00e1micas<\/a><\/strong> de la ciudad. No obstante, prep\u00e1rese a ver largas colas y multitud de gente durante el verano.<\/p>\n\n<div style=\"height:36px\" aria-hidden=\"true\" class=\"wp-block-spacer\"><\/div>\n\n<div class=\"wp-block-columns is-not-stacked-on-mobile has-background is-layout-flex wp-container-core-columns-is-layout-28f84493 wp-block-columns-is-layout-flex\" style=\"background-color:#ebebeb\">\n<div class=\"wp-block-column has-white-background-color has-background is-layout-flow wp-block-column-is-layout-flow\" style=\"flex-basis:100%\">\n<div class=\"wp-block-columns is-not-stacked-on-mobile is-layout-flex wp-container-core-columns-is-layout-28f84493 wp-block-columns-is-layout-flex\">\n<div class=\"wp-block-column is-layout-flow wp-block-column-is-layout-flow\" style=\"flex-basis:3%\"><\/div>\n\n\n\n<div class=\"wp-block-column is-layout-flow wp-block-column-is-layout-flow\" style=\"flex-basis:94%\">\n<div style=\"height:29px\" aria-hidden=\"true\" class=\"wp-block-spacer\"><\/div>\n\n\n\n<h4 class=\"wp-block-heading has-text-align-center has-medium-font-size\">Consejos pr\u00e1cticos \u00a0\ud83d\udcdd<\/h4>\n\n\n\n<p>Para disfrutar de forma m\u00e1s relajada de la ciudad, \u00bfpor qu\u00e9 no reserva una mesa en el rooftop de Galeries Lafayette para degustar la deliciosa reposter\u00eda francesa? La terraza del maravilloso rooftop tambi\u00e9n es un lugar perfecto para una cena rom\u00e1ntica mientras admira el centelleo de las luces de la ciudad. Si piensa visitar Par\u00eds en julio, puede asistir a los festejos de la Fiesta Nacional del 14 de julio, durante los cuales podr\u00e1 admirar los espectaculares fuegos de artificio alrededor de la Torre Eiffel.<\/p>\n<\/div>\n\n\n\n<div class=\"wp-block-column is-layout-flow wp-block-column-is-layout-flow\" style=\"flex-basis:3%\"><\/div>\n<\/div>\n<\/div>\n<\/div>\n\n<div style=\"height:51px\" aria-hidden=\"true\" class=\"wp-block-spacer\"><\/div>\n\n<h3 class=\"wp-block-heading\">La frondosidad del oto\u00f1o \ud83c\udf42<\/h3>\n\n<p>La transici\u00f3n de verano a oto\u00f1o en Par\u00eds supone una hermosa transformaci\u00f3n. La temperatura es apacible, entre 16 y 21 grados, por lo que es un per\u00edodo del a\u00f1o muy agradable para explorar la ciudad. Uno de los platos fuertes al visitar Par\u00eds en septiembre es la vuelta de la Fashion Week, que atrae a  amantes de la moda de todo el mundo. \u00bfNo tiene boletos? No se preocupe, Galeries Lafayette organiza un abanico de <a href=\"https:\/\/haussmann.galerieslafayette.com\/es\/type_experience\/nuestras-experiencias\/\"><strong>eventos y actividades<\/strong><\/a>, como <a href=\"https:\/\/haussmann.galerieslafayette.com\/es\/events\/desfiles-de-moda-originales-en-galeries-lafayette-paris-haussmann\/\"><strong>desfiles de moda<\/strong> <\/a>durante todo el a\u00f1o. Esto le aportar\u00e1 una experiencia \u00fanica en la que podr\u00e1 comprar en peque\u00f1os comercios los \u00faltimos dise\u00f1os de las grandes marcas o regalos para llevar.<\/p>\n\n<h3 class=\"wp-block-heading\">La magia del invierno \u2744\ufe0f<\/h3>\n\n<p>El invierno en Par\u00eds es una experiencia m\u00e1gica con las luces festivas y los mercadillos de Navidad, que crean una atm\u00f3sfera cautivadora. La temperatura media del invierno parisino var\u00eda entre 3 y 7 grados, por lo que debe llevarse ropa de abrigo. Tambi\u00e9n puede completar su armario de invierno con una visita a Galeries Lafayette. En diciembre, la ciudad est\u00e1 repleta de mercadillos de Navidad con una amplia oferta de productos artesanales, vino caliente y deliciosa reposter\u00eda. Los Campos El\u00edseos y las cercan\u00edas de la Torre Eiffel se transforman en deslumbrantes lugares de fantas\u00eda, por lo que es un momento perfecto para un viaje rom\u00e1ntico o una aventura en familia.<\/p>\n\n<div style=\"height:47px\" aria-hidden=\"true\" class=\"wp-block-spacer\"><\/div>\n\n<h2 class=\"wp-block-heading\">\u00bfCu\u00e1les son los meses m\u00e1s asequibles para visitar Par\u00eds?<\/h2>\n\n<p>Si quiere ahorrar un poco y darse m\u00e1s caprichos <a href=\"https:\/\/haussmann.galerieslafayette.com\/es\/nuestros-restaurantes\/\"><strong>en restaurantes <\/strong><\/a>y yendo de compras en Par\u00eds, la mejor \u00e9poca para visitar la ciudad es el per\u00edodo entre la temporada alta y la baja (abril-mayo y septiembre-noviembre). Hay menos turistas y algunas cafeter\u00edas y restaurantes rebajan sus precios.<\/p>\n\n<div style=\"height:33px\" aria-hidden=\"true\" class=\"wp-block-spacer\"><\/div>\n\n<div class=\"wp-block-columns is-not-stacked-on-mobile has-background is-layout-flex wp-container-core-columns-is-layout-28f84493 wp-block-columns-is-layout-flex\" style=\"background-color:#ebebeb\">\n<div class=\"wp-block-column has-white-background-color has-background is-layout-flow wp-block-column-is-layout-flow\" style=\"flex-basis:100%\">\n<div class=\"wp-block-columns is-not-stacked-on-mobile is-layout-flex wp-container-core-columns-is-layout-28f84493 wp-block-columns-is-layout-flex\">\n<div class=\"wp-block-column is-layout-flow wp-block-column-is-layout-flow\" style=\"flex-basis:3%\"><\/div>\n\n\n\n<div class=\"wp-block-column is-layout-flow wp-block-column-is-layout-flow\" style=\"flex-basis:94%\">\n<div style=\"height:29px\" aria-hidden=\"true\" class=\"wp-block-spacer\"><\/div>\n\n\n\n<h4 class=\"wp-block-heading has-text-align-center has-medium-font-size\">Consejos pr\u00e1cticos \u00a0\ud83d\udcdd<\/h4>\n\n\n\n<p>Los hoteles y dem\u00e1s alojamientos pueden ser m\u00e1s asequibles durante este per\u00edodo, lo cual es ideal si se est\u00e1 preguntando \u00ab\u00bfcu\u00e1ntos d\u00edas hacen falta para ver Par\u00eds?\u00bb. Todo depende de lo que quiera ver o hacer, pero le har\u00e1n falta al menos 5 d\u00edas para apreciar por completo las maravillas de la ciudad. Si <a href=\"https:\/\/haussmann.galerieslafayette.com\/es\/preparar-mi-visita\/\">est\u00e1 planeando visitar<\/a> Par\u00eds en enero, puede aprovechar las rebajas posvacacionales, conocidas como \u00abLes Soldes\u00bb, donde podr\u00e1 encontrar incre\u00edbles oportunidades en las secciones de moda. Es su oportunidad para descubrir las colecciones de invierno en Galeries Lafayette y descubrir las tendencias de la pr\u00f3xima primavera.<\/p>\n<\/div>\n\n\n\n<div class=\"wp-block-column is-layout-flow wp-block-column-is-layout-flow\" style=\"flex-basis:3%\"><\/div>\n<\/div>\n<\/div>\n<\/div>\n\n<div style=\"height:49px\" aria-hidden=\"true\" class=\"wp-block-spacer\"><\/div>\n\n<h2 class=\"wp-block-heading\">\u00bfCu\u00e1l es la mejor temporada del a\u00f1o para visitar Par\u00eds?<\/h2>\n\n<p>Visitar Par\u00eds es una elecci\u00f3n personal dependiendo de si prefiere un clima c\u00e1lido, si no le importa el fr\u00edo o si no le asustan las multitudes. La mejor \u00e9poca del a\u00f1o para visitar Par\u00eds:<\/p>\n\n<ul class=\"wp-block-list\">\n<li>La <strong>primavera <\/strong>es una de las mejores estaciones para visitar Par\u00eds. El clima es c\u00e1lido y la ciudad est\u00e1 en plena floraci\u00f3n con sus espectaculares jardines en pleno auge. Las agradables temperaturas permiten realizar actividades al aire libre y recorridos tur\u00edsticos. <\/li>\n\n\n\n<li><strong>Junio <\/strong>es una \u00e9poca perfecta para visitar la ciudad, porque hace buen tiempo pero no mucho calor. Los d\u00edas crecen y le permiten explorar los atractivos y la vida cultural exterior de la ciudad durante la tarde.<\/li>\n\n\n\n<li>El <strong>oto\u00f1o <\/strong>ofrece un clima agradable con temperaturas c\u00e1lidas y poca gente, en comparaci\u00f3n con los meses de verano. El cambio de color de las avenidas arboladas aportar\u00e1n una experiencia inolvidable a su viaje a Par\u00eds.<\/li>\n\n\n\n<li><strong>Noviembre <\/strong>puede ser uno de los mejores meses para visitar Par\u00eds si quiere evitar a los turistas. La temporada vacacional de Par\u00eds empieza a finales de noviembre y podr\u00e1 disfrutar de una atm\u00f3sfera festiva sin las intensas aglomeraciones de gente de diciembre.<\/li>\n<\/ul>\n\n<div style=\"height:34px\" aria-hidden=\"true\" class=\"wp-block-spacer\"><\/div>\n\n<h4 class=\"wp-block-heading\">\u00bfCu\u00e1l es el mejor mes para visitar Par\u00eds durante las vacaciones y fiestas\ud83c\udf85\ud83c\udffd?<\/h4>\n\n<ul class=\"wp-block-list\">\n<li><strong>El pleno verano (julio y agosto)<\/strong>, con tiempo caluroso y soleado, es la temporada alta del turismo parisino. Prep\u00e1rese para grandes multitudes en los lugares m\u00e1s populares y a unos precios m\u00e1s elevados en los alojamientos y los vuelos.<\/li>\n\n\n\n<li><strong>El final del invierno (febrero)<\/strong> puede ser un poco fr\u00edo y gris. Puede que no disfrute tanto de los atractivos exteriores y que el tiempo no sea ideal para pasear por la ciudad.<\/li>\n\n\n\n<li><strong>Diciembre <\/strong>&#8211; Aunque Par\u00eds tiene un encanto incre\u00edble durante las vacaciones navide\u00f1as con sus mercadillos de Navidad y decoraciones, puede que haya mucha gente, especialmente entre Navidad y Fin de A\u00f1o. Los precios del alojamiento pueden elevarse considerablemente.<\/li>\n<\/ul>\n\n<div style=\"height:40px\" aria-hidden=\"true\" class=\"wp-block-spacer\"><\/div>\n\n<div class=\"wp-block-columns are-vertically-aligned-center is-not-stacked-on-mobile has-background is-layout-flex wp-container-core-columns-is-layout-28f84493 wp-block-columns-is-layout-flex\" style=\"background-color:#ebebeb\">\n<div class=\"wp-block-column is-vertically-aligned-center has-white-background-color has-background is-layout-flow wp-block-column-is-layout-flow\" style=\"flex-basis:100%\">\n<div class=\"wp-block-columns are-vertically-aligned-center is-not-stacked-on-mobile is-layout-flex wp-container-core-columns-is-layout-28f84493 wp-block-columns-is-layout-flex\">\n<div class=\"wp-block-column is-vertically-aligned-center is-layout-flow wp-block-column-is-layout-flow\" style=\"flex-basis:3%\"><\/div>\n\n\n\n<div class=\"wp-block-column is-vertically-aligned-center is-layout-flow wp-block-column-is-layout-flow\" style=\"flex-basis:94%\">\n<div style=\"height:29px\" aria-hidden=\"true\" class=\"wp-block-spacer\"><\/div>\n\n\n\n<h4 class=\"wp-block-heading has-text-align-center has-medium-font-size\">Consejos pr\u00e1cticos \u00a0\ud83d\udcdd<\/h4>\n\n\n\n<p>Preste atenci\u00f3n a los d\u00edas festivos de Francia (conocidos como \u00abjours f\u00e9ri\u00e9s\u00bb), puesto que muchas tiendas, restaurantes y puntos tur\u00edsticos pueden estar cerrados durante estos d\u00edas. No obstante, la parte positiva es que estas vacaciones pueden ofrecer una visi\u00f3n \u00fanica de la cultura francesa, con desfiles y fiestas al aire libre.<\/p>\n\n\n\n<p>Independientemente de la \u00e9poca que elija para visitar Par\u00eds, la ciudad siempre tiene algo especial que ofrecerle,<br\/>desde sus lugares emblem\u00e1ticos hasta su rica cultura y gastronom\u00eda.<\/p>\n<\/div>\n\n\n\n<div class=\"wp-block-column is-vertically-aligned-center is-layout-flow wp-block-column-is-layout-flow\" style=\"flex-basis:3%\"><\/div>\n<\/div>\n<\/div>\n<\/div>\n\n<div style=\"height:33px\" aria-hidden=\"true\" class=\"wp-block-spacer\"><\/div>\n\n<h2 class=\"wp-block-heading\">Por qu\u00e9 visitar Galeries Lafayette en su viaje a Par\u00eds<\/h2>\n\n<p>Visitar Galaries Layfayette no solo consiste en hacer shopping \u2013 es una experiencia cultural <strong><a href=\"https:\/\/haussmann.galerieslafayette.com\/es\/type_experience\/nuestras-experiencias\/\"><\/a><\/strong>. All\u00ed encontrar\u00e1 todas las secciones de unas grandes tiendas, y mucho m\u00e1s:<\/p>\n\n<ul class=\"wp-block-list\">\n<li><a href=\"https:\/\/haussmann.galerieslafayette.com\/es\/la-tienda-homme-se-puso-bella\/\"><strong>Moda masculina <\/strong><\/a>y <a href=\"https:\/\/haussmann.galerieslafayette.com\/es\/category\/universos\/mujer\/\"><strong>femenina<\/strong><\/a> \u2013 una amplia selecci\u00f3n de marcas de dise\u00f1adores <a href=\"https:\/\/haussmann.galerieslafayette.com\/es\/marcas-2\/\"><strong>franceses<\/strong><\/a><\/li>\n\n\n\n<li><a href=\"https:\/\/haussmann.galerieslafayette.com\/es\/espacio-ninos-y-juguetes\/\"><strong>Juguetes y ropa para ni\u00f1os<\/strong><\/a> \u2013 los ni\u00f1os adoran el espacio de juegos gigante de nuestras grandes tiendas<\/li>\n\n\n\n<li><a href=\"https:\/\/haussmann.galerieslafayette.com\/es\/la-tienda-homme-se-puso-bella\/\"><strong>Art\u00edculos para el hogar<\/strong><\/a> \u2013 desde comedor y dormitorio, pasando por smartphones e iluminaci\u00f3n<\/li>\n\n\n\n<li><strong><a href=\"https:\/\/haussmann.galerieslafayette.com\/es\/las-marcas-de-cosmetica\/\">Belleza<\/a><\/strong>\u2013 deliciosos <a href=\"https:\/\/haussmann.galerieslafayette.com\/en\/guerlain-dior-chanel-hermes-discover-the-best-perfume-brands-to-buy-in-paris\/\"><strong>perfumes<\/strong><\/a>, cuidados para la piel de lujo y una gran variedad de maquillajes de alta calidad para el cuidado de su piel<\/li>\n\n\n\n<li><strong><a href=\"https:\/\/haussmann.galerieslafayette.com\/es\/category\/universos\/gourmet\/\">Comida <\/a><\/strong>\u2013 una gran selecci\u00f3n de restaurantes <a href=\"https:\/\/haussmann.galerieslafayette.com\/en\/category\/restaurants-en\/\"><strong>gourmet <\/strong><\/a> y cafeter\u00edas con productos de todo el mundo<\/li>\n\n\n\n<li><strong><a href=\"https:\/\/haussmann.galerieslafayette.com\/es\/el-nuevo-espacio-wellness-galerie\/\">Bienestar <\/a><\/strong>\u2013 conc\u00e9dase un capricho con un masaje o un tratamiento de belleza para paliar el<a href=\"https:\/\/haussmann.galerieslafayette.com\/es\/jet-lag\/\"> <strong>jet lag<\/strong><\/a><\/li>\n<\/ul>\n\n<div style=\"height:35px\" aria-hidden=\"true\" class=\"wp-block-spacer\"><\/div>\n\n<p>Aparte del shopping, la magn\u00edfica arquitectura de Galeries Lafayette ofrece un espect\u00e1culo sin igual. La imponente  <strong><a href=\"https:\/\/haussmann.galerieslafayette.com\/es\/la-coupole-de-galeries-lafayette\/\">c\u00fapula de cristal<\/a><\/strong> y du dise\u00f1o Art Nouveau convierten a estas grandes tiendas en un punto de referencia cultural y arquitect\u00f3nico que no se puede perder. Incluso puede realizar una<a href=\"https:\/\/haussmann.galerieslafayette.com\/es\/events\/visitas-al-patrimonio\/\"> <\/a><strong><a href=\"https:\/\/haussmann.galerieslafayette.com\/es\/events\/visitas-al-patrimonio\/\">visita guiada<\/a><\/strong> para descubrir m\u00e1s cosas sobre este lugar emblem\u00e1tico situado en el centro de Par\u00eds.<\/p>\n\n<div class=\"wp-block-columns has-background is-layout-flex wp-container-core-columns-is-layout-28f84493 wp-block-columns-is-layout-flex\" style=\"background-color:#ebebeb\">\n<div class=\"wp-block-column is-vertically-aligned-top has-white-background-color has-background is-layout-flow wp-block-column-is-layout-flow\" style=\"flex-basis:100%\">\n<div class=\"wp-block-columns is-not-stacked-on-mobile is-layout-flex wp-container-core-columns-is-layout-28f84493 wp-block-columns-is-layout-flex\">\n<div class=\"wp-block-column is-vertically-aligned-center is-layout-flow wp-block-column-is-layout-flow\" style=\"flex-basis:3%\"><\/div>\n\n\n\n<div class=\"wp-block-column is-vertically-aligned-center is-layout-flow wp-block-column-is-layout-flow\" style=\"flex-basis:94%\">\n<div style=\"height:29px\" aria-hidden=\"true\" class=\"wp-block-spacer\"><\/div>\n\n\n\n<h4 class=\"wp-block-heading has-text-align-center has-medium-font-size\">Conclusi\u00f3n \ud83d\udeeb<\/h4>\n\n\n\n<p>La mejor \u00e9poca para visitar Par\u00eds depende de sus preferencias e intereses. Par\u00eds en marzo y abril ofrece espacios verdes, flores y un clima c\u00e1lido, el verano proporciona largos d\u00edas  estivales y festejos. Octubre le regala follajes dorados y menos turistas y el invierno es una manifestaci\u00f3n del m\u00e1gico esp\u00edritu  vacacional de la ciudad. Cada estaci\u00f3n cuenta con su encanto \u00fanico.<\/p>\n\n\n\n<p>Para una aut\u00e9ntica <strong><a href=\"https:\/\/haussmann.galerieslafayette.com\/es\/events\/una-experiencia-de-shopping-parisino\/\"><span style=\"text-decoration: underline;\">experiencia de shopping parisina<\/span><\/a><\/strong> no pierda la oportunidad que le ofrecen la Galeries Lafayette. Sea cual sea la \u00e9poca en la que visite Par\u00eds, puede estar seguro de que la ciudad le acoger\u00e1 con su elegancia y cultura intemporales, proporcion\u00e1ndole una estancia inolvidable. \ud83e\udd70<\/p>\n<\/div>\n\n\n\n<div class=\"wp-block-column is-vertically-aligned-center is-layout-flow wp-block-column-is-layout-flow\" style=\"flex-basis:3%\"><\/div>\n<\/div>\n<\/div>\n<\/div>\n","protected":false},"excerpt":{"rendered":"<p>Descubra la \u00e9poca ideal para visitar Par\u00eds y explorar la rom\u00e1ntica Ciudad de la Luz. Planifique una escapada de ensue\u00f1o, ya sea en la calidez de un Par\u00eds primaveral o navide\u00f1o.<\/p>\n","protected":false},"author":1,"featured_media":1230808,"comment_status":"closed","ping_status":"closed","sticky":false,"template":"","format":"standard","meta":{"_acf_changed":false,"footnotes":""},"categories":[1407,1408],"tags":[],"class_list":{"1":"post","5":"has-post-thumbnail"},"acf":[],"yoast_head":"<!-- This site is optimized with the Yoast SEO plugin v26.4 - https:\/\/yoast.com\/wordpress\/plugins\/seo\/ -->\n<title>La temporada ideal para visitar Par\u00eds: una escapada de lujo durante todo el a\u00f1o - Galeries Lafayette Paris Haussmann<\/title>\n<meta name=\"description\" content=\"Descubra la \u00e9poca ideal para visitar Par\u00eds y explorar la rom\u00e1ntica Ciudad de la Luz. Planifique una escapada de ensue\u00f1o, ya sea en la calidez de un Par\u00eds primaveral o navide\u00f1o.\" \/>\n<meta name=\"robots\" content=\"index, follow, max-snippet:-1, max-image-preview:large, max-video-preview:-1\" \/>\n<link rel=\"canonical\" href=\"https:\/\/haussmann.galerieslafayette.com\/es\/la-temporada-ideal-para-visitar-paris-una-escapada-de-lujo-durante-todo-el-ano\/\" \/>\n<meta property=\"og:locale\" content=\"es_ES\" \/>\n<meta property=\"og:type\" content=\"article\" \/>\n<meta property=\"og:title\" content=\"La temporada ideal para visitar Par\u00eds: una escapada de lujo durante todo el a\u00f1o - Galeries Lafayette Paris Haussmann\" \/>\n<meta property=\"og:description\" content=\"Descubra la \u00e9poca ideal para visitar Par\u00eds y explorar la rom\u00e1ntica Ciudad de la Luz. Planifique una escapada de ensue\u00f1o, ya sea en la calidez de un Par\u00eds primaveral o navide\u00f1o.\" \/>\n<meta property=\"og:url\" content=\"https:\/\/haussmann.galerieslafayette.com\/es\/la-temporada-ideal-para-visitar-paris-una-escapada-de-lujo-durante-todo-el-ano\/\" \/>\n<meta property=\"og:site_name\" content=\"Galeries Lafayette Paris Haussmann\" \/>\n<meta property=\"article:publisher\" content=\"https:\/\/www.facebook.com\/galerieslafayette\/\" \/>\n<meta property=\"article:published_time\" content=\"2023-11-13T16:58:45+00:00\" \/>\n<meta property=\"article:modified_time\" content=\"2023-11-13T17:28:15+00:00\" \/>\n<meta property=\"og:image\" content=\"https:\/\/haussmann.galerieslafayette.com\/wp-content\/uploads\/2021\/01\/Terrasse-1536x570-1.jpg\" \/>\n\t<meta property=\"og:image:width\" content=\"1536\" \/>\n\t<meta property=\"og:image:height\" content=\"570\" \/>\n\t<meta property=\"og:image:type\" content=\"image\/jpeg\" \/>\n<meta name=\"author\" content=\"Axome\" \/>\n<meta name=\"twitter:card\" content=\"summary_large_image\" \/>\n<meta name=\"twitter:creator\" content=\"@Galeries_Laf\" \/>\n<meta name=\"twitter:site\" content=\"@Galeries_Laf\" \/>\n<script type=\"application\/ld+json\" class=\"yoast-schema-graph\">{\"@context\":\"https:\/\/schema.org\",\"@graph\":[{\"@type\":\"Article\",\"@id\":\"https:\/\/haussmann.galerieslafayette.com\/es\/la-temporada-ideal-para-visitar-paris-una-escapada-de-lujo-durante-todo-el-ano\/#article\",\"isPartOf\":{\"@id\":\"https:\/\/haussmann.galerieslafayette.com\/es\/la-temporada-ideal-para-visitar-paris-una-escapada-de-lujo-durante-todo-el-ano\/\"},\"author\":{\"name\":\"Axome\",\"@id\":\"https:\/\/haussmann.galerieslafayette.com\/es\/#\/schema\/person\/f959b188e62132997e7bf05b7825cd81\"},\"headline\":\"La temporada ideal para visitar Par\u00eds: una escapada de lujo durante todo el a\u00f1o\",\"datePublished\":\"2023-11-13T16:58:45+00:00\",\"dateModified\":\"2023-11-13T17:28:15+00:00\",\"mainEntityOfPage\":{\"@id\":\"https:\/\/haussmann.galerieslafayette.com\/es\/la-temporada-ideal-para-visitar-paris-una-escapada-de-lujo-durante-todo-el-ano\/\"},\"wordCount\":1678,\"publisher\":{\"@id\":\"https:\/\/haussmann.galerieslafayette.com\/es\/#organization\"},\"image\":{\"@id\":\"https:\/\/haussmann.galerieslafayette.com\/es\/la-temporada-ideal-para-visitar-paris-una-escapada-de-lujo-durante-todo-el-ano\/#primaryimage\"},\"thumbnailUrl\":\"https:\/\/haussmann.galerieslafayette.com\/wp-content\/uploads\/2021\/01\/Terrasse-1536x570-1.jpg\",\"articleSection\":[\"Viajes\",\"Consejos para viajar a Par\u00eds\"],\"inLanguage\":\"es\"},{\"@type\":\"WebPage\",\"@id\":\"https:\/\/haussmann.galerieslafayette.com\/es\/la-temporada-ideal-para-visitar-paris-una-escapada-de-lujo-durante-todo-el-ano\/\",\"url\":\"https:\/\/haussmann.galerieslafayette.com\/es\/la-temporada-ideal-para-visitar-paris-una-escapada-de-lujo-durante-todo-el-ano\/\",\"name\":\"La temporada ideal para visitar Par\u00eds: una escapada de lujo durante todo el a\u00f1o - Galeries Lafayette Paris Haussmann\",\"isPartOf\":{\"@id\":\"https:\/\/haussmann.galerieslafayette.com\/es\/#website\"},\"primaryImageOfPage\":{\"@id\":\"https:\/\/haussmann.galerieslafayette.com\/es\/la-temporada-ideal-para-visitar-paris-una-escapada-de-lujo-durante-todo-el-ano\/#primaryimage\"},\"image\":{\"@id\":\"https:\/\/haussmann.galerieslafayette.com\/es\/la-temporada-ideal-para-visitar-paris-una-escapada-de-lujo-durante-todo-el-ano\/#primaryimage\"},\"thumbnailUrl\":\"https:\/\/haussmann.galerieslafayette.com\/wp-content\/uploads\/2021\/01\/Terrasse-1536x570-1.jpg\",\"datePublished\":\"2023-11-13T16:58:45+00:00\",\"dateModified\":\"2023-11-13T17:28:15+00:00\",\"description\":\"Descubra la \u00e9poca ideal para visitar Par\u00eds y explorar la rom\u00e1ntica Ciudad de la Luz. Planifique una escapada de ensue\u00f1o, ya sea en la calidez de un Par\u00eds primaveral o navide\u00f1o.\",\"breadcrumb\":{\"@id\":\"https:\/\/haussmann.galerieslafayette.com\/es\/la-temporada-ideal-para-visitar-paris-una-escapada-de-lujo-durante-todo-el-ano\/#breadcrumb\"},\"inLanguage\":\"es\",\"potentialAction\":[{\"@type\":\"ReadAction\",\"target\":[\"https:\/\/haussmann.galerieslafayette.com\/es\/la-temporada-ideal-para-visitar-paris-una-escapada-de-lujo-durante-todo-el-ano\/\"]}]},{\"@type\":\"ImageObject\",\"inLanguage\":\"es\",\"@id\":\"https:\/\/haussmann.galerieslafayette.com\/es\/la-temporada-ideal-para-visitar-paris-una-escapada-de-lujo-durante-todo-el-ano\/#primaryimage\",\"url\":\"https:\/\/haussmann.galerieslafayette.com\/wp-content\/uploads\/2021\/01\/Terrasse-1536x570-1.jpg\",\"contentUrl\":\"https:\/\/haussmann.galerieslafayette.com\/wp-content\/uploads\/2021\/01\/Terrasse-1536x570-1.jpg\",\"width\":1536,\"height\":570},{\"@type\":\"BreadcrumbList\",\"@id\":\"https:\/\/haussmann.galerieslafayette.com\/es\/la-temporada-ideal-para-visitar-paris-una-escapada-de-lujo-durante-todo-el-ano\/#breadcrumb\",\"itemListElement\":[{\"@type\":\"ListItem\",\"position\":1,\"name\":\"Inicio\",\"item\":\"https:\/\/haussmann.galerieslafayette.com\/es\/home-2\/\"},{\"@type\":\"ListItem\",\"position\":2,\"name\":\"La temporada ideal para visitar Par\u00eds: una escapada de lujo durante todo el a\u00f1o\"}]},{\"@type\":\"WebSite\",\"@id\":\"https:\/\/haussmann.galerieslafayette.com\/es\/#website\",\"url\":\"https:\/\/haussmann.galerieslafayette.com\/es\/\",\"name\":\"Galeries Lafayette Paris Haussmann\",\"description\":\"La destination mode du shopping parisien\",\"publisher\":{\"@id\":\"https:\/\/haussmann.galerieslafayette.com\/es\/#organization\"},\"potentialAction\":[{\"@type\":\"SearchAction\",\"target\":{\"@type\":\"EntryPoint\",\"urlTemplate\":\"https:\/\/haussmann.galerieslafayette.com\/es\/?s={search_term_string}\"},\"query-input\":{\"@type\":\"PropertyValueSpecification\",\"valueRequired\":true,\"valueName\":\"search_term_string\"}}],\"inLanguage\":\"es\"},{\"@type\":\"Organization\",\"@id\":\"https:\/\/haussmann.galerieslafayette.com\/es\/#organization\",\"name\":\"Galeries Lafayette\",\"url\":\"https:\/\/haussmann.galerieslafayette.com\/es\/\",\"logo\":{\"@type\":\"ImageObject\",\"inLanguage\":\"es\",\"@id\":\"https:\/\/haussmann.galerieslafayette.com\/es\/#\/schema\/logo\/image\/\",\"url\":\"https:\/\/haussmann.galerieslafayette.com\/wp-content\/uploads\/2021\/03\/GL_LOGO2L_N.jpg\",\"contentUrl\":\"https:\/\/haussmann.galerieslafayette.com\/wp-content\/uploads\/2021\/03\/GL_LOGO2L_N.jpg\",\"width\":1535,\"height\":827,\"caption\":\"Galeries Lafayette\"},\"image\":{\"@id\":\"https:\/\/haussmann.galerieslafayette.com\/es\/#\/schema\/logo\/image\/\"},\"sameAs\":[\"https:\/\/www.facebook.com\/galerieslafayette\/\",\"https:\/\/x.com\/Galeries_Laf\",\"https:\/\/www.instagram.com\/galerieslafayette\/\",\"http:\/\/www.youtube.com\/user\/GaleriesLafayette1\"]},{\"@type\":\"Person\",\"@id\":\"https:\/\/haussmann.galerieslafayette.com\/es\/#\/schema\/person\/f959b188e62132997e7bf05b7825cd81\",\"name\":\"Axome\",\"image\":{\"@type\":\"ImageObject\",\"inLanguage\":\"es\",\"@id\":\"https:\/\/haussmann.galerieslafayette.com\/es\/#\/schema\/person\/image\/\",\"url\":\"https:\/\/secure.gravatar.com\/avatar\/bb01757b2a98d512b25f67deccfc979a9cb39fde0b462f27862825e60fd84f26?s=96&d=mm&r=g\",\"contentUrl\":\"https:\/\/secure.gravatar.com\/avatar\/bb01757b2a98d512b25f67deccfc979a9cb39fde0b462f27862825e60fd84f26?s=96&d=mm&r=g\",\"caption\":\"Axome\"},\"sameAs\":[\"https:\/\/haussmann.galerieslafayette.com\"]}]}<\/script>\n<!-- \/ Yoast SEO plugin. -->","yoast_head_json":{"title":"La temporada ideal para visitar Par\u00eds: una escapada de lujo durante todo el a\u00f1o - Galeries Lafayette Paris Haussmann","description":"Descubra la \u00e9poca ideal para visitar Par\u00eds y explorar la rom\u00e1ntica Ciudad de la Luz. Planifique una escapada de ensue\u00f1o, ya sea en la calidez de un Par\u00eds primaveral o navide\u00f1o.","robots":{"index":"index","follow":"follow","max-snippet":"max-snippet:-1","max-image-preview":"max-image-preview:large","max-video-preview":"max-video-preview:-1"},"canonical":"https:\/\/haussmann.galerieslafayette.com\/es\/la-temporada-ideal-para-visitar-paris-una-escapada-de-lujo-durante-todo-el-ano\/","og_locale":"es_ES","og_type":"article","og_title":"La temporada ideal para visitar Par\u00eds: una escapada de lujo durante todo el a\u00f1o - Galeries Lafayette Paris Haussmann","og_description":"Descubra la \u00e9poca ideal para visitar Par\u00eds y explorar la rom\u00e1ntica Ciudad de la Luz. Planifique una escapada de ensue\u00f1o, ya sea en la calidez de un Par\u00eds primaveral o navide\u00f1o.","og_url":"https:\/\/haussmann.galerieslafayette.com\/es\/la-temporada-ideal-para-visitar-paris-una-escapada-de-lujo-durante-todo-el-ano\/","og_site_name":"Galeries Lafayette Paris Haussmann","article_publisher":"https:\/\/www.facebook.com\/galerieslafayette\/","article_published_time":"2023-11-13T16:58:45+00:00","article_modified_time":"2023-11-13T17:28:15+00:00","og_image":[{"width":1536,"height":570,"url":"https:\/\/haussmann.galerieslafayette.com\/wp-content\/uploads\/2021\/01\/Terrasse-1536x570-1.jpg","type":"image\/jpeg"}],"author":"Axome","twitter_card":"summary_large_image","twitter_creator":"@Galeries_Laf","twitter_site":"@Galeries_Laf","schema":{"@context":"https:\/\/schema.org","@graph":[{"@type":"Article","@id":"https:\/\/haussmann.galerieslafayette.com\/es\/la-temporada-ideal-para-visitar-paris-una-escapada-de-lujo-durante-todo-el-ano\/#article","isPartOf":{"@id":"https:\/\/haussmann.galerieslafayette.com\/es\/la-temporada-ideal-para-visitar-paris-una-escapada-de-lujo-durante-todo-el-ano\/"},"author":{"name":"Axome","@id":"https:\/\/haussmann.galerieslafayette.com\/es\/#\/schema\/person\/f959b188e62132997e7bf05b7825cd81"},"headline":"La temporada ideal para visitar Par\u00eds: una escapada de lujo durante todo el a\u00f1o","datePublished":"2023-11-13T16:58:45+00:00","dateModified":"2023-11-13T17:28:15+00:00","mainEntityOfPage":{"@id":"https:\/\/haussmann.galerieslafayette.com\/es\/la-temporada-ideal-para-visitar-paris-una-escapada-de-lujo-durante-todo-el-ano\/"},"wordCount":1678,"publisher":{"@id":"https:\/\/haussmann.galerieslafayette.com\/es\/#organization"},"image":{"@id":"https:\/\/haussmann.galerieslafayette.com\/es\/la-temporada-ideal-para-visitar-paris-una-escapada-de-lujo-durante-todo-el-ano\/#primaryimage"},"thumbnailUrl":"https:\/\/haussmann.galerieslafayette.com\/wp-content\/uploads\/2021\/01\/Terrasse-1536x570-1.jpg","articleSection":["Viajes","Consejos para viajar a Par\u00eds"],"inLanguage":"es"},{"@type":"WebPage","@id":"https:\/\/haussmann.galerieslafayette.com\/es\/la-temporada-ideal-para-visitar-paris-una-escapada-de-lujo-durante-todo-el-ano\/","url":"https:\/\/haussmann.galerieslafayette.com\/es\/la-temporada-ideal-para-visitar-paris-una-escapada-de-lujo-durante-todo-el-ano\/","name":"La temporada ideal para visitar Par\u00eds: una escapada de lujo durante todo el a\u00f1o - Galeries Lafayette Paris Haussmann","isPartOf":{"@id":"https:\/\/haussmann.galerieslafayette.com\/es\/#website"},"primaryImageOfPage":{"@id":"https:\/\/haussmann.galerieslafayette.com\/es\/la-temporada-ideal-para-visitar-paris-una-escapada-de-lujo-durante-todo-el-ano\/#primaryimage"},"image":{"@id":"https:\/\/haussmann.galerieslafayette.com\/es\/la-temporada-ideal-para-visitar-paris-una-escapada-de-lujo-durante-todo-el-ano\/#primaryimage"},"thumbnailUrl":"https:\/\/haussmann.galerieslafayette.com\/wp-content\/uploads\/2021\/01\/Terrasse-1536x570-1.jpg","datePublished":"2023-11-13T16:58:45+00:00","dateModified":"2023-11-13T17:28:15+00:00","description":"Descubra la \u00e9poca ideal para visitar Par\u00eds y explorar la rom\u00e1ntica Ciudad de la Luz. Planifique una escapada de ensue\u00f1o, ya sea en la calidez de un Par\u00eds primaveral o navide\u00f1o.","breadcrumb":{"@id":"https:\/\/haussmann.galerieslafayette.com\/es\/la-temporada-ideal-para-visitar-paris-una-escapada-de-lujo-durante-todo-el-ano\/#breadcrumb"},"inLanguage":"es","potentialAction":[{"@type":"ReadAction","target":["https:\/\/haussmann.galerieslafayette.com\/es\/la-temporada-ideal-para-visitar-paris-una-escapada-de-lujo-durante-todo-el-ano\/"]}]},{"@type":"ImageObject","inLanguage":"es","@id":"https:\/\/haussmann.galerieslafayette.com\/es\/la-temporada-ideal-para-visitar-paris-una-escapada-de-lujo-durante-todo-el-ano\/#primaryimage","url":"https:\/\/haussmann.galerieslafayette.com\/wp-content\/uploads\/2021\/01\/Terrasse-1536x570-1.jpg","contentUrl":"https:\/\/haussmann.galerieslafayette.com\/wp-content\/uploads\/2021\/01\/Terrasse-1536x570-1.jpg","width":1536,"height":570},{"@type":"BreadcrumbList","@id":"https:\/\/haussmann.galerieslafayette.com\/es\/la-temporada-ideal-para-visitar-paris-una-escapada-de-lujo-durante-todo-el-ano\/#breadcrumb","itemListElement":[{"@type":"ListItem","position":1,"name":"Inicio","item":"https:\/\/haussmann.galerieslafayette.com\/es\/home-2\/"},{"@type":"ListItem","position":2,"name":"La temporada ideal para visitar Par\u00eds: una escapada de lujo durante todo el a\u00f1o"}]},{"@type":"WebSite","@id":"https:\/\/haussmann.galerieslafayette.com\/es\/#website","url":"https:\/\/haussmann.galerieslafayette.com\/es\/","name":"Galeries Lafayette Paris Haussmann","description":"La destination mode du shopping parisien","publisher":{"@id":"https:\/\/haussmann.galerieslafayette.com\/es\/#organization"},"potentialAction":[{"@type":"SearchAction","target":{"@type":"EntryPoint","urlTemplate":"https:\/\/haussmann.galerieslafayette.com\/es\/?s={search_term_string}"},"query-input":{"@type":"PropertyValueSpecification","valueRequired":true,"valueName":"search_term_string"}}],"inLanguage":"es"},{"@type":"Organization","@id":"https:\/\/haussmann.galerieslafayette.com\/es\/#organization","name":"Galeries Lafayette","url":"https:\/\/haussmann.galerieslafayette.com\/es\/","logo":{"@type":"ImageObject","inLanguage":"es","@id":"https:\/\/haussmann.galerieslafayette.com\/es\/#\/schema\/logo\/image\/","url":"https:\/\/haussmann.galerieslafayette.com\/wp-content\/uploads\/2021\/03\/GL_LOGO2L_N.jpg","contentUrl":"https:\/\/haussmann.galerieslafayette.com\/wp-content\/uploads\/2021\/03\/GL_LOGO2L_N.jpg","width":1535,"height":827,"caption":"Galeries Lafayette"},"image":{"@id":"https:\/\/haussmann.galerieslafayette.com\/es\/#\/schema\/logo\/image\/"},"sameAs":["https:\/\/www.facebook.com\/galerieslafayette\/","https:\/\/x.com\/Galeries_Laf","https:\/\/www.instagram.com\/galerieslafayette\/","http:\/\/www.youtube.com\/user\/GaleriesLafayette1"]},{"@type":"Person","@id":"https:\/\/haussmann.galerieslafayette.com\/es\/#\/schema\/person\/f959b188e62132997e7bf05b7825cd81","name":"Axome","image":{"@type":"ImageObject","inLanguage":"es","@id":"https:\/\/haussmann.galerieslafayette.com\/es\/#\/schema\/person\/image\/","url":"https:\/\/secure.gravatar.com\/avatar\/bb01757b2a98d512b25f67deccfc979a9cb39fde0b462f27862825e60fd84f26?s=96&d=mm&r=g","contentUrl":"https:\/\/secure.gravatar.com\/avatar\/bb01757b2a98d512b25f67deccfc979a9cb39fde0b462f27862825e60fd84f26?s=96&d=mm&r=g","caption":"Axome"},"sameAs":["https:\/\/haussmann.galerieslafayette.com"]}]}},"_links":{"self":[{"href":"https:\/\/haussmann.galerieslafayette.com\/es\/wp-json\/wp\/v2\/posts\/1302346","targetHints":{"allow":["GET"]}}],"collection":[{"href":"https:\/\/haussmann.galerieslafayette.com\/es\/wp-json\/wp\/v2\/posts"}],"about":[{"href":"https:\/\/haussmann.galerieslafayette.com\/es\/wp-json\/wp\/v2\/types\/post"}],"author":[{"embeddable":true,"href":"https:\/\/haussmann.galerieslafayette.com\/es\/wp-json\/wp\/v2\/users\/1"}],"replies":[{"embeddable":true,"href":"https:\/\/haussmann.galerieslafayette.com\/es\/wp-json\/wp\/v2\/comments?post=1302346"}],"version-history":[{"count":10,"href":"https:\/\/haussmann.galerieslafayette.com\/es\/wp-json\/wp\/v2\/posts\/1302346\/revisions"}],"predecessor-version":[{"id":1302381,"href":"https:\/\/haussmann.galerieslafayette.com\/es\/wp-json\/wp\/v2\/posts\/1302346\/revisions\/1302381"}],"wp:featuredmedia":[{"embeddable":true,"href":"https:\/\/haussmann.galerieslafayette.com\/es\/wp-json\/wp\/v2\/media\/1230808"}],"wp:attachment":[{"href":"https:\/\/haussmann.galerieslafayette.com\/es\/wp-json\/wp\/v2\/media?parent=1302346"}],"wp:term":[{"taxonomy":"category","embeddable":true,"href":"https:\/\/haussmann.galerieslafayette.com\/es\/wp-json\/wp\/v2\/categories?post=1302346"},{"taxonomy":"post_tag","embeddable":true,"href":"https:\/\/haussmann.galerieslafayette.com\/es\/wp-json\/wp\/v2\/tags?post=1302346"}],"curies":[{"name":"wp","href":"https:\/\/api.w.org\/{rel}","templated":true}]}}