{"id":1303505,"date":"2025-11-07T11:21:12","date_gmt":"2025-11-07T10:21:12","guid":{"rendered":"https:\/\/haussmann.galerieslafayette.com\/el-gran-arbol-de-navidad-y-los-escaparates-navidenos\/"},"modified":"2026-01-06T13:45:23","modified_gmt":"2026-01-06T12:45:23","slug":"el-gran-arbol-de-navidad-y-los-escaparates-navidenos","status":"publish","type":"post","link":"https:\/\/haussmann.galerieslafayette.com\/es\/el-gran-arbol-de-navidad-y-los-escaparates-navidenos\/","title":{"rendered":"El Gran \u00c1rbol de Navidad y los escaparates navide\u00f1os"},"content":{"rendered":"\n<h3 class=\"wp-block-heading has-text-color has-link-color wp-elements-534329c9350cd79b80b3877a3447daa4\" style=\"color:#f49bbb\">El \u00c1rbol de Navidad M\u00e1s Bello<\/h3>\n\n\n\n<div class=\"wp-block-cover is-light\"><span aria-hidden=\"true\" class=\"wp-block-cover__background has-white-background-color has-background-dim-10 has-background-dim\"><\/span><img fetchpriority=\"high\" decoding=\"async\" width=\"620\" height=\"360\" class=\"wp-block-cover__image-background wp-image-1371258\" alt=\"\" src=\"https:\/\/haussmann.galerieslafayette.com\/wp-content\/uploads\/2025\/10\/Copie-de-Paysage-Produit-J.Detallante-1.png\" style=\"object-position:13% 88%\" data-object-fit=\"cover\" data-object-position=\"13% 88%\" srcset=\"https:\/\/haussmann.galerieslafayette.com\/wp-content\/uploads\/2025\/10\/Copie-de-Paysage-Produit-J.Detallante-1.png 620w, https:\/\/haussmann.galerieslafayette.com\/wp-content\/uploads\/2025\/10\/Copie-de-Paysage-Produit-J.Detallante-1-300x174.png 300w\" sizes=\"(max-width: 620px) 100vw, 620px\" \/><div class=\"wp-block-cover__inner-container is-layout-flow wp-block-cover-is-layout-flow\">\n<div class=\"wp-block-columns is-layout-flex wp-container-core-columns-is-layout-28f84493 wp-block-columns-is-layout-flex\">\n<div class=\"wp-block-column is-layout-flow wp-block-column-is-layout-flow\" style=\"flex-basis:4%\"><\/div>\n\n\n\n<div class=\"wp-block-column is-layout-flow wp-block-column-is-layout-flow\" style=\"flex-basis:61%\">\n<p>Como cada a\u00f1o, el gran \u00e1rbol de Navidad decora el espacio central de Galeries Lafayette Paris Haussmann. <br>Situado bajo la ic\u00f3nica c\u00fapula, despliega de manera grandiosa el esp\u00edritu de las fiestas y invita a la magia. <\/p>\n\n\n\n<p>Est\u00e1 adornado con las ilustraciones de Jeanne Detallante y envuelto con lujosos lazos. <br><strong>Como el regalo m\u00e1s bello de todos<\/strong>.<\/p>\n<\/div>\n\n\n\n<div class=\"wp-block-column is-layout-flow wp-block-column-is-layout-flow\" style=\"flex-basis:30%\">\n<figure class=\"wp-block-image size-large is-style-rounded\"><img decoding=\"async\" src=\"https:\/\/haussmann.galerieslafayette.com\/wp-content\/uploads\/2025\/10\/Grand-Sapin-768x1024.jpg\" alt=\"\" class=\"wp-image-1376677\"\/><figcaption class=\"wp-element-caption\">@Thibault Voisin<\/figcaption><\/figure>\n<\/div>\n<\/div>\n<\/div><\/div>\n\n\n\n<h5 class=\"wp-block-heading has-text-align-center\">\ud83c\udf84 <strong>Disfruta de un espect\u00e1culo de luz y sonido cada 30 minutos <\/strong>\ud83c\udf84<\/h5>\n\n\n\n<div style=\"height:40px\" aria-hidden=\"true\" class=\"wp-block-spacer\"><\/div>\n\n\n\n<h3 class=\"wp-block-heading has-text-color\" style=\"color:#f49bbb\">Los escaparates de Navidad<\/h3>\n\n\n\n<p>Este a\u00f1o, Jeanne Detallante reinventa el esp\u00edritu de la Navidad en vitrinas m\u00e1s deslumbrantes que nunca. Como piezas de un taller m\u00e1gico, las vitrinas de Galeries Lafayette se llenan de personajes encantadores que preparan la tienda para el gran d\u00eda.<\/p>\n\n\n\n<p>Pap\u00e1 Noel esteta cuida hasta el m\u00e1s m\u00ednimo detalle, la gran impresora funciona a toda m\u00e1quina para producir el papel de regalo, mientras los elfos organizan la fabricaci\u00f3n y distribuci\u00f3n de los mejores presentes de la temporada. Entre ellos, criaturas infantiles como el elefante beb\u00e9 y el pato con botas destacan en escenas llenas de color y actividad.<\/p>\n\n\n\n<figure class=\"wp-block-gallery has-nested-images columns-2 is-cropped wp-block-gallery-1 is-layout-flex wp-block-gallery-is-layout-flex\">\n<figure class=\"wp-block-image size-large\"><img decoding=\"async\" width=\"1024\" height=\"727\" data-id=\"1377449\" src=\"https:\/\/haussmann.galerieslafayette.com\/wp-content\/uploads\/2025\/10\/PHOTOS_VITRINES_XMAS25_NOV25_COUPOLE_H221_-Les-productions-Biloba-1024x727.jpg\" alt=\"\" class=\"wp-image-1377449\" srcset=\"https:\/\/haussmann.galerieslafayette.com\/wp-content\/uploads\/2025\/10\/PHOTOS_VITRINES_XMAS25_NOV25_COUPOLE_H221_-Les-productions-Biloba-1024x727.jpg 1024w, https:\/\/haussmann.galerieslafayette.com\/wp-content\/uploads\/2025\/10\/PHOTOS_VITRINES_XMAS25_NOV25_COUPOLE_H221_-Les-productions-Biloba-300x213.jpg 300w, https:\/\/haussmann.galerieslafayette.com\/wp-content\/uploads\/2025\/10\/PHOTOS_VITRINES_XMAS25_NOV25_COUPOLE_H221_-Les-productions-Biloba-768x545.jpg 768w, https:\/\/haussmann.galerieslafayette.com\/wp-content\/uploads\/2025\/10\/PHOTOS_VITRINES_XMAS25_NOV25_COUPOLE_H221_-Les-productions-Biloba.jpg 1500w\" sizes=\"(max-width: 1024px) 100vw, 1024px\" \/><figcaption class=\"wp-element-caption\">\u00a9Les productions Biloba<\/figcaption><\/figure>\n\n\n\n<figure class=\"wp-block-image size-large\"><img decoding=\"async\" width=\"1024\" height=\"827\" data-id=\"1377457\" src=\"https:\/\/haussmann.galerieslafayette.com\/wp-content\/uploads\/2025\/10\/PHOTOS_VITRINES_XMAS25_NOV25_COUPOLE_H19_-Les-productions-Biloba-1024x827.jpg\" alt=\"\" class=\"wp-image-1377457\" srcset=\"https:\/\/haussmann.galerieslafayette.com\/wp-content\/uploads\/2025\/10\/PHOTOS_VITRINES_XMAS25_NOV25_COUPOLE_H19_-Les-productions-Biloba-1024x827.jpg 1024w, https:\/\/haussmann.galerieslafayette.com\/wp-content\/uploads\/2025\/10\/PHOTOS_VITRINES_XMAS25_NOV25_COUPOLE_H19_-Les-productions-Biloba-300x242.jpg 300w, https:\/\/haussmann.galerieslafayette.com\/wp-content\/uploads\/2025\/10\/PHOTOS_VITRINES_XMAS25_NOV25_COUPOLE_H19_-Les-productions-Biloba-768x621.jpg 768w, https:\/\/haussmann.galerieslafayette.com\/wp-content\/uploads\/2025\/10\/PHOTOS_VITRINES_XMAS25_NOV25_COUPOLE_H19_-Les-productions-Biloba.jpg 1500w\" sizes=\"(max-width: 1024px) 100vw, 1024px\" \/><figcaption class=\"wp-element-caption\">\u00a9Les productions Biloba<\/figcaption><\/figure>\n\n\n\n<figure class=\"wp-block-image size-full\"><img loading=\"lazy\" decoding=\"async\" width=\"1500\" height=\"1000\" data-id=\"1376655\" src=\"https:\/\/haussmann.galerieslafayette.com\/wp-content\/uploads\/2025\/10\/GALERIES-LAFAYETTE-NOEL-2025---PAUL-BLIND-DSC_2212.jpg\" alt=\"\" class=\"wp-image-1376655\" srcset=\"https:\/\/haussmann.galerieslafayette.com\/wp-content\/uploads\/2025\/10\/GALERIES-LAFAYETTE-NOEL-2025---PAUL-BLIND-DSC_2212.jpg 1500w, https:\/\/haussmann.galerieslafayette.com\/wp-content\/uploads\/2025\/10\/GALERIES-LAFAYETTE-NOEL-2025---PAUL-BLIND-DSC_2212-300x200.jpg 300w, https:\/\/haussmann.galerieslafayette.com\/wp-content\/uploads\/2025\/10\/GALERIES-LAFAYETTE-NOEL-2025---PAUL-BLIND-DSC_2212-1024x683.jpg 1024w, https:\/\/haussmann.galerieslafayette.com\/wp-content\/uploads\/2025\/10\/GALERIES-LAFAYETTE-NOEL-2025---PAUL-BLIND-DSC_2212-768x512.jpg 768w\" sizes=\"(max-width: 1500px) 100vw, 1500px\" \/><figcaption class=\"wp-element-caption\">@Paul Blind<\/figcaption><\/figure>\n<\/figure>\n\n\n\n<div style=\"height:45px\" aria-hidden=\"true\" class=\"wp-block-spacer\"><\/div>\n\n\n\n<h4 class=\"wp-block-heading has-text-align-center has-text-color has-link-color wp-elements-fe29fb8d2240636ed6cf2a777254486a\" style=\"color:#e20600;text-transform:uppercase\">\u2015&nbsp;SOBRE Jeanne detallante \u2015&nbsp;<\/h4>\n\n\n\n<div class=\"wp-block-columns is-layout-flex wp-container-core-columns-is-layout-28f84493 wp-block-columns-is-layout-flex\">\n<div class=\"wp-block-column is-layout-flow wp-block-column-is-layout-flow\">\n<figure class=\"wp-block-image size-large\"><img loading=\"lazy\" decoding=\"async\" width=\"831\" height=\"1024\" src=\"https:\/\/haussmann.galerieslafayette.com\/wp-content\/uploads\/2013\/09\/Jeanne-831x1024.jpg\" alt=\"\" class=\"wp-image-1371307\" srcset=\"https:\/\/haussmann.galerieslafayette.com\/wp-content\/uploads\/2013\/09\/Jeanne-831x1024.jpg 831w, https:\/\/haussmann.galerieslafayette.com\/wp-content\/uploads\/2013\/09\/Jeanne-244x300.jpg 244w, https:\/\/haussmann.galerieslafayette.com\/wp-content\/uploads\/2013\/09\/Jeanne-768x946.jpg 768w, https:\/\/haussmann.galerieslafayette.com\/wp-content\/uploads\/2013\/09\/Jeanne.jpg 993w\" sizes=\"(max-width: 831px) 100vw, 831px\" \/><\/figure>\n<\/div>\n\n\n\n<div class=\"wp-block-column is-vertically-aligned-top is-layout-flow wp-block-column-is-layout-flow\">\n<p><strong>\u00bfQu\u00e9 te impresion\u00f3 m\u00e1s en los archivos?<\/strong><br>Fue incre\u00edble ver todas estas \u00e9pocas coexistiendo. La idea de reutilizar todo eso y modernizarlo era vertiginosa.<\/p>\n\n\n\n<p><strong>\u00bfQu\u00e9 significa la Navidad en Galeries Lafayette para ti?<\/strong><br>Recuerdos de infancia. \u00cdbamos a ver los escaparates todos los a\u00f1os, y era algo incre\u00edble. Los escaparates de Navidad eran las luces, Par\u00eds de noche, una verdadera aventura.<br><\/p>\n\n\n\n<div class=\"wp-block-buttons alignwide is-content-justification-center is-layout-flex wp-container-core-buttons-is-layout-a89b3969 wp-block-buttons-is-layout-flex\">\n<div class=\"wp-block-button has-custom-font-size\" style=\"font-size:15px\"><a class=\"wp-block-button__link has-white-color has-text-color has-background wp-element-button\" href=\"https:\/\/haussmann.galerieslafayette.com\/es\/las-colaboraciones-exclusivas-de-navidad\/?utm_source=sapin+vitrine&#038;utm_medium=collab+noel\" style=\"background-color:#c50701\" target=\"_blank\" rel=\"noreferrer noopener\">M\u00e1s informaci\u00f3n<\/a><\/div>\n<\/div>\n<\/div>\n<\/div>\n\n\n\n<div style=\"height:31px\" aria-hidden=\"true\" class=\"wp-block-spacer\"><\/div>\n\n\n\n<h3 class=\"wp-block-heading has-text-color has-link-color wp-elements-26848c175db04ef7782110297ae0902c\" style=\"color:#f49bbb\">Nuestro socio LUNII en el escaparate: una historia de audio por descubrir<\/h3>\n\n\n\n<p>Para que los ni\u00f1os vivan una Navidad maravillosa, \u00a1Galeries Lafayette se une a Lunii y llena de poes\u00eda su gran almac\u00e9n!<br>Al escanear el c\u00f3digo QR en el escaparate, los ni\u00f1os podr\u00e1n escuchar un extracto exclusivo de la historia de Navidad de Galeries Lafayette creada con Lunii. Guiados por Suzanne y Gaston, los h\u00e9roes de <em>Ma Fabrique \u00e0 Histoires<\/em>, se sumergir\u00e1n en los secretos encantados del taller de Pap\u00e1 Noel.<\/p>\n\n\n\n<div class=\"wp-block-columns is-not-stacked-on-mobile is-layout-flex wp-container-core-columns-is-layout-28f84493 wp-block-columns-is-layout-flex\">\n<div class=\"wp-block-column is-layout-flow wp-block-column-is-layout-flow\" style=\"flex-basis:15%\">\n<figure class=\"wp-block-image alignright size-full\"><img loading=\"lazy\" decoding=\"async\" width=\"1179\" height=\"1579\" src=\"https:\/\/haussmann.galerieslafayette.com\/wp-content\/uploads\/2012\/11\/GASTON_page-0001.jpg\" alt=\"\" class=\"wp-image-1372390\" srcset=\"https:\/\/haussmann.galerieslafayette.com\/wp-content\/uploads\/2012\/11\/GASTON_page-0001.jpg 1179w, https:\/\/haussmann.galerieslafayette.com\/wp-content\/uploads\/2012\/11\/GASTON_page-0001-224x300.jpg 224w, https:\/\/haussmann.galerieslafayette.com\/wp-content\/uploads\/2012\/11\/GASTON_page-0001-765x1024.jpg 765w, https:\/\/haussmann.galerieslafayette.com\/wp-content\/uploads\/2012\/11\/GASTON_page-0001-768x1029.jpg 768w, https:\/\/haussmann.galerieslafayette.com\/wp-content\/uploads\/2012\/11\/GASTON_page-0001-1147x1536.jpg 1147w\" sizes=\"(max-width: 1179px) 100vw, 1179px\" \/><\/figure>\n<\/div>\n\n\n\n<div class=\"wp-block-column is-vertically-aligned-center is-layout-flow wp-block-column-is-layout-flow\" style=\"flex-basis:70%\">\n<div class=\"wp-block-buttons alignwide is-content-justification-center is-layout-flex wp-container-core-buttons-is-layout-a89b3969 wp-block-buttons-is-layout-flex\">\n<div class=\"wp-block-button has-custom-width wp-block-button__width-50 has-custom-font-size is-style-fill\" style=\"font-size:12px\"><a class=\"wp-block-button__link has-white-color has-text-color has-background has-link-color wp-element-button\" href=\"https:\/\/haussmann.galerieslafayette.com\/es\/popup-lunii\/?utm_source=sapin+vitrine&#038;utm_medium=popup+lunii\" style=\"background-color:#f49bbb\" target=\"_blank\" rel=\"noreferrer noopener\">M\u00e1s informaci\u00f3n sobre LUNII<\/a><\/div>\n<\/div>\n<\/div>\n\n\n\n<div class=\"wp-block-column is-layout-flow wp-block-column-is-layout-flow\" style=\"flex-basis:15%\">\n<figure class=\"wp-block-image alignleft size-full\"><img loading=\"lazy\" decoding=\"async\" width=\"1148\" height=\"1737\" src=\"https:\/\/haussmann.galerieslafayette.com\/wp-content\/uploads\/2012\/11\/SUZANNE_page-0001.jpg\" alt=\"\" class=\"wp-image-1372398\" srcset=\"https:\/\/haussmann.galerieslafayette.com\/wp-content\/uploads\/2012\/11\/SUZANNE_page-0001.jpg 1148w, https:\/\/haussmann.galerieslafayette.com\/wp-content\/uploads\/2012\/11\/SUZANNE_page-0001-198x300.jpg 198w, https:\/\/haussmann.galerieslafayette.com\/wp-content\/uploads\/2012\/11\/SUZANNE_page-0001-677x1024.jpg 677w, https:\/\/haussmann.galerieslafayette.com\/wp-content\/uploads\/2012\/11\/SUZANNE_page-0001-768x1162.jpg 768w, https:\/\/haussmann.galerieslafayette.com\/wp-content\/uploads\/2012\/11\/SUZANNE_page-0001-1015x1536.jpg 1015w\" sizes=\"(max-width: 1148px) 100vw, 1148px\" \/><\/figure>\n<\/div>\n<\/div>\n\n\n\n<figure class=\"wp-block-image aligncenter size-large is-resized\"><img loading=\"lazy\" decoding=\"async\" width=\"1024\" height=\"1024\" src=\"https:\/\/haussmann.galerieslafayette.com\/wp-content\/uploads\/2013\/09\/KV-Histoire-Lunii-x-Galeries-Lafayette--1024x1024.png\" alt=\"\" class=\"wp-image-1371323\" style=\"width:307px;height:auto\" srcset=\"https:\/\/haussmann.galerieslafayette.com\/wp-content\/uploads\/2013\/09\/KV-Histoire-Lunii-x-Galeries-Lafayette--1024x1024.png 1024w, https:\/\/haussmann.galerieslafayette.com\/wp-content\/uploads\/2013\/09\/KV-Histoire-Lunii-x-Galeries-Lafayette--300x300.png 300w, https:\/\/haussmann.galerieslafayette.com\/wp-content\/uploads\/2013\/09\/KV-Histoire-Lunii-x-Galeries-Lafayette--150x150.png 150w, https:\/\/haussmann.galerieslafayette.com\/wp-content\/uploads\/2013\/09\/KV-Histoire-Lunii-x-Galeries-Lafayette--768x768.png 768w, https:\/\/haussmann.galerieslafayette.com\/wp-content\/uploads\/2013\/09\/KV-Histoire-Lunii-x-Galeries-Lafayette-.png 1500w\" sizes=\"(max-width: 1024px) 100vw, 1024px\" \/><\/figure>\n\n\n\n<p class=\"has-text-align-left\">Lunii reinventa los audiolibros infantiles dando a los ni\u00f1os el poder de crear e imaginar.<br><em>Encuentra los productos Lunii en el <strong>pop-up store<\/strong> en la 5.\u00aa planta de la tienda Coupole del 5 al 24 de diciembre y en el <em><mark style=\"background-color:rgba(0, 0, 0, 0);color:#a60034\" class=\"has-inline-color\"><a href=\"https:\/\/haussmann.galerieslafayette.com\/es\/events\/el-estudio-de-papa-noel\/?utm_source=sapin+vitrines&#038;utm_medium=studio+pere+noel\" target=\"_blank\" rel=\"noreferrer noopener\"><strong><span style=\"text-decoration: underline;\">Studio de Pap<em>\u00e1<\/em> Noel<\/span><\/strong><\/a><\/mark><\/em>.<\/em><\/p>\n\n\n\n<div style=\"height:30px\" aria-hidden=\"true\" class=\"wp-block-spacer\"><\/div>\n\n\n\n<p class=\"has-text-align-center\"><strong>\ud83d\udccd <strong>Tienda<\/strong><\/strong> <strong>Coupole<\/strong><\/p>\n","protected":false},"excerpt":{"rendered":"<p>\u00bfQu\u00e9 ser\u00eda de la magia de navide\u00f1a sin un \u00e1rbol de Navidad? Como manda la tradici\u00f3n, la C\u00fapula de Galeries Lafayette Paris Haussmann acoge cada invierno, desde 1976, un \u00e1rbol gigante que hace so\u00f1ar a grandes y peque\u00f1os.<\/p>\n","protected":false},"author":79,"featured_media":1376691,"comment_status":"closed","ping_status":"closed","sticky":false,"template":"","format":"standard","meta":{"_acf_changed":false,"footnotes":""},"categories":[1413,630],"tags":[],"class_list":{"1":"post","5":"has-post-thumbnail"},"acf":[],"yoast_head":"<!-- This site is optimized with the Yoast SEO plugin v26.4 - https:\/\/yoast.com\/wordpress\/plugins\/seo\/ -->\n<title>El Gran \u00c1rbol de Navidad y los escaparates navide\u00f1os - Galeries Lafayette Paris Haussmann<\/title>\n<meta name=\"description\" content=\"Cada invierno, la Coupole acoge su \u00e1rbol de Navidad y los escaparates del a\u00f1o, que har\u00e1n so\u00f1ar a grandes y peque\u00f1os.\" \/>\n<meta name=\"robots\" content=\"index, follow, max-snippet:-1, max-image-preview:large, max-video-preview:-1\" \/>\n<link rel=\"canonical\" href=\"https:\/\/haussmann.galerieslafayette.com\/es\/el-gran-arbol-de-navidad-y-los-escaparates-navidenos\/\" \/>\n<meta property=\"og:locale\" content=\"es_ES\" \/>\n<meta property=\"og:type\" content=\"article\" \/>\n<meta property=\"og:title\" content=\"El Gran \u00c1rbol de Navidad y los escaparates navide\u00f1os - Galeries Lafayette Paris Haussmann\" \/>\n<meta property=\"og:description\" content=\"Cada invierno, la Coupole acoge su \u00e1rbol de Navidad y los escaparates del a\u00f1o, que har\u00e1n so\u00f1ar a grandes y peque\u00f1os.\" \/>\n<meta property=\"og:url\" content=\"https:\/\/haussmann.galerieslafayette.com\/es\/el-gran-arbol-de-navidad-y-los-escaparates-navidenos\/\" \/>\n<meta property=\"og:site_name\" content=\"Galeries Lafayette Paris Haussmann\" \/>\n<meta property=\"article:publisher\" content=\"https:\/\/www.facebook.com\/galerieslafayette\/\" \/>\n<meta property=\"article:published_time\" content=\"2025-11-07T10:21:12+00:00\" \/>\n<meta property=\"article:modified_time\" content=\"2026-01-06T12:45:23+00:00\" \/>\n<meta property=\"og:image\" content=\"https:\/\/haussmann.galerieslafayette.com\/wp-content\/uploads\/2025\/10\/Label-Broche-Banniere-37.jpg\" \/>\n\t<meta property=\"og:image:width\" content=\"1600\" \/>\n\t<meta property=\"og:image:height\" content=\"594\" \/>\n\t<meta property=\"og:image:type\" content=\"image\/jpeg\" \/>\n<meta name=\"author\" content=\"Margaux PESSE\" \/>\n<meta name=\"twitter:card\" content=\"summary_large_image\" \/>\n<meta name=\"twitter:creator\" content=\"@Galeries_Laf\" \/>\n<meta name=\"twitter:site\" content=\"@Galeries_Laf\" \/>\n<script type=\"application\/ld+json\" class=\"yoast-schema-graph\">{\"@context\":\"https:\/\/schema.org\",\"@graph\":[{\"@type\":\"Article\",\"@id\":\"https:\/\/haussmann.galerieslafayette.com\/es\/el-gran-arbol-de-navidad-y-los-escaparates-navidenos\/#article\",\"isPartOf\":{\"@id\":\"https:\/\/haussmann.galerieslafayette.com\/es\/el-gran-arbol-de-navidad-y-los-escaparates-navidenos\/\"},\"author\":{\"name\":\"Margaux PESSE\",\"@id\":\"https:\/\/haussmann.galerieslafayette.com\/es\/#\/schema\/person\/e572cf0a0fd3c3bfc2ba7cba7767110e\"},\"headline\":\"El Gran \u00c1rbol de Navidad y los escaparates navide\u00f1os\",\"datePublished\":\"2025-11-07T10:21:12+00:00\",\"dateModified\":\"2026-01-06T12:45:23+00:00\",\"mainEntityOfPage\":{\"@id\":\"https:\/\/haussmann.galerieslafayette.com\/es\/el-gran-arbol-de-navidad-y-los-escaparates-navidenos\/\"},\"wordCount\":425,\"publisher\":{\"@id\":\"https:\/\/haussmann.galerieslafayette.com\/es\/#organization\"},\"image\":{\"@id\":\"https:\/\/haussmann.galerieslafayette.com\/es\/el-gran-arbol-de-navidad-y-los-escaparates-navidenos\/#primaryimage\"},\"thumbnailUrl\":\"https:\/\/haussmann.galerieslafayette.com\/wp-content\/uploads\/2025\/10\/Label-Broche-Banniere-37.jpg\",\"articleSection\":[\"Navidad\",\"Univers\"],\"inLanguage\":\"es\"},{\"@type\":\"WebPage\",\"@id\":\"https:\/\/haussmann.galerieslafayette.com\/es\/el-gran-arbol-de-navidad-y-los-escaparates-navidenos\/\",\"url\":\"https:\/\/haussmann.galerieslafayette.com\/es\/el-gran-arbol-de-navidad-y-los-escaparates-navidenos\/\",\"name\":\"El Gran \u00c1rbol de Navidad y los escaparates navide\u00f1os - Galeries Lafayette Paris Haussmann\",\"isPartOf\":{\"@id\":\"https:\/\/haussmann.galerieslafayette.com\/es\/#website\"},\"primaryImageOfPage\":{\"@id\":\"https:\/\/haussmann.galerieslafayette.com\/es\/el-gran-arbol-de-navidad-y-los-escaparates-navidenos\/#primaryimage\"},\"image\":{\"@id\":\"https:\/\/haussmann.galerieslafayette.com\/es\/el-gran-arbol-de-navidad-y-los-escaparates-navidenos\/#primaryimage\"},\"thumbnailUrl\":\"https:\/\/haussmann.galerieslafayette.com\/wp-content\/uploads\/2025\/10\/Label-Broche-Banniere-37.jpg\",\"datePublished\":\"2025-11-07T10:21:12+00:00\",\"dateModified\":\"2026-01-06T12:45:23+00:00\",\"description\":\"Cada invierno, la Coupole acoge su \u00e1rbol de Navidad y los escaparates del a\u00f1o, que har\u00e1n so\u00f1ar a grandes y peque\u00f1os.\",\"breadcrumb\":{\"@id\":\"https:\/\/haussmann.galerieslafayette.com\/es\/el-gran-arbol-de-navidad-y-los-escaparates-navidenos\/#breadcrumb\"},\"inLanguage\":\"es\",\"potentialAction\":[{\"@type\":\"ReadAction\",\"target\":[\"https:\/\/haussmann.galerieslafayette.com\/es\/el-gran-arbol-de-navidad-y-los-escaparates-navidenos\/\"]}]},{\"@type\":\"ImageObject\",\"inLanguage\":\"es\",\"@id\":\"https:\/\/haussmann.galerieslafayette.com\/es\/el-gran-arbol-de-navidad-y-los-escaparates-navidenos\/#primaryimage\",\"url\":\"https:\/\/haussmann.galerieslafayette.com\/wp-content\/uploads\/2025\/10\/Label-Broche-Banniere-37.jpg\",\"contentUrl\":\"https:\/\/haussmann.galerieslafayette.com\/wp-content\/uploads\/2025\/10\/Label-Broche-Banniere-37.jpg\",\"width\":1600,\"height\":594},{\"@type\":\"BreadcrumbList\",\"@id\":\"https:\/\/haussmann.galerieslafayette.com\/es\/el-gran-arbol-de-navidad-y-los-escaparates-navidenos\/#breadcrumb\",\"itemListElement\":[{\"@type\":\"ListItem\",\"position\":1,\"name\":\"Inicio\",\"item\":\"https:\/\/haussmann.galerieslafayette.com\/es\/home-2\/\"},{\"@type\":\"ListItem\",\"position\":2,\"name\":\"Navidad\",\"item\":\"https:\/\/haussmann.galerieslafayette.com\/es\/category\/navidad\/\"},{\"@type\":\"ListItem\",\"position\":3,\"name\":\"El Gran \u00c1rbol de Navidad y los escaparates navide\u00f1os\"}]},{\"@type\":\"WebSite\",\"@id\":\"https:\/\/haussmann.galerieslafayette.com\/es\/#website\",\"url\":\"https:\/\/haussmann.galerieslafayette.com\/es\/\",\"name\":\"Galeries Lafayette Paris Haussmann\",\"description\":\"La destination mode du shopping parisien\",\"publisher\":{\"@id\":\"https:\/\/haussmann.galerieslafayette.com\/es\/#organization\"},\"potentialAction\":[{\"@type\":\"SearchAction\",\"target\":{\"@type\":\"EntryPoint\",\"urlTemplate\":\"https:\/\/haussmann.galerieslafayette.com\/es\/?s={search_term_string}\"},\"query-input\":{\"@type\":\"PropertyValueSpecification\",\"valueRequired\":true,\"valueName\":\"search_term_string\"}}],\"inLanguage\":\"es\"},{\"@type\":\"Organization\",\"@id\":\"https:\/\/haussmann.galerieslafayette.com\/es\/#organization\",\"name\":\"Galeries Lafayette\",\"url\":\"https:\/\/haussmann.galerieslafayette.com\/es\/\",\"logo\":{\"@type\":\"ImageObject\",\"inLanguage\":\"es\",\"@id\":\"https:\/\/haussmann.galerieslafayette.com\/es\/#\/schema\/logo\/image\/\",\"url\":\"https:\/\/haussmann.galerieslafayette.com\/wp-content\/uploads\/2021\/03\/GL_LOGO2L_N.jpg\",\"contentUrl\":\"https:\/\/haussmann.galerieslafayette.com\/wp-content\/uploads\/2021\/03\/GL_LOGO2L_N.jpg\",\"width\":1535,\"height\":827,\"caption\":\"Galeries Lafayette\"},\"image\":{\"@id\":\"https:\/\/haussmann.galerieslafayette.com\/es\/#\/schema\/logo\/image\/\"},\"sameAs\":[\"https:\/\/www.facebook.com\/galerieslafayette\/\",\"https:\/\/x.com\/Galeries_Laf\",\"https:\/\/www.instagram.com\/galerieslafayette\/\",\"http:\/\/www.youtube.com\/user\/GaleriesLafayette1\"]},{\"@type\":\"Person\",\"@id\":\"https:\/\/haussmann.galerieslafayette.com\/es\/#\/schema\/person\/e572cf0a0fd3c3bfc2ba7cba7767110e\",\"name\":\"Margaux PESSE\",\"image\":{\"@type\":\"ImageObject\",\"inLanguage\":\"es\",\"@id\":\"https:\/\/haussmann.galerieslafayette.com\/es\/#\/schema\/person\/image\/\",\"url\":\"https:\/\/secure.gravatar.com\/avatar\/e64aa54229e1be0d894bfa479ab3749966b5dace79bd3bcd6a374df0b01e1452?s=96&d=mm&r=g\",\"contentUrl\":\"https:\/\/secure.gravatar.com\/avatar\/e64aa54229e1be0d894bfa479ab3749966b5dace79bd3bcd6a374df0b01e1452?s=96&d=mm&r=g\",\"caption\":\"Margaux PESSE\"}}]}<\/script>\n<!-- \/ Yoast SEO plugin. -->","yoast_head_json":{"title":"El Gran \u00c1rbol de Navidad y los escaparates navide\u00f1os - Galeries Lafayette Paris Haussmann","description":"Cada invierno, la Coupole acoge su \u00e1rbol de Navidad y los escaparates del a\u00f1o, que har\u00e1n so\u00f1ar a grandes y peque\u00f1os.","robots":{"index":"index","follow":"follow","max-snippet":"max-snippet:-1","max-image-preview":"max-image-preview:large","max-video-preview":"max-video-preview:-1"},"canonical":"https:\/\/haussmann.galerieslafayette.com\/es\/el-gran-arbol-de-navidad-y-los-escaparates-navidenos\/","og_locale":"es_ES","og_type":"article","og_title":"El Gran \u00c1rbol de Navidad y los escaparates navide\u00f1os - Galeries Lafayette Paris Haussmann","og_description":"Cada invierno, la Coupole acoge su \u00e1rbol de Navidad y los escaparates del a\u00f1o, que har\u00e1n so\u00f1ar a grandes y peque\u00f1os.","og_url":"https:\/\/haussmann.galerieslafayette.com\/es\/el-gran-arbol-de-navidad-y-los-escaparates-navidenos\/","og_site_name":"Galeries Lafayette Paris Haussmann","article_publisher":"https:\/\/www.facebook.com\/galerieslafayette\/","article_published_time":"2025-11-07T10:21:12+00:00","article_modified_time":"2026-01-06T12:45:23+00:00","og_image":[{"width":1600,"height":594,"url":"https:\/\/haussmann.galerieslafayette.com\/wp-content\/uploads\/2025\/10\/Label-Broche-Banniere-37.jpg","type":"image\/jpeg"}],"author":"Margaux PESSE","twitter_card":"summary_large_image","twitter_creator":"@Galeries_Laf","twitter_site":"@Galeries_Laf","schema":{"@context":"https:\/\/schema.org","@graph":[{"@type":"Article","@id":"https:\/\/haussmann.galerieslafayette.com\/es\/el-gran-arbol-de-navidad-y-los-escaparates-navidenos\/#article","isPartOf":{"@id":"https:\/\/haussmann.galerieslafayette.com\/es\/el-gran-arbol-de-navidad-y-los-escaparates-navidenos\/"},"author":{"name":"Margaux PESSE","@id":"https:\/\/haussmann.galerieslafayette.com\/es\/#\/schema\/person\/e572cf0a0fd3c3bfc2ba7cba7767110e"},"headline":"El Gran \u00c1rbol de Navidad y los escaparates navide\u00f1os","datePublished":"2025-11-07T10:21:12+00:00","dateModified":"2026-01-06T12:45:23+00:00","mainEntityOfPage":{"@id":"https:\/\/haussmann.galerieslafayette.com\/es\/el-gran-arbol-de-navidad-y-los-escaparates-navidenos\/"},"wordCount":425,"publisher":{"@id":"https:\/\/haussmann.galerieslafayette.com\/es\/#organization"},"image":{"@id":"https:\/\/haussmann.galerieslafayette.com\/es\/el-gran-arbol-de-navidad-y-los-escaparates-navidenos\/#primaryimage"},"thumbnailUrl":"https:\/\/haussmann.galerieslafayette.com\/wp-content\/uploads\/2025\/10\/Label-Broche-Banniere-37.jpg","articleSection":["Navidad","Univers"],"inLanguage":"es"},{"@type":"WebPage","@id":"https:\/\/haussmann.galerieslafayette.com\/es\/el-gran-arbol-de-navidad-y-los-escaparates-navidenos\/","url":"https:\/\/haussmann.galerieslafayette.com\/es\/el-gran-arbol-de-navidad-y-los-escaparates-navidenos\/","name":"El Gran \u00c1rbol de Navidad y los escaparates navide\u00f1os - Galeries Lafayette Paris Haussmann","isPartOf":{"@id":"https:\/\/haussmann.galerieslafayette.com\/es\/#website"},"primaryImageOfPage":{"@id":"https:\/\/haussmann.galerieslafayette.com\/es\/el-gran-arbol-de-navidad-y-los-escaparates-navidenos\/#primaryimage"},"image":{"@id":"https:\/\/haussmann.galerieslafayette.com\/es\/el-gran-arbol-de-navidad-y-los-escaparates-navidenos\/#primaryimage"},"thumbnailUrl":"https:\/\/haussmann.galerieslafayette.com\/wp-content\/uploads\/2025\/10\/Label-Broche-Banniere-37.jpg","datePublished":"2025-11-07T10:21:12+00:00","dateModified":"2026-01-06T12:45:23+00:00","description":"Cada invierno, la Coupole acoge su \u00e1rbol de Navidad y los escaparates del a\u00f1o, que har\u00e1n so\u00f1ar a grandes y peque\u00f1os.","breadcrumb":{"@id":"https:\/\/haussmann.galerieslafayette.com\/es\/el-gran-arbol-de-navidad-y-los-escaparates-navidenos\/#breadcrumb"},"inLanguage":"es","potentialAction":[{"@type":"ReadAction","target":["https:\/\/haussmann.galerieslafayette.com\/es\/el-gran-arbol-de-navidad-y-los-escaparates-navidenos\/"]}]},{"@type":"ImageObject","inLanguage":"es","@id":"https:\/\/haussmann.galerieslafayette.com\/es\/el-gran-arbol-de-navidad-y-los-escaparates-navidenos\/#primaryimage","url":"https:\/\/haussmann.galerieslafayette.com\/wp-content\/uploads\/2025\/10\/Label-Broche-Banniere-37.jpg","contentUrl":"https:\/\/haussmann.galerieslafayette.com\/wp-content\/uploads\/2025\/10\/Label-Broche-Banniere-37.jpg","width":1600,"height":594},{"@type":"BreadcrumbList","@id":"https:\/\/haussmann.galerieslafayette.com\/es\/el-gran-arbol-de-navidad-y-los-escaparates-navidenos\/#breadcrumb","itemListElement":[{"@type":"ListItem","position":1,"name":"Inicio","item":"https:\/\/haussmann.galerieslafayette.com\/es\/home-2\/"},{"@type":"ListItem","position":2,"name":"Navidad","item":"https:\/\/haussmann.galerieslafayette.com\/es\/category\/navidad\/"},{"@type":"ListItem","position":3,"name":"El Gran \u00c1rbol de Navidad y los escaparates navide\u00f1os"}]},{"@type":"WebSite","@id":"https:\/\/haussmann.galerieslafayette.com\/es\/#website","url":"https:\/\/haussmann.galerieslafayette.com\/es\/","name":"Galeries Lafayette Paris Haussmann","description":"La destination mode du shopping parisien","publisher":{"@id":"https:\/\/haussmann.galerieslafayette.com\/es\/#organization"},"potentialAction":[{"@type":"SearchAction","target":{"@type":"EntryPoint","urlTemplate":"https:\/\/haussmann.galerieslafayette.com\/es\/?s={search_term_string}"},"query-input":{"@type":"PropertyValueSpecification","valueRequired":true,"valueName":"search_term_string"}}],"inLanguage":"es"},{"@type":"Organization","@id":"https:\/\/haussmann.galerieslafayette.com\/es\/#organization","name":"Galeries Lafayette","url":"https:\/\/haussmann.galerieslafayette.com\/es\/","logo":{"@type":"ImageObject","inLanguage":"es","@id":"https:\/\/haussmann.galerieslafayette.com\/es\/#\/schema\/logo\/image\/","url":"https:\/\/haussmann.galerieslafayette.com\/wp-content\/uploads\/2021\/03\/GL_LOGO2L_N.jpg","contentUrl":"https:\/\/haussmann.galerieslafayette.com\/wp-content\/uploads\/2021\/03\/GL_LOGO2L_N.jpg","width":1535,"height":827,"caption":"Galeries Lafayette"},"image":{"@id":"https:\/\/haussmann.galerieslafayette.com\/es\/#\/schema\/logo\/image\/"},"sameAs":["https:\/\/www.facebook.com\/galerieslafayette\/","https:\/\/x.com\/Galeries_Laf","https:\/\/www.instagram.com\/galerieslafayette\/","http:\/\/www.youtube.com\/user\/GaleriesLafayette1"]},{"@type":"Person","@id":"https:\/\/haussmann.galerieslafayette.com\/es\/#\/schema\/person\/e572cf0a0fd3c3bfc2ba7cba7767110e","name":"Margaux PESSE","image":{"@type":"ImageObject","inLanguage":"es","@id":"https:\/\/haussmann.galerieslafayette.com\/es\/#\/schema\/person\/image\/","url":"https:\/\/secure.gravatar.com\/avatar\/e64aa54229e1be0d894bfa479ab3749966b5dace79bd3bcd6a374df0b01e1452?s=96&d=mm&r=g","contentUrl":"https:\/\/secure.gravatar.com\/avatar\/e64aa54229e1be0d894bfa479ab3749966b5dace79bd3bcd6a374df0b01e1452?s=96&d=mm&r=g","caption":"Margaux PESSE"}}]}},"_links":{"self":[{"href":"https:\/\/haussmann.galerieslafayette.com\/es\/wp-json\/wp\/v2\/posts\/1303505","targetHints":{"allow":["GET"]}}],"collection":[{"href":"https:\/\/haussmann.galerieslafayette.com\/es\/wp-json\/wp\/v2\/posts"}],"about":[{"href":"https:\/\/haussmann.galerieslafayette.com\/es\/wp-json\/wp\/v2\/types\/post"}],"author":[{"embeddable":true,"href":"https:\/\/haussmann.galerieslafayette.com\/es\/wp-json\/wp\/v2\/users\/79"}],"replies":[{"embeddable":true,"href":"https:\/\/haussmann.galerieslafayette.com\/es\/wp-json\/wp\/v2\/comments?post=1303505"}],"version-history":[{"count":10,"href":"https:\/\/haussmann.galerieslafayette.com\/es\/wp-json\/wp\/v2\/posts\/1303505\/revisions"}],"predecessor-version":[{"id":1379567,"href":"https:\/\/haussmann.galerieslafayette.com\/es\/wp-json\/wp\/v2\/posts\/1303505\/revisions\/1379567"}],"wp:featuredmedia":[{"embeddable":true,"href":"https:\/\/haussmann.galerieslafayette.com\/es\/wp-json\/wp\/v2\/media\/1376691"}],"wp:attachment":[{"href":"https:\/\/haussmann.galerieslafayette.com\/es\/wp-json\/wp\/v2\/media?parent=1303505"}],"wp:term":[{"taxonomy":"category","embeddable":true,"href":"https:\/\/haussmann.galerieslafayette.com\/es\/wp-json\/wp\/v2\/categories?post=1303505"},{"taxonomy":"post_tag","embeddable":true,"href":"https:\/\/haussmann.galerieslafayette.com\/es\/wp-json\/wp\/v2\/tags?post=1303505"}],"curies":[{"name":"wp","href":"https:\/\/api.w.org\/{rel}","templated":true}]}}