{"id":1303680,"date":"2025-11-07T10:56:04","date_gmt":"2025-11-07T09:56:04","guid":{"rendered":"https:\/\/haussmann.galerieslafayette.com\/las-colaboraciones-exclusivas-de-navidad\/"},"modified":"2025-11-14T10:05:10","modified_gmt":"2025-11-14T09:05:10","slug":"las-colaboraciones-exclusivas-de-navidad","status":"publish","type":"post","link":"https:\/\/haussmann.galerieslafayette.com\/es\/las-colaboraciones-exclusivas-de-navidad\/","title":{"rendered":"Las colaboraciones exclusivas de Navidad"},"content":{"rendered":"\n<h3 class=\"wp-block-heading has-text-color has-link-color wp-elements-fa8b60c4c681c9e682e5d8185c3f44cd\" style=\"color:#a60034\">Un universo tan chic como po\u00e9tico<\/h3>\n\n\n\n<p>Sumergi\u00e9ndose en el coraz\u00f3n de los archivos de la tienda, la ilustradora se impregn\u00f3 de un patrimonio todav\u00eda vibrante.<strong> <\/strong><br><strong>Su misi\u00f3n<\/strong>: reinventar la Navidad y rendir homenaje a la exposici\u00f3n de Artes Decorativas de 1925 y al apogeo de <em>La Ma\u00eetrise<\/em>, el hist\u00f3rico taller de artes aplicadas de Galeries Lafayette.<\/p>\n\n\n\n<p>El resultado es un mundo deslumbrante, alejado de cualquier minimalismo. Inspirada por la propia arquitectura del lugar \u2014las flores de las escaleras, los vitrales de la c\u00fapula, el metal dorado\u2014, Jeanne Detallante dio vida a un motivo ultracolorido con acentos Memphis que sirve de hilo conductor.<\/p>\n\n\n\n<div class=\"wp-block-media-text has-media-on-the-right has-background\" style=\"background-color:#a50033;grid-template-columns:auto 27%\"><div class=\"wp-block-media-text__content\">\n<div style=\"height:10px\" aria-hidden=\"true\" class=\"wp-block-spacer\"><\/div>\n\n\n\n<p class=\"has-white-color has-text-color has-link-color wp-elements-b808420559f63bbd4a61537fa10eafd8\">En este mundo encantado, Pap\u00e1 Noel, esteta y elegante, se acompa\u00f1a de un elefantito con cintas y de patos con sombrero. En cuanto a los duendes, vestidos de blanco, salpican los escaparates como copos de nieve. Una idea de Jeanne Detallante tan chic como po\u00e9tica.<\/p>\n\n\n\n<div style=\"height:10px\" aria-hidden=\"true\" class=\"wp-block-spacer\"><\/div>\n<\/div><figure class=\"wp-block-media-text__media\"><img fetchpriority=\"high\" decoding=\"async\" width=\"1403\" height=\"1949\" src=\"https:\/\/haussmann.galerieslafayette.com\/wp-content\/uploads\/2025\/10\/H24-gde-pile-cadeau-153x165cm-ech1-10-e1760017139383.png\" alt=\"\" class=\"wp-image-1371180 size-full\" srcset=\"https:\/\/haussmann.galerieslafayette.com\/wp-content\/uploads\/2025\/10\/H24-gde-pile-cadeau-153x165cm-ech1-10-e1760017139383.png 1403w, https:\/\/haussmann.galerieslafayette.com\/wp-content\/uploads\/2025\/10\/H24-gde-pile-cadeau-153x165cm-ech1-10-e1760017139383-216x300.png 216w, https:\/\/haussmann.galerieslafayette.com\/wp-content\/uploads\/2025\/10\/H24-gde-pile-cadeau-153x165cm-ech1-10-e1760017139383-737x1024.png 737w, https:\/\/haussmann.galerieslafayette.com\/wp-content\/uploads\/2025\/10\/H24-gde-pile-cadeau-153x165cm-ech1-10-e1760017139383-768x1067.png 768w, https:\/\/haussmann.galerieslafayette.com\/wp-content\/uploads\/2025\/10\/H24-gde-pile-cadeau-153x165cm-ech1-10-e1760017139383-1106x1536.png 1106w\" sizes=\"(max-width: 1403px) 100vw, 1403px\" \/><\/figure><\/div>\n\n\n\n<div style=\"height:30px\" aria-hidden=\"true\" class=\"wp-block-spacer\"><\/div>\n\n\n\n<h3 class=\"wp-block-heading has-text-color has-link-color wp-elements-ee48e4016dd8316d1d9466fd741b43f5\" style=\"color:#a60034\">Los productos exclusivos de Jeanne Detallante<\/h3>\n\n\n\n<p>Para llevar la magia de las fiestas a cada hogar, el universo exuberante imaginado por Jeanne Detallante para Galeries Lafayette se refleja en productos para regalar o disfrutar. Decoraciones, su\u00e9teres de Navidad con Pap\u00e1 Noel y parches coleccionables\u2026 todos podr\u00e1n llevarse un peque\u00f1o pedazo de magia.<\/p>\n\n\n\n<figure class=\"wp-block-image aligncenter size-full\"><img decoding=\"async\" src=\"https:\/\/haussmann.galerieslafayette.com\/wp-content\/uploads\/2013\/09\/Paysage-Produit-J.Detallante.jpg\" alt=\"\" class=\"wp-image-1371094\"\/><figcaption class=\"wp-element-caption\">Productos a la venta hasta el 6 de enero en la tienda Coupole, Galeries Lafayette Par\u00eds Haussmann<\/figcaption><\/figure>\n\n\n\n<div style=\"height:30px\" aria-hidden=\"true\" class=\"wp-block-spacer\"><\/div>\n\n\n\n<div class=\"wp-block-cover has-parallax\"><span aria-hidden=\"true\" class=\"wp-block-cover__background has-white-background-color has-background-dim-10 has-background-dim\"><\/span><div class=\"wp-block-cover__image-background wp-image-1370922 has-parallax\" style=\"background-position:50% 50%;background-image:url(https:\/\/haussmann.galerieslafayette.com\/wp-content\/uploads\/2025\/10\/Fond-Noel-2025.jpg)\"><\/div><div class=\"wp-block-cover__inner-container is-layout-flow wp-block-cover-is-layout-flow\">\n<h4 class=\"wp-block-heading has-text-align-center\" style=\"text-transform:uppercase\">ENCUENTRO CON UNA ILUSTRADORA APASIONADA<\/h4>\n\n\n\n<div class=\"wp-block-columns is-layout-flex wp-container-core-columns-is-layout-28f84493 wp-block-columns-is-layout-flex\">\n<div class=\"wp-block-column has-white-background-color has-background is-layout-flow wp-block-column-is-layout-flow\">\n<div style=\"height:20px\" aria-hidden=\"true\" class=\"wp-block-spacer\"><\/div>\n\n\n\n<div class=\"wp-block-columns is-layout-flex wp-container-core-columns-is-layout-28f84493 wp-block-columns-is-layout-flex\">\n<div class=\"wp-block-column is-layout-flow wp-block-column-is-layout-flow\" style=\"flex-basis:5%\"><\/div>\n\n\n\n<div class=\"wp-block-column is-layout-flow wp-block-column-is-layout-flow\" style=\"flex-basis:90%\">\n<p class=\"has-text-align-center has-black-color has-text-color has-link-color wp-elements-ba5fb02a7987165e779106c3e2831dca\"><strong>\u00bfQu\u00e9 significa para usted la Navidad en Galeries Lafayette?<\/strong><\/p>\n\n\n\n<p class=\"has-text-align-center has-black-color has-text-color\">\u00ab Agradables recuerdos de la infancia. Me encantaba ver los escaparates de Navidad cada a\u00f1o, la iluminaci\u00f3n, Par\u00eds de noche\u2026 \u00a1Una experiencia fascinante! \u00bb<\/p>\n\n\n\n<p class=\"has-text-align-center has-black-color has-text-color\"><strong>\u00bfCu\u00e1l es su escaparate favorito?<\/strong><\/p>\n\n\n\n<p class=\"has-text-align-center has-black-color has-text-color\">\u00ab Me encantan los elementos arquitect\u00f3nicos de la escena del banquete, como el motivo rojo brillante. Representa a todos los personajes y capta el esp\u00edritu de las fiestas de este a\u00f1o. \u00bb<\/p>\n\n\n\n<figure class=\"wp-block-image alignwide size-full\"><img decoding=\"async\" src=\"https:\/\/haussmann.galerieslafayette.com\/wp-content\/uploads\/2025\/10\/GALERIES-LAFAYETTE-NOEL-2025---PAUL-BLIND-DSC_2212.jpg\" alt=\"\" class=\"wp-image-1376662\"\/><figcaption class=\"wp-element-caption\">Escaparate de la tienda Paris Haussmann \u2013 El Banquete @Paul Blind<\/figcaption><\/figure>\n<\/div>\n\n\n\n<div class=\"wp-block-column is-layout-flow wp-block-column-is-layout-flow\" style=\"flex-basis:5%\"><\/div>\n<\/div>\n<\/div>\n<\/div>\n<\/div><\/div>\n\n\n\n<div style=\"height:30px\" aria-hidden=\"true\" class=\"wp-block-spacer\"><\/div>\n\n\n\n<h4 class=\"wp-block-heading has-text-align-center has-text-color has-link-color wp-elements-a29f56551ed5c4d4a5a74c16f512a911\" style=\"color:#a60034\">Sobre Jeanne Detallante<\/h4>\n\n\n\n<div style=\"height:10px\" aria-hidden=\"true\" class=\"wp-block-spacer\"><\/div>\n\n\n\n<figure class=\"wp-block-image aligncenter size-full is-resized is-style-rounded\"><img decoding=\"async\" width=\"500\" height=\"500\" src=\"https:\/\/haussmann.galerieslafayette.com\/wp-content\/uploads\/2013\/09\/Belleyme-.png\" alt=\"\" class=\"wp-image-1371118\" style=\"width:330px;height:auto\" srcset=\"https:\/\/haussmann.galerieslafayette.com\/wp-content\/uploads\/2013\/09\/Belleyme-.png 500w, https:\/\/haussmann.galerieslafayette.com\/wp-content\/uploads\/2013\/09\/Belleyme--300x300.png 300w, https:\/\/haussmann.galerieslafayette.com\/wp-content\/uploads\/2013\/09\/Belleyme--150x150.png 150w\" sizes=\"(max-width: 500px) 100vw, 500px\" \/><\/figure>\n\n\n\n<p class=\"has-text-align-center\">Artista, ilustradora, apasionada por las artes decorativas y la arquitectura, Jeanne Detallante se ha hecho un lugar en el mundo de la moda y el lujo gracias a un estilo que combina lo retro con lo moderno, f\u00e1cilmente reconocible. Llena de m\u00faltiples inspiraciones, mezcla lo chic con lo exc\u00e9ntrico y crea un universo al l\u00edmite de lo fant\u00e1stico y lo extra\u00f1o.<\/p>\n\n\n\n<p class=\"has-text-align-center\">Sus vampas decadentes y figuras surrealistas atemporales se cruzan con las colecciones de alta costura de Prada, Miu Miu o Ami Paris. Tambi\u00e9n se encuentra su trabajo de patrones en las colecciones de la prestigiosa casa Diptyque y en los cosm\u00e9ticos japoneses de Shiseido.<\/p>\n","protected":false},"excerpt":{"rendered":"<p>Para las fiestas de fin de a\u00f1o, Galeries Lafayette confiaron su universo navide\u00f1o a la ilustradora Jeanne Detallante. La reconocida artista firma escenas abundantes y coloridas en los escaparates del gran almac\u00e9n.<\/p>\n","protected":false},"author":79,"featured_media":1376737,"comment_status":"closed","ping_status":"closed","sticky":false,"template":"","format":"standard","meta":{"_acf_changed":false,"footnotes":""},"categories":[1413,749,1,630],"tags":[],"class_list":{"1":"post","5":"has-post-thumbnail"},"acf":[],"yoast_head":"<!-- This site is optimized with the Yoast SEO plugin v26.4 - https:\/\/yoast.com\/wordpress\/plugins\/seo\/ -->\n<title>Las colaboraciones exclusivas de Navidad - Galeries Lafayette Paris Haussmann<\/title>\n<meta name=\"description\" content=\"A partir del 12 de noviembre, Jeanne Detallante invita a todos a vivir una Navidad encantada, alejada de todo minimalismo.\" \/>\n<meta name=\"robots\" content=\"index, follow, max-snippet:-1, max-image-preview:large, max-video-preview:-1\" \/>\n<link rel=\"canonical\" href=\"https:\/\/haussmann.galerieslafayette.com\/es\/las-colaboraciones-exclusivas-de-navidad\/\" \/>\n<meta property=\"og:locale\" content=\"es_ES\" \/>\n<meta property=\"og:type\" content=\"article\" \/>\n<meta property=\"og:title\" content=\"Las colaboraciones exclusivas de Navidad - Galeries Lafayette Paris Haussmann\" \/>\n<meta property=\"og:description\" content=\"A partir del 12 de noviembre, Jeanne Detallante invita a todos a vivir una Navidad encantada, alejada de todo minimalismo.\" \/>\n<meta property=\"og:url\" content=\"https:\/\/haussmann.galerieslafayette.com\/es\/las-colaboraciones-exclusivas-de-navidad\/\" \/>\n<meta property=\"og:site_name\" content=\"Galeries Lafayette Paris Haussmann\" \/>\n<meta property=\"article:publisher\" content=\"https:\/\/www.facebook.com\/galerieslafayette\/\" \/>\n<meta property=\"article:published_time\" content=\"2025-11-07T09:56:04+00:00\" \/>\n<meta property=\"article:modified_time\" content=\"2025-11-14T09:05:10+00:00\" \/>\n<meta property=\"og:image\" content=\"https:\/\/haussmann.galerieslafayette.com\/wp-content\/uploads\/2025\/10\/Label-Broche-Banniere-38.jpg\" \/>\n\t<meta property=\"og:image:width\" content=\"1600\" \/>\n\t<meta property=\"og:image:height\" content=\"594\" \/>\n\t<meta property=\"og:image:type\" content=\"image\/jpeg\" \/>\n<meta name=\"author\" content=\"Margaux PESSE\" \/>\n<meta name=\"twitter:card\" content=\"summary_large_image\" \/>\n<meta name=\"twitter:creator\" content=\"@Galeries_Laf\" \/>\n<meta name=\"twitter:site\" content=\"@Galeries_Laf\" \/>\n<script type=\"application\/ld+json\" class=\"yoast-schema-graph\">{\"@context\":\"https:\/\/schema.org\",\"@graph\":[{\"@type\":\"Article\",\"@id\":\"https:\/\/haussmann.galerieslafayette.com\/es\/las-colaboraciones-exclusivas-de-navidad\/#article\",\"isPartOf\":{\"@id\":\"https:\/\/haussmann.galerieslafayette.com\/es\/las-colaboraciones-exclusivas-de-navidad\/\"},\"author\":{\"name\":\"Margaux PESSE\",\"@id\":\"https:\/\/haussmann.galerieslafayette.com\/es\/#\/schema\/person\/e572cf0a0fd3c3bfc2ba7cba7767110e\"},\"headline\":\"Las colaboraciones exclusivas de Navidad\",\"datePublished\":\"2025-11-07T09:56:04+00:00\",\"dateModified\":\"2025-11-14T09:05:10+00:00\",\"mainEntityOfPage\":{\"@id\":\"https:\/\/haussmann.galerieslafayette.com\/es\/las-colaboraciones-exclusivas-de-navidad\/\"},\"wordCount\":438,\"publisher\":{\"@id\":\"https:\/\/haussmann.galerieslafayette.com\/es\/#organization\"},\"image\":{\"@id\":\"https:\/\/haussmann.galerieslafayette.com\/es\/las-colaboraciones-exclusivas-de-navidad\/#primaryimage\"},\"thumbnailUrl\":\"https:\/\/haussmann.galerieslafayette.com\/wp-content\/uploads\/2025\/10\/Label-Broche-Banniere-38.jpg\",\"articleSection\":[\"Navidad\",\"Dise\u00f1o y Decoraci\u00f3n\",\"Non classifi\u00e9(e)\",\"Univers\"],\"inLanguage\":\"es\"},{\"@type\":\"WebPage\",\"@id\":\"https:\/\/haussmann.galerieslafayette.com\/es\/las-colaboraciones-exclusivas-de-navidad\/\",\"url\":\"https:\/\/haussmann.galerieslafayette.com\/es\/las-colaboraciones-exclusivas-de-navidad\/\",\"name\":\"Las colaboraciones exclusivas de Navidad - Galeries Lafayette Paris Haussmann\",\"isPartOf\":{\"@id\":\"https:\/\/haussmann.galerieslafayette.com\/es\/#website\"},\"primaryImageOfPage\":{\"@id\":\"https:\/\/haussmann.galerieslafayette.com\/es\/las-colaboraciones-exclusivas-de-navidad\/#primaryimage\"},\"image\":{\"@id\":\"https:\/\/haussmann.galerieslafayette.com\/es\/las-colaboraciones-exclusivas-de-navidad\/#primaryimage\"},\"thumbnailUrl\":\"https:\/\/haussmann.galerieslafayette.com\/wp-content\/uploads\/2025\/10\/Label-Broche-Banniere-38.jpg\",\"datePublished\":\"2025-11-07T09:56:04+00:00\",\"dateModified\":\"2025-11-14T09:05:10+00:00\",\"description\":\"A partir del 12 de noviembre, Jeanne Detallante invita a todos a vivir una Navidad encantada, alejada de todo minimalismo.\",\"breadcrumb\":{\"@id\":\"https:\/\/haussmann.galerieslafayette.com\/es\/las-colaboraciones-exclusivas-de-navidad\/#breadcrumb\"},\"inLanguage\":\"es\",\"potentialAction\":[{\"@type\":\"ReadAction\",\"target\":[\"https:\/\/haussmann.galerieslafayette.com\/es\/las-colaboraciones-exclusivas-de-navidad\/\"]}]},{\"@type\":\"ImageObject\",\"inLanguage\":\"es\",\"@id\":\"https:\/\/haussmann.galerieslafayette.com\/es\/las-colaboraciones-exclusivas-de-navidad\/#primaryimage\",\"url\":\"https:\/\/haussmann.galerieslafayette.com\/wp-content\/uploads\/2025\/10\/Label-Broche-Banniere-38.jpg\",\"contentUrl\":\"https:\/\/haussmann.galerieslafayette.com\/wp-content\/uploads\/2025\/10\/Label-Broche-Banniere-38.jpg\",\"width\":1600,\"height\":594},{\"@type\":\"BreadcrumbList\",\"@id\":\"https:\/\/haussmann.galerieslafayette.com\/es\/las-colaboraciones-exclusivas-de-navidad\/#breadcrumb\",\"itemListElement\":[{\"@type\":\"ListItem\",\"position\":1,\"name\":\"Inicio\",\"item\":\"https:\/\/haussmann.galerieslafayette.com\/es\/home-2\/\"},{\"@type\":\"ListItem\",\"position\":2,\"name\":\"Dise\u00f1o y Decoraci\u00f3n\",\"item\":\"https:\/\/haussmann.galerieslafayette.com\/es\/category\/diseno-y-decoracion\/\"},{\"@type\":\"ListItem\",\"position\":3,\"name\":\"Las colaboraciones exclusivas de Navidad\"}]},{\"@type\":\"WebSite\",\"@id\":\"https:\/\/haussmann.galerieslafayette.com\/es\/#website\",\"url\":\"https:\/\/haussmann.galerieslafayette.com\/es\/\",\"name\":\"Galeries Lafayette Paris Haussmann\",\"description\":\"La destination mode du shopping parisien\",\"publisher\":{\"@id\":\"https:\/\/haussmann.galerieslafayette.com\/es\/#organization\"},\"potentialAction\":[{\"@type\":\"SearchAction\",\"target\":{\"@type\":\"EntryPoint\",\"urlTemplate\":\"https:\/\/haussmann.galerieslafayette.com\/es\/?s={search_term_string}\"},\"query-input\":{\"@type\":\"PropertyValueSpecification\",\"valueRequired\":true,\"valueName\":\"search_term_string\"}}],\"inLanguage\":\"es\"},{\"@type\":\"Organization\",\"@id\":\"https:\/\/haussmann.galerieslafayette.com\/es\/#organization\",\"name\":\"Galeries Lafayette\",\"url\":\"https:\/\/haussmann.galerieslafayette.com\/es\/\",\"logo\":{\"@type\":\"ImageObject\",\"inLanguage\":\"es\",\"@id\":\"https:\/\/haussmann.galerieslafayette.com\/es\/#\/schema\/logo\/image\/\",\"url\":\"https:\/\/haussmann.galerieslafayette.com\/wp-content\/uploads\/2021\/03\/GL_LOGO2L_N.jpg\",\"contentUrl\":\"https:\/\/haussmann.galerieslafayette.com\/wp-content\/uploads\/2021\/03\/GL_LOGO2L_N.jpg\",\"width\":1535,\"height\":827,\"caption\":\"Galeries Lafayette\"},\"image\":{\"@id\":\"https:\/\/haussmann.galerieslafayette.com\/es\/#\/schema\/logo\/image\/\"},\"sameAs\":[\"https:\/\/www.facebook.com\/galerieslafayette\/\",\"https:\/\/x.com\/Galeries_Laf\",\"https:\/\/www.instagram.com\/galerieslafayette\/\",\"http:\/\/www.youtube.com\/user\/GaleriesLafayette1\"]},{\"@type\":\"Person\",\"@id\":\"https:\/\/haussmann.galerieslafayette.com\/es\/#\/schema\/person\/e572cf0a0fd3c3bfc2ba7cba7767110e\",\"name\":\"Margaux PESSE\",\"image\":{\"@type\":\"ImageObject\",\"inLanguage\":\"es\",\"@id\":\"https:\/\/haussmann.galerieslafayette.com\/es\/#\/schema\/person\/image\/\",\"url\":\"https:\/\/secure.gravatar.com\/avatar\/e64aa54229e1be0d894bfa479ab3749966b5dace79bd3bcd6a374df0b01e1452?s=96&d=mm&r=g\",\"contentUrl\":\"https:\/\/secure.gravatar.com\/avatar\/e64aa54229e1be0d894bfa479ab3749966b5dace79bd3bcd6a374df0b01e1452?s=96&d=mm&r=g\",\"caption\":\"Margaux PESSE\"}}]}<\/script>\n<!-- \/ Yoast SEO plugin. -->","yoast_head_json":{"title":"Las colaboraciones exclusivas de Navidad - Galeries Lafayette Paris Haussmann","description":"A partir del 12 de noviembre, Jeanne Detallante invita a todos a vivir una Navidad encantada, alejada de todo minimalismo.","robots":{"index":"index","follow":"follow","max-snippet":"max-snippet:-1","max-image-preview":"max-image-preview:large","max-video-preview":"max-video-preview:-1"},"canonical":"https:\/\/haussmann.galerieslafayette.com\/es\/las-colaboraciones-exclusivas-de-navidad\/","og_locale":"es_ES","og_type":"article","og_title":"Las colaboraciones exclusivas de Navidad - Galeries Lafayette Paris Haussmann","og_description":"A partir del 12 de noviembre, Jeanne Detallante invita a todos a vivir una Navidad encantada, alejada de todo minimalismo.","og_url":"https:\/\/haussmann.galerieslafayette.com\/es\/las-colaboraciones-exclusivas-de-navidad\/","og_site_name":"Galeries Lafayette Paris Haussmann","article_publisher":"https:\/\/www.facebook.com\/galerieslafayette\/","article_published_time":"2025-11-07T09:56:04+00:00","article_modified_time":"2025-11-14T09:05:10+00:00","og_image":[{"width":1600,"height":594,"url":"https:\/\/haussmann.galerieslafayette.com\/wp-content\/uploads\/2025\/10\/Label-Broche-Banniere-38.jpg","type":"image\/jpeg"}],"author":"Margaux PESSE","twitter_card":"summary_large_image","twitter_creator":"@Galeries_Laf","twitter_site":"@Galeries_Laf","schema":{"@context":"https:\/\/schema.org","@graph":[{"@type":"Article","@id":"https:\/\/haussmann.galerieslafayette.com\/es\/las-colaboraciones-exclusivas-de-navidad\/#article","isPartOf":{"@id":"https:\/\/haussmann.galerieslafayette.com\/es\/las-colaboraciones-exclusivas-de-navidad\/"},"author":{"name":"Margaux PESSE","@id":"https:\/\/haussmann.galerieslafayette.com\/es\/#\/schema\/person\/e572cf0a0fd3c3bfc2ba7cba7767110e"},"headline":"Las colaboraciones exclusivas de Navidad","datePublished":"2025-11-07T09:56:04+00:00","dateModified":"2025-11-14T09:05:10+00:00","mainEntityOfPage":{"@id":"https:\/\/haussmann.galerieslafayette.com\/es\/las-colaboraciones-exclusivas-de-navidad\/"},"wordCount":438,"publisher":{"@id":"https:\/\/haussmann.galerieslafayette.com\/es\/#organization"},"image":{"@id":"https:\/\/haussmann.galerieslafayette.com\/es\/las-colaboraciones-exclusivas-de-navidad\/#primaryimage"},"thumbnailUrl":"https:\/\/haussmann.galerieslafayette.com\/wp-content\/uploads\/2025\/10\/Label-Broche-Banniere-38.jpg","articleSection":["Navidad","Dise\u00f1o y Decoraci\u00f3n","Non classifi\u00e9(e)","Univers"],"inLanguage":"es"},{"@type":"WebPage","@id":"https:\/\/haussmann.galerieslafayette.com\/es\/las-colaboraciones-exclusivas-de-navidad\/","url":"https:\/\/haussmann.galerieslafayette.com\/es\/las-colaboraciones-exclusivas-de-navidad\/","name":"Las colaboraciones exclusivas de Navidad - Galeries Lafayette Paris Haussmann","isPartOf":{"@id":"https:\/\/haussmann.galerieslafayette.com\/es\/#website"},"primaryImageOfPage":{"@id":"https:\/\/haussmann.galerieslafayette.com\/es\/las-colaboraciones-exclusivas-de-navidad\/#primaryimage"},"image":{"@id":"https:\/\/haussmann.galerieslafayette.com\/es\/las-colaboraciones-exclusivas-de-navidad\/#primaryimage"},"thumbnailUrl":"https:\/\/haussmann.galerieslafayette.com\/wp-content\/uploads\/2025\/10\/Label-Broche-Banniere-38.jpg","datePublished":"2025-11-07T09:56:04+00:00","dateModified":"2025-11-14T09:05:10+00:00","description":"A partir del 12 de noviembre, Jeanne Detallante invita a todos a vivir una Navidad encantada, alejada de todo minimalismo.","breadcrumb":{"@id":"https:\/\/haussmann.galerieslafayette.com\/es\/las-colaboraciones-exclusivas-de-navidad\/#breadcrumb"},"inLanguage":"es","potentialAction":[{"@type":"ReadAction","target":["https:\/\/haussmann.galerieslafayette.com\/es\/las-colaboraciones-exclusivas-de-navidad\/"]}]},{"@type":"ImageObject","inLanguage":"es","@id":"https:\/\/haussmann.galerieslafayette.com\/es\/las-colaboraciones-exclusivas-de-navidad\/#primaryimage","url":"https:\/\/haussmann.galerieslafayette.com\/wp-content\/uploads\/2025\/10\/Label-Broche-Banniere-38.jpg","contentUrl":"https:\/\/haussmann.galerieslafayette.com\/wp-content\/uploads\/2025\/10\/Label-Broche-Banniere-38.jpg","width":1600,"height":594},{"@type":"BreadcrumbList","@id":"https:\/\/haussmann.galerieslafayette.com\/es\/las-colaboraciones-exclusivas-de-navidad\/#breadcrumb","itemListElement":[{"@type":"ListItem","position":1,"name":"Inicio","item":"https:\/\/haussmann.galerieslafayette.com\/es\/home-2\/"},{"@type":"ListItem","position":2,"name":"Dise\u00f1o y Decoraci\u00f3n","item":"https:\/\/haussmann.galerieslafayette.com\/es\/category\/diseno-y-decoracion\/"},{"@type":"ListItem","position":3,"name":"Las colaboraciones exclusivas de Navidad"}]},{"@type":"WebSite","@id":"https:\/\/haussmann.galerieslafayette.com\/es\/#website","url":"https:\/\/haussmann.galerieslafayette.com\/es\/","name":"Galeries Lafayette Paris Haussmann","description":"La destination mode du shopping parisien","publisher":{"@id":"https:\/\/haussmann.galerieslafayette.com\/es\/#organization"},"potentialAction":[{"@type":"SearchAction","target":{"@type":"EntryPoint","urlTemplate":"https:\/\/haussmann.galerieslafayette.com\/es\/?s={search_term_string}"},"query-input":{"@type":"PropertyValueSpecification","valueRequired":true,"valueName":"search_term_string"}}],"inLanguage":"es"},{"@type":"Organization","@id":"https:\/\/haussmann.galerieslafayette.com\/es\/#organization","name":"Galeries Lafayette","url":"https:\/\/haussmann.galerieslafayette.com\/es\/","logo":{"@type":"ImageObject","inLanguage":"es","@id":"https:\/\/haussmann.galerieslafayette.com\/es\/#\/schema\/logo\/image\/","url":"https:\/\/haussmann.galerieslafayette.com\/wp-content\/uploads\/2021\/03\/GL_LOGO2L_N.jpg","contentUrl":"https:\/\/haussmann.galerieslafayette.com\/wp-content\/uploads\/2021\/03\/GL_LOGO2L_N.jpg","width":1535,"height":827,"caption":"Galeries Lafayette"},"image":{"@id":"https:\/\/haussmann.galerieslafayette.com\/es\/#\/schema\/logo\/image\/"},"sameAs":["https:\/\/www.facebook.com\/galerieslafayette\/","https:\/\/x.com\/Galeries_Laf","https:\/\/www.instagram.com\/galerieslafayette\/","http:\/\/www.youtube.com\/user\/GaleriesLafayette1"]},{"@type":"Person","@id":"https:\/\/haussmann.galerieslafayette.com\/es\/#\/schema\/person\/e572cf0a0fd3c3bfc2ba7cba7767110e","name":"Margaux PESSE","image":{"@type":"ImageObject","inLanguage":"es","@id":"https:\/\/haussmann.galerieslafayette.com\/es\/#\/schema\/person\/image\/","url":"https:\/\/secure.gravatar.com\/avatar\/e64aa54229e1be0d894bfa479ab3749966b5dace79bd3bcd6a374df0b01e1452?s=96&d=mm&r=g","contentUrl":"https:\/\/secure.gravatar.com\/avatar\/e64aa54229e1be0d894bfa479ab3749966b5dace79bd3bcd6a374df0b01e1452?s=96&d=mm&r=g","caption":"Margaux PESSE"}}]}},"_links":{"self":[{"href":"https:\/\/haussmann.galerieslafayette.com\/es\/wp-json\/wp\/v2\/posts\/1303680","targetHints":{"allow":["GET"]}}],"collection":[{"href":"https:\/\/haussmann.galerieslafayette.com\/es\/wp-json\/wp\/v2\/posts"}],"about":[{"href":"https:\/\/haussmann.galerieslafayette.com\/es\/wp-json\/wp\/v2\/types\/post"}],"author":[{"embeddable":true,"href":"https:\/\/haussmann.galerieslafayette.com\/es\/wp-json\/wp\/v2\/users\/79"}],"replies":[{"embeddable":true,"href":"https:\/\/haussmann.galerieslafayette.com\/es\/wp-json\/wp\/v2\/comments?post=1303680"}],"version-history":[{"count":10,"href":"https:\/\/haussmann.galerieslafayette.com\/es\/wp-json\/wp\/v2\/posts\/1303680\/revisions"}],"predecessor-version":[{"id":1376666,"href":"https:\/\/haussmann.galerieslafayette.com\/es\/wp-json\/wp\/v2\/posts\/1303680\/revisions\/1376666"}],"wp:featuredmedia":[{"embeddable":true,"href":"https:\/\/haussmann.galerieslafayette.com\/es\/wp-json\/wp\/v2\/media\/1376737"}],"wp:attachment":[{"href":"https:\/\/haussmann.galerieslafayette.com\/es\/wp-json\/wp\/v2\/media?parent=1303680"}],"wp:term":[{"taxonomy":"category","embeddable":true,"href":"https:\/\/haussmann.galerieslafayette.com\/es\/wp-json\/wp\/v2\/categories?post=1303680"},{"taxonomy":"post_tag","embeddable":true,"href":"https:\/\/haussmann.galerieslafayette.com\/es\/wp-json\/wp\/v2\/tags?post=1303680"}],"curies":[{"name":"wp","href":"https:\/\/api.w.org\/{rel}","templated":true}]}}