{"id":1303684,"date":"2025-11-07T10:48:03","date_gmt":"2025-11-07T09:48:03","guid":{"rendered":"https:\/\/haussmann.galerieslafayette.com\/los-lugares-mas-bellos-de-paris-en-navidad\/"},"modified":"2025-11-14T14:23:32","modified_gmt":"2025-11-14T13:23:32","slug":"los-lugares-mas-bellos-de-paris-en-navidad","status":"publish","type":"post","link":"https:\/\/haussmann.galerieslafayette.com\/es\/los-lugares-mas-bellos-de-paris-en-navidad\/","title":{"rendered":"Los lugares m\u00e1s bellos de Par\u00eds en Navidad"},"content":{"rendered":"\n<figure class=\"wp-block-image aligncenter size-full\"><img fetchpriority=\"high\" decoding=\"async\" width=\"1500\" height=\"1000\" src=\"https:\/\/haussmann.galerieslafayette.com\/wp-content\/uploads\/2012\/11\/visuel-facade-noel-2.jpg\" alt=\"\" class=\"wp-image-1373094\" srcset=\"https:\/\/haussmann.galerieslafayette.com\/wp-content\/uploads\/2012\/11\/visuel-facade-noel-2.jpg 1500w, https:\/\/haussmann.galerieslafayette.com\/wp-content\/uploads\/2012\/11\/visuel-facade-noel-2-300x200.jpg 300w, https:\/\/haussmann.galerieslafayette.com\/wp-content\/uploads\/2012\/11\/visuel-facade-noel-2-1024x683.jpg 1024w, https:\/\/haussmann.galerieslafayette.com\/wp-content\/uploads\/2012\/11\/visuel-facade-noel-2-768x512.jpg 768w\" sizes=\"(max-width: 1500px) 100vw, 1500px\" \/><\/figure>\n\n\n\n<p><strong>Par\u00eds, la ciudad de la luz, no hace las cosas a medias. Dispersas por los cuatro rincones de la capital, las iluminaciones, los escaparates de las grandes tiendas o los mercadillos de Navidad est\u00e1n ah\u00ed para maravillar a grandes y peque\u00f1os.&nbsp;&nbsp;<\/strong><\/p>\n\n\n\n<p>El Boulevard Haussmann y la calle Caumartin, lugares predilectos de los duendes en busca de ideas de regalos, se iluminan a\u00fan m\u00e1s este a\u00f1o gracias al Comit\u00e9 Haussmann de Par\u00eds. En total, 1725 guirnaldas que hacen brillar miles de pares de ojos cada d\u00eda al caer la noche.<\/p>\n\n\n\n<div style=\"height:20px\" aria-hidden=\"true\" class=\"wp-block-spacer\"><\/div>\n\n\n\n<h3 class=\"wp-block-heading has-text-color\" style=\"color:#a50033\">La Torre Eiffel se ilumina<\/h3>\n\n\n\n<div class=\"wp-block-media-text is-stacked-on-mobile\"><figure class=\"wp-block-media-text__media\"><img decoding=\"async\" width=\"940\" height=\"626\" src=\"https:\/\/haussmann.galerieslafayette.com\/wp-content\/uploads\/2022\/11\/Damien_Roue_Tour_Eiffel_4-940x626-1.jpg\" alt=\"\" class=\"wp-image-1263032 size-full\" srcset=\"https:\/\/haussmann.galerieslafayette.com\/wp-content\/uploads\/2022\/11\/Damien_Roue_Tour_Eiffel_4-940x626-1.jpg 940w, https:\/\/haussmann.galerieslafayette.com\/wp-content\/uploads\/2022\/11\/Damien_Roue_Tour_Eiffel_4-940x626-1-300x200.jpg 300w, https:\/\/haussmann.galerieslafayette.com\/wp-content\/uploads\/2022\/11\/Damien_Roue_Tour_Eiffel_4-940x626-1-768x511.jpg 768w\" sizes=\"(max-width: 940px) 100vw, 940px\" \/><\/figure><div class=\"wp-block-media-text__content\">\n<p>Todas las noches, la Torre Eiffel se ilumina hasta medianoche.&nbsp;Al anochecer, las 20 000 bombillas de la Dama de Hierro se encienden para el deleite de los visitantes.&nbsp;Cada hora, durante los primeros cinco minutos, la torre centellea con miles de luces.&nbsp;En la primera planta, disfrute de una de las mejores vistas de Par\u00eds.<\/p>\n<\/div><\/div>\n\n\n\n<div style=\"height:20px\" aria-hidden=\"true\" class=\"wp-block-spacer\"><\/div>\n\n\n\n<h3 class=\"wp-block-heading has-text-color\" style=\"color:#a50033\">Las grandes tiendas Galeries Lafayette<\/h3>\n\n\n\n<div style=\"height:21px\" aria-hidden=\"true\" class=\"wp-block-spacer\"><\/div>\n\n\n\n<figure class=\"wp-block-image size-full\"><img decoding=\"async\" width=\"1500\" height=\"1000\" src=\"https:\/\/haussmann.galerieslafayette.com\/wp-content\/uploads\/2025\/10\/GALERIES-LAFAYETTE-NOEL-2025---PAUL-BLIND-DSC_2212.jpg\" alt=\"\" class=\"wp-image-1376655\" srcset=\"https:\/\/haussmann.galerieslafayette.com\/wp-content\/uploads\/2025\/10\/GALERIES-LAFAYETTE-NOEL-2025---PAUL-BLIND-DSC_2212.jpg 1500w, https:\/\/haussmann.galerieslafayette.com\/wp-content\/uploads\/2025\/10\/GALERIES-LAFAYETTE-NOEL-2025---PAUL-BLIND-DSC_2212-300x200.jpg 300w, https:\/\/haussmann.galerieslafayette.com\/wp-content\/uploads\/2025\/10\/GALERIES-LAFAYETTE-NOEL-2025---PAUL-BLIND-DSC_2212-1024x683.jpg 1024w, https:\/\/haussmann.galerieslafayette.com\/wp-content\/uploads\/2025\/10\/GALERIES-LAFAYETTE-NOEL-2025---PAUL-BLIND-DSC_2212-768x512.jpg 768w\" sizes=\"(max-width: 1500px) 100vw, 1500px\" \/><figcaption class=\"wp-element-caption\">@Paul Blind<\/figcaption><\/figure>\n\n\n\n<p>Es una tradici\u00f3n de Galeries Lafayette Paris Haussmann desde 1976. Cada invierno, los grandes almacenes se engalanan para Navidad con <strong><a href=\"https:\/\/haussmann.galerieslafayette.com\/es\/el-gran-arbol-de-navidad-y-los-escaparates-navidenos\/?utm_source=mejores-lugares-paris&amp;utm_medium=arbol-navidad\" target=\"_blank\" rel=\"noreferrer noopener\">sus escaparates<\/a><\/strong> tem\u00e1ticos exteriores que maravillan a grandes y peque\u00f1os. En el interior, la C\u00fapula acoge majestuosamente<strong><a href=\"https:\/\/haussmann.galerieslafayette.com\/es\/el-gran-arbol-de-navidad-y-los-escaparates-navidenos\/?utm_source=mejores-lugares-paris&amp;utm_medium=arbol-navidad\" target=\"_blank\" rel=\"noreferrer noopener\"> su \u00e1rbol de Navidad<\/a><\/strong> anual, que se ilumina cada 30 minutos con un espect\u00e1culo de luz y sonido. En la azotea, tendr\u00e1 acceso a la m\u00e1s m\u00e1gica de las <a href=\"https:\/\/haussmann.galerieslafayette.com\/events\/patinoire-noel\/?utm_source=endroits+de+paris&amp;utm_medium=patinoire\" target=\"_blank\" rel=\"noreferrer noopener\"><strong><strong><\/strong><\/strong><\/a><strong><strong><a href=\"https:\/\/haussmann.galerieslafayette.com\/es\/el-gran-arbol-de-navidad-y-los-escaparates-navidenos\/?utm_source=mejores-lugares-paris&amp;utm_medium=arbol-navidad\" target=\"_blank\" rel=\"noreferrer noopener\">pistas de hielo<\/a><\/strong><\/strong>. P\u00f3ngase los patines y desl\u00edcese en el entorno m\u00e1s m\u00e1gico posible: los tejados de Par\u00eds. Emociones fuertes garantizadas.<\/p>\n\n\n\n<figure class=\"wp-block-image aligncenter size-large is-resized\"><img loading=\"lazy\" decoding=\"async\" width=\"1024\" height=\"731\" src=\"https:\/\/haussmann.galerieslafayette.com\/wp-content\/uploads\/2025\/10\/Grand-Sapin-1-1024x731.jpg\" alt=\"\" class=\"wp-image-1376716\" style=\"width:528px;height:auto\" srcset=\"https:\/\/haussmann.galerieslafayette.com\/wp-content\/uploads\/2025\/10\/Grand-Sapin-1-1024x731.jpg 1024w, https:\/\/haussmann.galerieslafayette.com\/wp-content\/uploads\/2025\/10\/Grand-Sapin-1-300x214.jpg 300w, https:\/\/haussmann.galerieslafayette.com\/wp-content\/uploads\/2025\/10\/Grand-Sapin-1-768x548.jpg 768w, https:\/\/haussmann.galerieslafayette.com\/wp-content\/uploads\/2025\/10\/Grand-Sapin-1.jpg 1500w\" sizes=\"(max-width: 1024px) 100vw, 1024px\" \/><figcaption class=\"wp-element-caption\">sapin de 2025 @Thibault Voisin<\/figcaption><\/figure>\n\n\n\n<div class=\"wp-block-columns is-layout-flex wp-container-core-columns-is-layout-28f84493 wp-block-columns-is-layout-flex\">\n<div class=\"wp-block-column is-layout-flow wp-block-column-is-layout-flow\">\n<div class=\"wp-block-columns is-not-stacked-on-mobile is-layout-flex wp-container-core-columns-is-layout-28f84493 wp-block-columns-is-layout-flex\">\n<div class=\"wp-block-column is-layout-flow wp-block-column-is-layout-flow\">\n<figure class=\"wp-block-image size-full\"><img loading=\"lazy\" decoding=\"async\" width=\"1000\" height=\"800\" src=\"https:\/\/haussmann.galerieslafayette.com\/wp-content\/uploads\/2019\/11\/TVOI-241112-GALERIES-Sapin-071-V2.jpg\" alt=\"\" class=\"wp-image-1345234\" style=\"aspect-ratio:9\/16;object-fit:cover\" srcset=\"https:\/\/haussmann.galerieslafayette.com\/wp-content\/uploads\/2019\/11\/TVOI-241112-GALERIES-Sapin-071-V2.jpg 1000w, https:\/\/haussmann.galerieslafayette.com\/wp-content\/uploads\/2019\/11\/TVOI-241112-GALERIES-Sapin-071-V2-300x240.jpg 300w, https:\/\/haussmann.galerieslafayette.com\/wp-content\/uploads\/2019\/11\/TVOI-241112-GALERIES-Sapin-071-V2-768x614.jpg 768w\" sizes=\"(max-width: 1000px) 100vw, 1000px\" \/><figcaption class=\"wp-element-caption\">\u00c1rbol de Navidad, a\u00f1o 2024<\/figcaption><\/figure>\n<\/div>\n\n\n\n<div class=\"wp-block-column is-layout-flow wp-block-column-is-layout-flow\">\n<figure class=\"wp-block-image size-full\"><img loading=\"lazy\" decoding=\"async\" width=\"360\" height=\"620\" src=\"https:\/\/haussmann.galerieslafayette.com\/wp-content\/uploads\/2022\/11\/3-1.jpg\" alt=\"\" class=\"wp-image-1263446\" style=\"aspect-ratio:9\/16;object-fit:cover\" srcset=\"https:\/\/haussmann.galerieslafayette.com\/wp-content\/uploads\/2022\/11\/3-1.jpg 360w, https:\/\/haussmann.galerieslafayette.com\/wp-content\/uploads\/2022\/11\/3-1-174x300.jpg 174w\" sizes=\"(max-width: 360px) 100vw, 360px\" \/><figcaption class=\"wp-element-caption\">\u00c1rbol de Navidad, a\u00f1o 2018<\/figcaption><\/figure>\n<\/div>\n<\/div>\n<\/div>\n\n\n\n<div class=\"wp-block-column is-layout-flow wp-block-column-is-layout-flow\">\n<div class=\"wp-block-columns is-not-stacked-on-mobile is-layout-flex wp-container-core-columns-is-layout-28f84493 wp-block-columns-is-layout-flex\">\n<div class=\"wp-block-column is-layout-flow wp-block-column-is-layout-flow\">\n<figure class=\"wp-block-image size-full\"><img loading=\"lazy\" decoding=\"async\" width=\"360\" height=\"620\" src=\"https:\/\/haussmann.galerieslafayette.com\/wp-content\/uploads\/2022\/11\/1-1.jpg\" alt=\"\" class=\"wp-image-1263430\" style=\"aspect-ratio:9\/16;object-fit:cover\" srcset=\"https:\/\/haussmann.galerieslafayette.com\/wp-content\/uploads\/2022\/11\/1-1.jpg 360w, https:\/\/haussmann.galerieslafayette.com\/wp-content\/uploads\/2022\/11\/1-1-174x300.jpg 174w\" sizes=\"(max-width: 360px) 100vw, 360px\" \/><figcaption class=\"wp-element-caption\">\u00c1rbol de Navidad, a\u00f1o 2017<\/figcaption><\/figure>\n<\/div>\n\n\n\n<div class=\"wp-block-column is-layout-flow wp-block-column-is-layout-flow\">\n<figure class=\"wp-block-image size-full\"><img loading=\"lazy\" decoding=\"async\" width=\"360\" height=\"620\" src=\"https:\/\/haussmann.galerieslafayette.com\/wp-content\/uploads\/2022\/11\/2-1.jpg\" alt=\"\" class=\"wp-image-1263438\" style=\"aspect-ratio:9\/16;object-fit:cover\" srcset=\"https:\/\/haussmann.galerieslafayette.com\/wp-content\/uploads\/2022\/11\/2-1.jpg 360w, https:\/\/haussmann.galerieslafayette.com\/wp-content\/uploads\/2022\/11\/2-1-174x300.jpg 174w\" sizes=\"(max-width: 360px) 100vw, 360px\" \/><figcaption class=\"wp-element-caption\">\u00c1rbol de Navidad, a\u00f1o 1998<\/figcaption><\/figure>\n<\/div>\n<\/div>\n<\/div>\n<\/div>\n\n\n\n<div style=\"height:20px\" aria-hidden=\"true\" class=\"wp-block-spacer\"><\/div>\n\n\n\n<div class=\"wp-block-columns is-layout-flex wp-container-core-columns-is-layout-28f84493 wp-block-columns-is-layout-flex\">\n<div class=\"wp-block-column is-layout-flow wp-block-column-is-layout-flow\">\n<figure class=\"wp-block-image size-large\"><img loading=\"lazy\" decoding=\"async\" width=\"831\" height=\"1024\" src=\"https:\/\/haussmann.galerieslafayette.com\/wp-content\/uploads\/2013\/09\/Jeanne-831x1024.jpg\" alt=\"\" class=\"wp-image-1371307\" srcset=\"https:\/\/haussmann.galerieslafayette.com\/wp-content\/uploads\/2013\/09\/Jeanne-831x1024.jpg 831w, https:\/\/haussmann.galerieslafayette.com\/wp-content\/uploads\/2013\/09\/Jeanne-244x300.jpg 244w, https:\/\/haussmann.galerieslafayette.com\/wp-content\/uploads\/2013\/09\/Jeanne-768x946.jpg 768w, https:\/\/haussmann.galerieslafayette.com\/wp-content\/uploads\/2013\/09\/Jeanne.jpg 993w\" sizes=\"(max-width: 831px) 100vw, 831px\" \/><\/figure>\n<\/div>\n\n\n\n<div class=\"wp-block-column is-vertically-aligned-center is-layout-flow wp-block-column-is-layout-flow\">\n<p class=\"has-text-align-left\">Este a\u00f1o, la artista Jeanne Detallante se ha sumergido en el coraz\u00f3n de los archivos de los Grandes Almacenes y se ha impregnado de un patrimonio a\u00fan vibrante.<br>El \u00e1rbol despliega grandiosamente el esp\u00edritu de las fiestas de fin de a\u00f1o e invita al encantamiento. Est\u00e1 adornado con ilustraciones de Jeanne Detallante y envuelto en suntuosas cintas. \u00a1En total, podr\u00e1 observar 560 kg de cintas!<br><strong>Como el m\u00e1s hermoso de los regalos.<\/strong><\/p>\n\n\n\n<div class=\"wp-block-buttons is-layout-flex wp-block-buttons-is-layout-flex\">\n<div class=\"wp-block-button has-custom-font-size has-small-font-size\"><a class=\"wp-block-button__link has-background wp-element-button\" href=\"https:\/\/haussmann.galerieslafayette.com\/es\/las-colaboraciones-exclusivas-de-navidad\/?utm_source=endroit+de+paris&amp;utm_medium=collab+noel\" style=\"background-color:#a50033\">M\u00e1s informaci\u00f3n<\/a><\/div>\n<\/div>\n<\/div>\n<\/div>\n\n\n\n<div style=\"height:20px\" aria-hidden=\"true\" class=\"wp-block-spacer\"><\/div>\n\n\n\n<h3 class=\"wp-block-heading has-text-color\" style=\"color:#a50033\">Las iluminaciones de Par\u00eds<\/h3>\n\n\n\n<p>\u00a1Par\u00eds brilla con miles de luces! La ciudad de la luz hace honor a su nombre con la avenida m\u00e1s hermosa del mundo: los Campos El\u00edseos. Pasee desde el <strong>16 de noviembre de 2025 hasta principios de enero de 2026<\/strong> a lo largo de los 2 km que separan la Plaza Vend\u00f4me y su mercado navide\u00f1o del Arco de Triunfo.<\/p>\n\n\n\n<figure class=\"wp-block-image aligncenter size-full\"><img loading=\"lazy\" decoding=\"async\" width=\"600\" height=\"300\" src=\"https:\/\/haussmann.galerieslafayette.com\/wp-content\/uploads\/2022\/11\/Sans-titre-25.jpg\" alt=\"\" class=\"wp-image-1263069\" srcset=\"https:\/\/haussmann.galerieslafayette.com\/wp-content\/uploads\/2022\/11\/Sans-titre-25.jpg 600w, https:\/\/haussmann.galerieslafayette.com\/wp-content\/uploads\/2022\/11\/Sans-titre-25-300x150.jpg 300w\" sizes=\"(max-width: 600px) 100vw, 600px\" \/><figcaption class=\"wp-element-caption\">salir en Par\u00eds<\/figcaption><\/figure>\n\n\n\n<div style=\"height:20px\" aria-hidden=\"true\" class=\"wp-block-spacer\"><\/div>\n\n\n\n<h3 class=\"wp-block-heading has-text-color\" style=\"color:#a50033\">Fuegos artificiales de Fin de A\u00f1o<\/h3>\n\n\n\n<p>Venga a celebrar el A\u00f1o Nuevo, en la avenida m\u00e1s hermosa del mundo, el <strong>31 de diciembre<\/strong>. Lanzados desde el Arco de Triunfo, los fuegos artificiales comenzar\u00e1n a medianoche en punto, permiti\u00e9ndole disfrutar de un espect\u00e1culo de luz y sonido.<\/p>\n\n\n\n<figure class=\"wp-block-image aligncenter size-full\"><img loading=\"lazy\" decoding=\"async\" width=\"600\" height=\"300\" src=\"https:\/\/haussmann.galerieslafayette.com\/wp-content\/uploads\/2022\/11\/Sans-titre-24.jpg\" alt=\"\" class=\"wp-image-1263061\" srcset=\"https:\/\/haussmann.galerieslafayette.com\/wp-content\/uploads\/2022\/11\/Sans-titre-24.jpg 600w, https:\/\/haussmann.galerieslafayette.com\/wp-content\/uploads\/2022\/11\/Sans-titre-24-300x150.jpg 300w\" sizes=\"(max-width: 600px) 100vw, 600px\" \/><figcaption class=\"wp-element-caption\">nyhabitat<\/figcaption><\/figure>\n\n\n\n<h3 class=\"wp-block-heading has-text-color\" style=\"color:#a50033\">Los mercados de Navidad<\/h3>\n\n\n\n<p>Importados de Alsacia y Alemania, los mercados navide\u00f1os son los lugares m\u00e1s entra\u00f1ables de la Navidad. <\/p>\n\n\n\n<div class=\"wp-block-media-text is-stacked-on-mobile\"><figure class=\"wp-block-media-text__media\"><img loading=\"lazy\" decoding=\"async\" width=\"640\" height=\"426\" src=\"https:\/\/haussmann.galerieslafayette.com\/wp-content\/uploads\/2022\/11\/illustration-marches-de-noel-paris.jpg\" alt=\"\" class=\"wp-image-1263141 size-full\" srcset=\"https:\/\/haussmann.galerieslafayette.com\/wp-content\/uploads\/2022\/11\/illustration-marches-de-noel-paris.jpg 640w, https:\/\/haussmann.galerieslafayette.com\/wp-content\/uploads\/2022\/11\/illustration-marches-de-noel-paris-300x200.jpg 300w\" sizes=\"(max-width: 640px) 100vw, 640px\" \/><\/figure><div class=\"wp-block-media-text__content\">\n<p>A partir de<strong> mediados de noviembre<\/strong>, podr\u00e1s comprar en ellos todo lo necesario para decorar tu \u00e1rbol de Navidad. Los gourmets podr\u00e1n degustar vino caliente y especialidades locales en un ambiente cordial y agradable. Pasea por los pasillos del mercado para encontrar los \u00faltimos regalos que te faltan para poner bajo el \u00e1rbol.<\/p>\n<\/div><\/div>\n\n\n\n<div style=\"height:25px\" aria-hidden=\"true\" class=\"wp-block-spacer\"><\/div>\n\n\n\n<h3 class=\"wp-block-heading has-text-color\" style=\"color:#a50033\">La selecci\u00f3n de Galeries Lafayette<\/h3>\n\n\n\n<p>En uno de los parques m\u00e1s bellos de la capital, el mercado de Navidad del <strong>Jard\u00edn de las Tuller\u00edas<\/strong> abre sus puertas del <strong>14 de noviembre de 2025 al 4 de enero de 2026<\/strong>. En el programa: la Gran Rueda de Par\u00eds, degustaciones, pista de hielo, tiovivos y Pap\u00e1 Noel.<\/p>\n\n\n\n<p>En las alturas de la ciudad, descubra del <strong>21 de noviembre de 2025 al 4 de enero de 2026<\/strong> el pueblo navide\u00f1o de Montmartre, ubicado alrededor de la <strong>Bas\u00edlica del Sacr\u00e9-C\u0153ur<\/strong>.<\/p>\n\n\n\n<div style=\"height:26px\" aria-hidden=\"true\" class=\"wp-block-spacer\"><\/div>\n\n\n\n<h3 class=\"wp-block-heading has-text-color\" style=\"color:#a50033\">Navidad en Versalles<\/h3>\n\n\n\n<p>Para las fiestas navide\u00f1as, el castillo de Versalles se engalana con maravillosas decoraciones navide\u00f1as, con sus salas y parques iluminados para servir de tel\u00f3n de fondo a eventos y espect\u00e1culos para todas las edades. <\/p>\n\n\n\n<h4 class=\"wp-block-heading has-text-color\" style=\"color:#a50033\">El recorrido del rey, lo mejor de Galeries Lafayette Paris Haussmann<\/h4>\n\n\n\n<div class=\"wp-block-media-text is-stacked-on-mobile\"><figure class=\"wp-block-media-text__media\"><img loading=\"lazy\" decoding=\"async\" width=\"1024\" height=\"799\" src=\"https:\/\/haussmann.galerieslafayette.com\/wp-content\/uploads\/2022\/11\/8991-63442dbea4ee3-diaporama_big-1-1024x799.jpg\" alt=\"\" class=\"wp-image-1263152 size-full\" srcset=\"https:\/\/haussmann.galerieslafayette.com\/wp-content\/uploads\/2022\/11\/8991-63442dbea4ee3-diaporama_big-1-1024x799.jpg 1024w, https:\/\/haussmann.galerieslafayette.com\/wp-content\/uploads\/2022\/11\/8991-63442dbea4ee3-diaporama_big-1-300x234.jpg 300w, https:\/\/haussmann.galerieslafayette.com\/wp-content\/uploads\/2022\/11\/8991-63442dbea4ee3-diaporama_big-1-768x599.jpg 768w, https:\/\/haussmann.galerieslafayette.com\/wp-content\/uploads\/2022\/11\/8991-63442dbea4ee3-diaporama_big-1.jpg 1115w\" sizes=\"(max-width: 1024px) 100vw, 1024px\" \/><\/figure><div class=\"wp-block-media-text__content\">\n<p>Al caer la noche, <strong>sum\u00e9rjase en la atm\u00f3sfera barroca del Palacio de Versalles, para una visita-espect\u00e1culo excepcional<\/strong>. Mar\u00eda Antonieta ser\u00e1 la protagonista para hacerle vivir un momento inolvidable, que deleitar\u00e1 a peque\u00f1os y mayores! Una representaci\u00f3n que se podr\u00e1 ver del <strong>13 de diciembre de 2025 al 3 de enero de 2026.<\/strong><\/p>\n\n\n\n<div class=\"wp-block-buttons has-custom-font-size has-small-font-size is-content-justification-center is-layout-flex wp-container-core-buttons-is-layout-a89b3969 wp-block-buttons-is-layout-flex\">\n<div class=\"wp-block-button\"><a class=\"wp-block-button__link has-white-color has-text-color has-background wp-element-button\" href=\"https:\/\/www.fnacspectacles.com\/artist\/le-parcours-du-roi\/?utm_source=SAP&amp;utm_medium=dp&amp;utm_campaign=sortiraparis\" style=\"background-color:#a50033\" target=\"_blank\" rel=\"noreferrer noopener\">Entradas<\/a><\/div>\n<\/div>\n<\/div><\/div>\n\n\n\n<div style=\"height:20px\" aria-hidden=\"true\" class=\"wp-block-spacer\"><\/div>\n\n\n\n<h3 class=\"wp-block-heading has-text-color\" style=\"color:#a50033\">Disney <\/h3>\n\n\n\n<p>Del <strong>8 de noviembre de 2025 al 6 de enero de 2026<\/strong>, Disneyland Par\u00eds ofrece : <strong>la Navidad Encantada Disney<\/strong>, <strong>\u00a1para una Navidad \u00fanica y m\u00e1gica!<\/strong><\/p>\n\n\n\n<figure class=\"wp-block-image size-full\"><img loading=\"lazy\" decoding=\"async\" width=\"960\" height=\"540\" src=\"https:\/\/haussmann.galerieslafayette.com\/wp-content\/uploads\/2022\/11\/disneyland.jpg\" alt=\"\" class=\"wp-image-1262991\" srcset=\"https:\/\/haussmann.galerieslafayette.com\/wp-content\/uploads\/2022\/11\/disneyland.jpg 960w, https:\/\/haussmann.galerieslafayette.com\/wp-content\/uploads\/2022\/11\/disneyland-300x169.jpg 300w, https:\/\/haussmann.galerieslafayette.com\/wp-content\/uploads\/2022\/11\/disneyland-768x432.jpg 768w\" sizes=\"(max-width: 960px) 100vw, 960px\" \/><figcaption class=\"wp-element-caption\">Disneyland Par\u00eds<\/figcaption><\/figure>\n\n\n\n<div style=\"height:19px\" aria-hidden=\"true\" class=\"wp-block-spacer\"><\/div>\n\n\n\n<div class=\"wp-block-buttons is-content-justification-center is-layout-flex wp-container-core-buttons-is-layout-a89b3969 wp-block-buttons-is-layout-flex\">\n<div class=\"wp-block-button\"><a class=\"wp-block-button__link has-white-color has-text-color has-background wp-element-button\" href=\"https:\/\/www.disneylandparis.com\/fr-fr\/evenements\/new-years-eve\/?ecid=AFF_TD_S_2414881-19240&amp;epi=&amp;epi2=&amp;utm_source=SiteHSM&amp;utm_campaign=feud%27artifice\" style=\"background-color:#a50033\" target=\"_blank\" rel=\"noreferrer noopener\">M\u00e1s informaci\u00f3n<\/a><\/div>\n<\/div>\n","protected":false},"excerpt":{"rendered":"<p>A partir del 12 de noviembre, Galeries Lafayette Paris Haussmann se pone en modo Navidad y comparte sus lugares favoritos para no perderse ninguna de las iluminaciones parisinas.<\/p>\n","protected":false},"author":63,"featured_media":1374621,"comment_status":"closed","ping_status":"closed","sticky":false,"template":"","format":"standard","meta":{"_acf_changed":false,"footnotes":""},"categories":[1413,1433],"tags":[],"class_list":{"1":"post","5":"has-post-thumbnail"},"acf":[],"yoast_head":"<!-- This site is optimized with the Yoast SEO plugin v26.4 - https:\/\/yoast.com\/wordpress\/plugins\/seo\/ -->\n<title>Los lugares m\u00e1s bellos de Par\u00eds en Navidad - Galeries Lafayette Paris Haussmann<\/title>\n<meta name=\"description\" content=\"A partir del 12 de noviembre, Galeries Lafayette Paris Haussmann se pone en modo Navidad y comparte sus favoritos.\" \/>\n<meta name=\"robots\" content=\"index, follow, max-snippet:-1, max-image-preview:large, max-video-preview:-1\" \/>\n<link rel=\"canonical\" href=\"https:\/\/haussmann.galerieslafayette.com\/es\/los-lugares-mas-bellos-de-paris-en-navidad\/\" \/>\n<meta property=\"og:locale\" content=\"es_ES\" \/>\n<meta property=\"og:type\" content=\"article\" \/>\n<meta property=\"og:title\" content=\"Los lugares m\u00e1s bellos de Par\u00eds en Navidad - Galeries Lafayette Paris Haussmann\" \/>\n<meta property=\"og:description\" content=\"A partir del 12 de noviembre, Galeries Lafayette Paris Haussmann se pone en modo Navidad y comparte sus favoritos.\" \/>\n<meta property=\"og:url\" content=\"https:\/\/haussmann.galerieslafayette.com\/es\/los-lugares-mas-bellos-de-paris-en-navidad\/\" \/>\n<meta property=\"og:site_name\" content=\"Galeries Lafayette Paris Haussmann\" \/>\n<meta property=\"article:publisher\" content=\"https:\/\/www.facebook.com\/galerieslafayette\/\" \/>\n<meta property=\"article:published_time\" content=\"2025-11-07T09:48:03+00:00\" \/>\n<meta property=\"article:modified_time\" content=\"2025-11-14T13:23:32+00:00\" \/>\n<meta property=\"og:image\" content=\"https:\/\/haussmann.galerieslafayette.com\/wp-content\/uploads\/2025\/10\/Label-Broche-Banniere-33.jpg\" \/>\n\t<meta property=\"og:image:width\" content=\"1600\" \/>\n\t<meta property=\"og:image:height\" content=\"594\" \/>\n\t<meta property=\"og:image:type\" content=\"image\/jpeg\" \/>\n<meta name=\"author\" content=\"Romane Millasseau\" \/>\n<meta name=\"twitter:card\" content=\"summary_large_image\" \/>\n<meta name=\"twitter:creator\" content=\"@Galeries_Laf\" \/>\n<meta name=\"twitter:site\" content=\"@Galeries_Laf\" \/>\n<script type=\"application\/ld+json\" class=\"yoast-schema-graph\">{\"@context\":\"https:\/\/schema.org\",\"@graph\":[{\"@type\":\"Article\",\"@id\":\"https:\/\/haussmann.galerieslafayette.com\/es\/los-lugares-mas-bellos-de-paris-en-navidad\/#article\",\"isPartOf\":{\"@id\":\"https:\/\/haussmann.galerieslafayette.com\/es\/los-lugares-mas-bellos-de-paris-en-navidad\/\"},\"author\":{\"name\":\"Romane Millasseau\",\"@id\":\"https:\/\/haussmann.galerieslafayette.com\/es\/#\/schema\/person\/d3300b4fe2eea92e42b3214341de724a\"},\"headline\":\"Los lugares m\u00e1s bellos de Par\u00eds en Navidad\",\"datePublished\":\"2025-11-07T09:48:03+00:00\",\"dateModified\":\"2025-11-14T13:23:32+00:00\",\"mainEntityOfPage\":{\"@id\":\"https:\/\/haussmann.galerieslafayette.com\/es\/los-lugares-mas-bellos-de-paris-en-navidad\/\"},\"wordCount\":805,\"publisher\":{\"@id\":\"https:\/\/haussmann.galerieslafayette.com\/es\/#organization\"},\"image\":{\"@id\":\"https:\/\/haussmann.galerieslafayette.com\/es\/los-lugares-mas-bellos-de-paris-en-navidad\/#primaryimage\"},\"thumbnailUrl\":\"https:\/\/haussmann.galerieslafayette.com\/wp-content\/uploads\/2025\/10\/Label-Broche-Banniere-33.jpg\",\"articleSection\":[\"Navidad\",\"Contenido estacional\"],\"inLanguage\":\"es\"},{\"@type\":\"WebPage\",\"@id\":\"https:\/\/haussmann.galerieslafayette.com\/es\/los-lugares-mas-bellos-de-paris-en-navidad\/\",\"url\":\"https:\/\/haussmann.galerieslafayette.com\/es\/los-lugares-mas-bellos-de-paris-en-navidad\/\",\"name\":\"Los lugares m\u00e1s bellos de Par\u00eds en Navidad - Galeries Lafayette Paris Haussmann\",\"isPartOf\":{\"@id\":\"https:\/\/haussmann.galerieslafayette.com\/es\/#website\"},\"primaryImageOfPage\":{\"@id\":\"https:\/\/haussmann.galerieslafayette.com\/es\/los-lugares-mas-bellos-de-paris-en-navidad\/#primaryimage\"},\"image\":{\"@id\":\"https:\/\/haussmann.galerieslafayette.com\/es\/los-lugares-mas-bellos-de-paris-en-navidad\/#primaryimage\"},\"thumbnailUrl\":\"https:\/\/haussmann.galerieslafayette.com\/wp-content\/uploads\/2025\/10\/Label-Broche-Banniere-33.jpg\",\"datePublished\":\"2025-11-07T09:48:03+00:00\",\"dateModified\":\"2025-11-14T13:23:32+00:00\",\"description\":\"A partir del 12 de noviembre, Galeries Lafayette Paris Haussmann se pone en modo Navidad y comparte sus favoritos.\",\"breadcrumb\":{\"@id\":\"https:\/\/haussmann.galerieslafayette.com\/es\/los-lugares-mas-bellos-de-paris-en-navidad\/#breadcrumb\"},\"inLanguage\":\"es\",\"potentialAction\":[{\"@type\":\"ReadAction\",\"target\":[\"https:\/\/haussmann.galerieslafayette.com\/es\/los-lugares-mas-bellos-de-paris-en-navidad\/\"]}]},{\"@type\":\"ImageObject\",\"inLanguage\":\"es\",\"@id\":\"https:\/\/haussmann.galerieslafayette.com\/es\/los-lugares-mas-bellos-de-paris-en-navidad\/#primaryimage\",\"url\":\"https:\/\/haussmann.galerieslafayette.com\/wp-content\/uploads\/2025\/10\/Label-Broche-Banniere-33.jpg\",\"contentUrl\":\"https:\/\/haussmann.galerieslafayette.com\/wp-content\/uploads\/2025\/10\/Label-Broche-Banniere-33.jpg\",\"width\":1600,\"height\":594},{\"@type\":\"BreadcrumbList\",\"@id\":\"https:\/\/haussmann.galerieslafayette.com\/es\/los-lugares-mas-bellos-de-paris-en-navidad\/#breadcrumb\",\"itemListElement\":[{\"@type\":\"ListItem\",\"position\":1,\"name\":\"Inicio\",\"item\":\"https:\/\/haussmann.galerieslafayette.com\/es\/home-2\/\"},{\"@type\":\"ListItem\",\"position\":2,\"name\":\"Navidad\",\"item\":\"https:\/\/haussmann.galerieslafayette.com\/es\/category\/navidad\/\"},{\"@type\":\"ListItem\",\"position\":3,\"name\":\"Los lugares m\u00e1s bellos de Par\u00eds en Navidad\"}]},{\"@type\":\"WebSite\",\"@id\":\"https:\/\/haussmann.galerieslafayette.com\/es\/#website\",\"url\":\"https:\/\/haussmann.galerieslafayette.com\/es\/\",\"name\":\"Galeries Lafayette Paris Haussmann\",\"description\":\"La destination mode du shopping parisien\",\"publisher\":{\"@id\":\"https:\/\/haussmann.galerieslafayette.com\/es\/#organization\"},\"potentialAction\":[{\"@type\":\"SearchAction\",\"target\":{\"@type\":\"EntryPoint\",\"urlTemplate\":\"https:\/\/haussmann.galerieslafayette.com\/es\/?s={search_term_string}\"},\"query-input\":{\"@type\":\"PropertyValueSpecification\",\"valueRequired\":true,\"valueName\":\"search_term_string\"}}],\"inLanguage\":\"es\"},{\"@type\":\"Organization\",\"@id\":\"https:\/\/haussmann.galerieslafayette.com\/es\/#organization\",\"name\":\"Galeries Lafayette\",\"url\":\"https:\/\/haussmann.galerieslafayette.com\/es\/\",\"logo\":{\"@type\":\"ImageObject\",\"inLanguage\":\"es\",\"@id\":\"https:\/\/haussmann.galerieslafayette.com\/es\/#\/schema\/logo\/image\/\",\"url\":\"https:\/\/haussmann.galerieslafayette.com\/wp-content\/uploads\/2021\/03\/GL_LOGO2L_N.jpg\",\"contentUrl\":\"https:\/\/haussmann.galerieslafayette.com\/wp-content\/uploads\/2021\/03\/GL_LOGO2L_N.jpg\",\"width\":1535,\"height\":827,\"caption\":\"Galeries Lafayette\"},\"image\":{\"@id\":\"https:\/\/haussmann.galerieslafayette.com\/es\/#\/schema\/logo\/image\/\"},\"sameAs\":[\"https:\/\/www.facebook.com\/galerieslafayette\/\",\"https:\/\/x.com\/Galeries_Laf\",\"https:\/\/www.instagram.com\/galerieslafayette\/\",\"http:\/\/www.youtube.com\/user\/GaleriesLafayette1\"]},{\"@type\":\"Person\",\"@id\":\"https:\/\/haussmann.galerieslafayette.com\/es\/#\/schema\/person\/d3300b4fe2eea92e42b3214341de724a\",\"name\":\"Romane Millasseau\",\"image\":{\"@type\":\"ImageObject\",\"inLanguage\":\"es\",\"@id\":\"https:\/\/haussmann.galerieslafayette.com\/es\/#\/schema\/person\/image\/\",\"url\":\"https:\/\/secure.gravatar.com\/avatar\/5b9dac6beb2afd2bead3f760fa4cf6e13e824d6d9b7cae83e9683d818585840b?s=96&d=mm&r=g\",\"contentUrl\":\"https:\/\/secure.gravatar.com\/avatar\/5b9dac6beb2afd2bead3f760fa4cf6e13e824d6d9b7cae83e9683d818585840b?s=96&d=mm&r=g\",\"caption\":\"Romane Millasseau\"}}]}<\/script>\n<!-- \/ Yoast SEO plugin. -->","yoast_head_json":{"title":"Los lugares m\u00e1s bellos de Par\u00eds en Navidad - Galeries Lafayette Paris Haussmann","description":"A partir del 12 de noviembre, Galeries Lafayette Paris Haussmann se pone en modo Navidad y comparte sus favoritos.","robots":{"index":"index","follow":"follow","max-snippet":"max-snippet:-1","max-image-preview":"max-image-preview:large","max-video-preview":"max-video-preview:-1"},"canonical":"https:\/\/haussmann.galerieslafayette.com\/es\/los-lugares-mas-bellos-de-paris-en-navidad\/","og_locale":"es_ES","og_type":"article","og_title":"Los lugares m\u00e1s bellos de Par\u00eds en Navidad - Galeries Lafayette Paris Haussmann","og_description":"A partir del 12 de noviembre, Galeries Lafayette Paris Haussmann se pone en modo Navidad y comparte sus favoritos.","og_url":"https:\/\/haussmann.galerieslafayette.com\/es\/los-lugares-mas-bellos-de-paris-en-navidad\/","og_site_name":"Galeries Lafayette Paris Haussmann","article_publisher":"https:\/\/www.facebook.com\/galerieslafayette\/","article_published_time":"2025-11-07T09:48:03+00:00","article_modified_time":"2025-11-14T13:23:32+00:00","og_image":[{"width":1600,"height":594,"url":"https:\/\/haussmann.galerieslafayette.com\/wp-content\/uploads\/2025\/10\/Label-Broche-Banniere-33.jpg","type":"image\/jpeg"}],"author":"Romane Millasseau","twitter_card":"summary_large_image","twitter_creator":"@Galeries_Laf","twitter_site":"@Galeries_Laf","schema":{"@context":"https:\/\/schema.org","@graph":[{"@type":"Article","@id":"https:\/\/haussmann.galerieslafayette.com\/es\/los-lugares-mas-bellos-de-paris-en-navidad\/#article","isPartOf":{"@id":"https:\/\/haussmann.galerieslafayette.com\/es\/los-lugares-mas-bellos-de-paris-en-navidad\/"},"author":{"name":"Romane Millasseau","@id":"https:\/\/haussmann.galerieslafayette.com\/es\/#\/schema\/person\/d3300b4fe2eea92e42b3214341de724a"},"headline":"Los lugares m\u00e1s bellos de Par\u00eds en Navidad","datePublished":"2025-11-07T09:48:03+00:00","dateModified":"2025-11-14T13:23:32+00:00","mainEntityOfPage":{"@id":"https:\/\/haussmann.galerieslafayette.com\/es\/los-lugares-mas-bellos-de-paris-en-navidad\/"},"wordCount":805,"publisher":{"@id":"https:\/\/haussmann.galerieslafayette.com\/es\/#organization"},"image":{"@id":"https:\/\/haussmann.galerieslafayette.com\/es\/los-lugares-mas-bellos-de-paris-en-navidad\/#primaryimage"},"thumbnailUrl":"https:\/\/haussmann.galerieslafayette.com\/wp-content\/uploads\/2025\/10\/Label-Broche-Banniere-33.jpg","articleSection":["Navidad","Contenido estacional"],"inLanguage":"es"},{"@type":"WebPage","@id":"https:\/\/haussmann.galerieslafayette.com\/es\/los-lugares-mas-bellos-de-paris-en-navidad\/","url":"https:\/\/haussmann.galerieslafayette.com\/es\/los-lugares-mas-bellos-de-paris-en-navidad\/","name":"Los lugares m\u00e1s bellos de Par\u00eds en Navidad - Galeries Lafayette Paris Haussmann","isPartOf":{"@id":"https:\/\/haussmann.galerieslafayette.com\/es\/#website"},"primaryImageOfPage":{"@id":"https:\/\/haussmann.galerieslafayette.com\/es\/los-lugares-mas-bellos-de-paris-en-navidad\/#primaryimage"},"image":{"@id":"https:\/\/haussmann.galerieslafayette.com\/es\/los-lugares-mas-bellos-de-paris-en-navidad\/#primaryimage"},"thumbnailUrl":"https:\/\/haussmann.galerieslafayette.com\/wp-content\/uploads\/2025\/10\/Label-Broche-Banniere-33.jpg","datePublished":"2025-11-07T09:48:03+00:00","dateModified":"2025-11-14T13:23:32+00:00","description":"A partir del 12 de noviembre, Galeries Lafayette Paris Haussmann se pone en modo Navidad y comparte sus favoritos.","breadcrumb":{"@id":"https:\/\/haussmann.galerieslafayette.com\/es\/los-lugares-mas-bellos-de-paris-en-navidad\/#breadcrumb"},"inLanguage":"es","potentialAction":[{"@type":"ReadAction","target":["https:\/\/haussmann.galerieslafayette.com\/es\/los-lugares-mas-bellos-de-paris-en-navidad\/"]}]},{"@type":"ImageObject","inLanguage":"es","@id":"https:\/\/haussmann.galerieslafayette.com\/es\/los-lugares-mas-bellos-de-paris-en-navidad\/#primaryimage","url":"https:\/\/haussmann.galerieslafayette.com\/wp-content\/uploads\/2025\/10\/Label-Broche-Banniere-33.jpg","contentUrl":"https:\/\/haussmann.galerieslafayette.com\/wp-content\/uploads\/2025\/10\/Label-Broche-Banniere-33.jpg","width":1600,"height":594},{"@type":"BreadcrumbList","@id":"https:\/\/haussmann.galerieslafayette.com\/es\/los-lugares-mas-bellos-de-paris-en-navidad\/#breadcrumb","itemListElement":[{"@type":"ListItem","position":1,"name":"Inicio","item":"https:\/\/haussmann.galerieslafayette.com\/es\/home-2\/"},{"@type":"ListItem","position":2,"name":"Navidad","item":"https:\/\/haussmann.galerieslafayette.com\/es\/category\/navidad\/"},{"@type":"ListItem","position":3,"name":"Los lugares m\u00e1s bellos de Par\u00eds en Navidad"}]},{"@type":"WebSite","@id":"https:\/\/haussmann.galerieslafayette.com\/es\/#website","url":"https:\/\/haussmann.galerieslafayette.com\/es\/","name":"Galeries Lafayette Paris Haussmann","description":"La destination mode du shopping parisien","publisher":{"@id":"https:\/\/haussmann.galerieslafayette.com\/es\/#organization"},"potentialAction":[{"@type":"SearchAction","target":{"@type":"EntryPoint","urlTemplate":"https:\/\/haussmann.galerieslafayette.com\/es\/?s={search_term_string}"},"query-input":{"@type":"PropertyValueSpecification","valueRequired":true,"valueName":"search_term_string"}}],"inLanguage":"es"},{"@type":"Organization","@id":"https:\/\/haussmann.galerieslafayette.com\/es\/#organization","name":"Galeries Lafayette","url":"https:\/\/haussmann.galerieslafayette.com\/es\/","logo":{"@type":"ImageObject","inLanguage":"es","@id":"https:\/\/haussmann.galerieslafayette.com\/es\/#\/schema\/logo\/image\/","url":"https:\/\/haussmann.galerieslafayette.com\/wp-content\/uploads\/2021\/03\/GL_LOGO2L_N.jpg","contentUrl":"https:\/\/haussmann.galerieslafayette.com\/wp-content\/uploads\/2021\/03\/GL_LOGO2L_N.jpg","width":1535,"height":827,"caption":"Galeries Lafayette"},"image":{"@id":"https:\/\/haussmann.galerieslafayette.com\/es\/#\/schema\/logo\/image\/"},"sameAs":["https:\/\/www.facebook.com\/galerieslafayette\/","https:\/\/x.com\/Galeries_Laf","https:\/\/www.instagram.com\/galerieslafayette\/","http:\/\/www.youtube.com\/user\/GaleriesLafayette1"]},{"@type":"Person","@id":"https:\/\/haussmann.galerieslafayette.com\/es\/#\/schema\/person\/d3300b4fe2eea92e42b3214341de724a","name":"Romane Millasseau","image":{"@type":"ImageObject","inLanguage":"es","@id":"https:\/\/haussmann.galerieslafayette.com\/es\/#\/schema\/person\/image\/","url":"https:\/\/secure.gravatar.com\/avatar\/5b9dac6beb2afd2bead3f760fa4cf6e13e824d6d9b7cae83e9683d818585840b?s=96&d=mm&r=g","contentUrl":"https:\/\/secure.gravatar.com\/avatar\/5b9dac6beb2afd2bead3f760fa4cf6e13e824d6d9b7cae83e9683d818585840b?s=96&d=mm&r=g","caption":"Romane Millasseau"}}]}},"_links":{"self":[{"href":"https:\/\/haussmann.galerieslafayette.com\/es\/wp-json\/wp\/v2\/posts\/1303684","targetHints":{"allow":["GET"]}}],"collection":[{"href":"https:\/\/haussmann.galerieslafayette.com\/es\/wp-json\/wp\/v2\/posts"}],"about":[{"href":"https:\/\/haussmann.galerieslafayette.com\/es\/wp-json\/wp\/v2\/types\/post"}],"author":[{"embeddable":true,"href":"https:\/\/haussmann.galerieslafayette.com\/es\/wp-json\/wp\/v2\/users\/63"}],"replies":[{"embeddable":true,"href":"https:\/\/haussmann.galerieslafayette.com\/es\/wp-json\/wp\/v2\/comments?post=1303684"}],"version-history":[{"count":10,"href":"https:\/\/haussmann.galerieslafayette.com\/es\/wp-json\/wp\/v2\/posts\/1303684\/revisions"}],"predecessor-version":[{"id":1376903,"href":"https:\/\/haussmann.galerieslafayette.com\/es\/wp-json\/wp\/v2\/posts\/1303684\/revisions\/1376903"}],"wp:featuredmedia":[{"embeddable":true,"href":"https:\/\/haussmann.galerieslafayette.com\/es\/wp-json\/wp\/v2\/media\/1374621"}],"wp:attachment":[{"href":"https:\/\/haussmann.galerieslafayette.com\/es\/wp-json\/wp\/v2\/media?parent=1303684"}],"wp:term":[{"taxonomy":"category","embeddable":true,"href":"https:\/\/haussmann.galerieslafayette.com\/es\/wp-json\/wp\/v2\/categories?post=1303684"},{"taxonomy":"post_tag","embeddable":true,"href":"https:\/\/haussmann.galerieslafayette.com\/es\/wp-json\/wp\/v2\/tags?post=1303684"}],"curies":[{"name":"wp","href":"https:\/\/api.w.org\/{rel}","templated":true}]}}