{"id":1312200,"date":"2024-02-06T16:50:56","date_gmt":"2024-02-06T15:50:56","guid":{"rendered":"https:\/\/haussmann.galerieslafayette.com\/ferrandi-prestigiosa-clase-de-cocina-francesa-en-paris\/"},"modified":"2024-02-12T17:19:48","modified_gmt":"2024-02-12T16:19:48","slug":"ferrandi-prestigiosa-clase-de-cocina-francesa-en-paris","status":"publish","type":"post","link":"https:\/\/haussmann.galerieslafayette.com\/es\/ferrandi-prestigiosa-clase-de-cocina-francesa-en-paris\/","title":{"rendered":"Ferrandi: prestigiosa clase de cocina francesa en Par\u00eds"},"content":{"rendered":"\n<figure class=\"wp-block-image aligncenter size-full\"><img fetchpriority=\"high\" decoding=\"async\" width=\"600\" height=\"400\" src=\"https:\/\/haussmann.galerieslafayette.com\/wp-content\/uploads\/2021\/06\/FERRANDI-Paris.jpg\" alt=\"Atelier Ferrandi\" class=\"wp-image-1217793\" srcset=\"https:\/\/haussmann.galerieslafayette.com\/wp-content\/uploads\/2021\/06\/FERRANDI-Paris.jpg 600w, https:\/\/haussmann.galerieslafayette.com\/wp-content\/uploads\/2021\/06\/FERRANDI-Paris-300x200.jpg 300w\" sizes=\"(max-width: 600px) 100vw, 600px\" \/><\/figure>\n\n<h2 class=\"wp-block-heading\">clases de cocina<\/h2>\n\n<p>En una colaboraci\u00f3n exclusiva, nuestras grandes tiendas Gourmet han invitado a la prestigiosa escuela de cocina profesional Ferrandi Par\u00eds a organizar una <strong><a href=\"https:\/\/haussmann.galerieslafayette.com\/es\/events\/cursos-de-cocina-ferrandi-paris-x-galeries-lafayette\/\" target=\"_blank\" rel=\"noreferrer noopener\">serie de talleres<\/a><\/strong> pensados para ense\u00f1arle a preparar platos y postres cl\u00e1sicos dignos de elegantes restaurantes con estrellas Michelin. Aprender\u00e1 al lado de grandes chefs en grupos reducidos y descubrir\u00e1 los secretos de las recetas francesas emblem\u00e1ticas.<\/p>\n\n<h2 class=\"wp-block-heading\">Clases de cocina para gourmets<\/h2>\n\n<p>\u00a1Hay clases para todos! Desde clases de pasteler\u00eda hasta platos salados o talleres de reposter\u00eda para ni\u00f1os.<\/p>\n\n<h3 class=\"wp-block-heading has-text-align-center\">Chef\u2019s Secrets (130\u20ac)<\/h3>\n\n<figure class=\"wp-block-gallery has-nested-images columns-default is-cropped wp-block-gallery-1 is-layout-flex wp-block-gallery-is-layout-flex\">\n<figure class=\"wp-block-image size-large\"><img decoding=\"async\" width=\"1024\" height=\"683\" data-id=\"1217323\" src=\"https:\/\/haussmann.galerieslafayette.com\/wp-content\/uploads\/2021\/06\/ferrandi1710-1024x683.jpg\" alt=\"Risotto\" class=\"wp-image-1217323\" srcset=\"https:\/\/haussmann.galerieslafayette.com\/wp-content\/uploads\/2021\/06\/ferrandi1710-1024x683.jpg 1024w, https:\/\/haussmann.galerieslafayette.com\/wp-content\/uploads\/2021\/06\/ferrandi1710-300x200.jpg 300w, https:\/\/haussmann.galerieslafayette.com\/wp-content\/uploads\/2021\/06\/ferrandi1710-768x512.jpg 768w, https:\/\/haussmann.galerieslafayette.com\/wp-content\/uploads\/2021\/06\/ferrandi1710-1536x1024.jpg 1536w, https:\/\/haussmann.galerieslafayette.com\/wp-content\/uploads\/2021\/06\/ferrandi1710.jpg 2048w\" sizes=\"(max-width: 1024px) 100vw, 1024px\" \/><\/figure>\n\n\n\n<figure class=\"wp-block-image size-large\"><img decoding=\"async\" width=\"500\" height=\"500\" data-id=\"1271824\" src=\"https:\/\/haussmann.galerieslafayette.com\/wp-content\/uploads\/2021\/01\/Magret-de-canard-Ferrandi.jpg\" alt=\"\" class=\"wp-image-1271824\" srcset=\"https:\/\/haussmann.galerieslafayette.com\/wp-content\/uploads\/2021\/01\/Magret-de-canard-Ferrandi.jpg 500w, https:\/\/haussmann.galerieslafayette.com\/wp-content\/uploads\/2021\/01\/Magret-de-canard-Ferrandi-300x300.jpg 300w, https:\/\/haussmann.galerieslafayette.com\/wp-content\/uploads\/2021\/01\/Magret-de-canard-Ferrandi-150x150.jpg 150w\" sizes=\"(max-width: 500px) 100vw, 500px\" \/><\/figure>\n\n\n\n<figure class=\"wp-block-image size-large\"><img decoding=\"async\" data-id=\"1308458\" src=\"https:\/\/haussmann.galerieslafayette.com\/wp-content\/uploads\/2024\/01\/Portrait-Risotto-forestier-769x1024.jpg\" alt=\"Risotto forestier\" class=\"wp-image-1308458\"\/><\/figure>\n<\/figure>\n\n<p class=\"has-text-align-center\">Pase a la cocina con un chef de renombre y descubra los secretos de uno de los platos emblem\u00e1ticos de la <strong>cocina francesa<\/strong>. Trabajar\u00e1 con productos de temporada reci\u00e9n llegados de los mercados franceses. \u00a1Delicioso!<\/p>\n\n<h3 class=\"wp-block-heading has-text-align-center\">Baker\u2019s Secrets (130\u20ac)<\/h3>\n\n<figure class=\"wp-block-gallery has-nested-images columns-default is-cropped wp-block-gallery-2 is-layout-flex wp-block-gallery-is-layout-flex\">\n<figure class=\"wp-block-image size-large\"><img loading=\"lazy\" decoding=\"async\" width=\"500\" height=\"500\" data-id=\"1271854\" src=\"https:\/\/haussmann.galerieslafayette.com\/wp-content\/uploads\/2021\/04\/PARIS-BREST-FERRANDI.jpg\" alt=\"Paris Brest\" class=\"wp-image-1271854\" srcset=\"https:\/\/haussmann.galerieslafayette.com\/wp-content\/uploads\/2021\/04\/PARIS-BREST-FERRANDI.jpg 500w, https:\/\/haussmann.galerieslafayette.com\/wp-content\/uploads\/2021\/04\/PARIS-BREST-FERRANDI-300x300.jpg 300w, https:\/\/haussmann.galerieslafayette.com\/wp-content\/uploads\/2021\/04\/PARIS-BREST-FERRANDI-150x150.jpg 150w\" sizes=\"(max-width: 500px) 100vw, 500px\" \/><\/figure>\n\n\n\n<figure class=\"wp-block-image size-full\"><img loading=\"lazy\" decoding=\"async\" width=\"500\" height=\"500\" data-id=\"1270493\" src=\"https:\/\/haussmann.galerieslafayette.com\/wp-content\/uploads\/2022\/09\/Ferrandi-sucre.jpg\" alt=\"\" class=\"wp-image-1270493\" srcset=\"https:\/\/haussmann.galerieslafayette.com\/wp-content\/uploads\/2022\/09\/Ferrandi-sucre.jpg 500w, https:\/\/haussmann.galerieslafayette.com\/wp-content\/uploads\/2022\/09\/Ferrandi-sucre-300x300.jpg 300w, https:\/\/haussmann.galerieslafayette.com\/wp-content\/uploads\/2022\/09\/Ferrandi-sucre-150x150.jpg 150w\" sizes=\"(max-width: 500px) 100vw, 500px\" \/><\/figure>\n\n\n\n<figure class=\"wp-block-image size-large\"><img decoding=\"async\" data-id=\"1308436\" src=\"https:\/\/haussmann.galerieslafayette.com\/wp-content\/uploads\/2024\/01\/Portrait-Tarte-citron-769x1024.jpg\" alt=\"Tarte Citron\" class=\"wp-image-1308436\"\/><\/figure>\n<\/figure>\n\n<p class=\"has-text-align-center\">\u00bfQu\u00e9 es lo que no puede perderse en Par\u00eds? Los postres, por supuesto. P\u00f3ngase el gorro de chef y aprenda los trucos y consejos <strong>\u00a0<\/strong>para elaborar un postre perfecto en nuestras clases de reposter\u00eda.<\/p>\n\n<p class=\"has-text-align-center\">Ya sea principiante o un as de la cocina, apreciar\u00e1 nuestra cocina en grupo: el chef le ense\u00f1ar\u00e1 la receta paso a paso sin olvidarse de nadie. Tambi\u00e9n se imparten talleres tem\u00e1ticos en funci\u00f3n de los momentos destacados del a\u00f1o (Reyes, Pascua, Navidad&#8230;). Por \u00faltimo, pero no menos importante: impartimos clases de cocina para angloparlantes previa solicitud.<\/p>\n\n<h3 class=\"wp-block-heading has-text-align-center\">Programa de las clases de cocina francesa en Par\u00eds<\/h3>\n\n<p>&#8211; Su chef le recibir\u00e1 para hacer las presentaciones y descubrir la cocina en la que tendr\u00e1 la oportunidad de aprender una receta emblem\u00e1tica de gastronom\u00eda francesa.<\/p>\n\n<p>&#8211; A continuaci\u00f3n, se pondr\u00e1 detr\u00e1s de los fogones y seguir\u00e1 los consejos de su chef para sacar el m\u00e1ximo partido a su clase de cocina. <\/p>\n\n<p>&#8211; Realizar\u00e1 las diferentes etapas de preparaci\u00f3n con un grupo reducido (no m\u00e1s de 6 personas) y tendr\u00e1 la suerte de estar cerca de su chef.<\/p>\n\n<p>&#8211; Descubrir\u00e1 muchos trucos que podr\u00e1 reproducir a diario en su casa para que sus platos y postres sean irresistibles.<\/p>\n\n<p>&#8211; La guinda del pastel: \u00a1podr\u00e1 llevarse su creaci\u00f3n para disfrutarla con su familia o amigos!<\/p>\n\n<h2 class=\"wp-block-heading\">Ferrandi Par\u00eds: los maestros de la cocina francesa<\/h2>\n\n<p>Ferrandi Paris, una de las escuelas de gastronom\u00eda y hosteler\u00eda m\u00e1s prestigiosas del mundo, se cre\u00f3 hace 100 a\u00f1os y es conocida por su nivel de excelencia. De esta escuela salieron muchos chefs distinguidos, reconocidos por sus obras culinarias de autor y su talento para la innovaci\u00f3n. Entre ellos se encuentran muchos chefs con estrellas Michelin, como Tomy Gousset, Arnaud Donckele, Adeline Grattard y grandes artesanos, como Gontran Cherrier, considerado como uno de los mejores panaderos-reposteros de Par\u00eds y propietario de siete panader\u00edas-reposter\u00edas en todo el mundo. <\/p>\n\n<p>M\u00e1s que una escuela de gastronom\u00eda, Ferrandi es un lugar \u00fanico donde la cocina se encuentra con la ciencia, el arte, la tecnolog\u00eda y la innovaci\u00f3n, formando un  flujo constante de descubrimientos, inspiraciones e intercambios. Aqu\u00ed, los mayores profesionales del sector se re\u00fanen ante un reto de renovaci\u00f3n en la creatividad culinaria y la hosteler\u00eda. \u00a1Galeries Lafayette ha elegido al mejor aliado para sus clases de cocina francesa en Par\u00eds!<\/p>\n\n<h3 class=\"wp-block-heading\">Prestigiosos exalumnos de Ferrandi Par\u00eds<\/h3>\n\n<figure class=\"wp-block-image aligncenter size-large is-resized\"><img decoding=\"async\" src=\"https:\/\/haussmann.galerieslafayette.com\/wp-content\/uploads\/2021\/06\/atelier05-1024x683.jpg\" alt=\"Atelier Ferrandi\" class=\"wp-image-1217243\" style=\"width:700px\"\/><\/figure>\n\n<p>Son muchos los chefs con estrellas Michelin que han estudiado en la Escuela Ferrandi de Par\u00eds. En ella aprender\u00e1 los secretos de la comida francesa con el personal m\u00e1s selecto. Le presentamos a dos chefs emblem\u00e1ticos para hacerle la boca agua.<\/p>\n\n<h4 class=\"wp-block-heading\">Arnaud Donckele<\/h4>\n\n<p>En 2019 fue nombrado Mejor Chef con Estrella del mundo por sus hom\u00f3logos y nominado a Chef del A\u00f1o por el Gault et Millau. A <strong>Arnaud Donckele<\/strong> se le reconoce por su creatividad, profesionalidad y la poes\u00eda de su cocina tradicional francesa. Es un apasionado de la naturaleza y de los productos locales.<\/p>\n\n<p>Galardonado con tres estrellas Michelin en 2013 por su restaurante de Saint Tropez La Vague d&#8217;Or, este artista excepcional acaba de lograr una haza\u00f1a ins\u00f3lita: conseguir tres macarrones de una vez seis meses despu\u00e9s de la apertura de Pl\u00e9nitude, una joya gastron\u00f3mica situada e el centro de Par\u00eds.<\/p>\n\n<h4 class=\"wp-block-heading\">Tomy Gousset<\/h4>\n\n<p>Tomy Gousset est\u00e1 muy orgulloso de su restaurante Tomy &amp; Co, puesto que ha conservado su estrella Michelin tras obtener este prestigioso reconocimiento por primera vez en 2019. Su segundo establecimiento, Hugo &amp; Co, recibi\u00f3 la distinci\u00f3n de mejor bistr\u00f3 del a\u00f1o de Gault &amp; Millau en 2019. Su \u00faltimo restaurante de sabor mediterr\u00e1neo Marso &amp; Co, inaugurado en 2019, ha conseguido hacerse un hueco en el panorama de los restaurantes parisinos de prestigio.<\/p>\n\n<h2 class=\"wp-block-heading\">\u00bfQuiere cocinar como un chef en su casa?<\/h2>\n\n<figure class=\"wp-block-image aligncenter size-large is-resized\"><img loading=\"lazy\" decoding=\"async\" width=\"1024\" height=\"683\" src=\"https:\/\/haussmann.galerieslafayette.com\/wp-content\/uploads\/2021\/06\/atelier04-1024x683.jpg\" alt=\"Atelier Ferrandi\" class=\"wp-image-1217251\" style=\"width:700px\" srcset=\"https:\/\/haussmann.galerieslafayette.com\/wp-content\/uploads\/2021\/06\/atelier04-1024x683.jpg 1024w, https:\/\/haussmann.galerieslafayette.com\/wp-content\/uploads\/2021\/06\/atelier04-300x200.jpg 300w, https:\/\/haussmann.galerieslafayette.com\/wp-content\/uploads\/2021\/06\/atelier04-768x512.jpg 768w, https:\/\/haussmann.galerieslafayette.com\/wp-content\/uploads\/2021\/06\/atelier04-1536x1024.jpg 1536w, https:\/\/haussmann.galerieslafayette.com\/wp-content\/uploads\/2021\/06\/atelier04.jpg 2048w\" sizes=\"(max-width: 1024px) 100vw, 1024px\" \/><\/figure>\n\n<p>Para mimar a\u00fan m\u00e1s su paladar y para que pueda prolongar la experiencia en su casa, encontrar\u00e1 los productos de alta calidad utilizados en el taller en la tienda de la Maison &amp; Gourmet. Tambi\u00e9n le recomendamos la biblia de la cocina francesa: <em>Le grand cours de cuisine Ferrandi<\/em>, libro de referencia que refleja la pedagog\u00eda de las escuelas de cocina profesionales. En \u00e9l se hace hincapi\u00e9 en la precisi\u00f3n del gesto y en la adquisici\u00f3n de secretos del oficio gracias a los pasos detallados y a las recetas presentadas en tres niveles de dificultad.<\/p>\n\n<h2 class=\"wp-block-heading\">Opiniones de clientes sobre los cursos de cocina tradicional francesa de Galeries Lafayette<\/h2>\n\n<p><em>\u00abComo \u00e9ramos pocos participantes, nos asesoraban individualmente\u00bb<\/em>. \u2013 J\u00e9r\u00f4me, mayo de 2022<\/p>\n\n<p><em>\u00abPara ser la primera participaci\u00f3n, me encant\u00f3 la receta que preparamos y degustamos. El instructor fue muy did\u00e1ctico y, como premio, nos fuimos con un delantal precioso\u00bb. &#8211; Germain, diciembre de 2022<\/em><\/p>\n","protected":false},"excerpt":{"rendered":"<p>Junto con la moda y el arte, la gastronom\u00eda ocupa un lugar central en la cultura francesa. A las pruebas nos remitimos: Francia cuenta con m\u00e1s de 600 restaurantes con estrellas. Si quiere llegar hasta ellas y aprender sabrosas recetas con reconocidos chefs, ap\u00fantese a una clase de cocina en Galer\u00edas Lafayette. <\/p>\n","protected":false},"author":68,"featured_media":1226672,"comment_status":"closed","ping_status":"closed","sticky":false,"template":"","format":"standard","meta":{"_acf_changed":false,"footnotes":""},"categories":[1408,1421,1407],"tags":[],"class_list":{"1":"post","5":"has-post-thumbnail"},"acf":[],"yoast_head":"<!-- This site is optimized with the Yoast SEO plugin v26.4 - https:\/\/yoast.com\/wordpress\/plugins\/seo\/ -->\n<title>Ferrandi: prestigiosa clase de cocina francesa en Par\u00eds - Galeries Lafayette Paris Haussmann<\/title>\n<meta name=\"description\" content=\"\u00bfQuiere aprender los secretos de la cocina francesa? Ap\u00fantese a las clases de cocina en Galeries Lafayette y aprenda a cocinar platos emblem\u00e1ticos de la cocina tradicional francesa.\" \/>\n<meta name=\"robots\" content=\"index, follow, max-snippet:-1, max-image-preview:large, max-video-preview:-1\" \/>\n<link rel=\"canonical\" href=\"https:\/\/haussmann.galerieslafayette.com\/es\/ferrandi-prestigiosa-clase-de-cocina-francesa-en-paris\/\" \/>\n<meta property=\"og:locale\" content=\"es_ES\" \/>\n<meta property=\"og:type\" content=\"article\" \/>\n<meta property=\"og:title\" content=\"Ferrandi: prestigiosa clase de cocina francesa en Par\u00eds - Galeries Lafayette Paris Haussmann\" \/>\n<meta property=\"og:description\" content=\"\u00bfQuiere aprender los secretos de la cocina francesa? Ap\u00fantese a las clases de cocina en Galeries Lafayette y aprenda a cocinar platos emblem\u00e1ticos de la cocina tradicional francesa.\" \/>\n<meta property=\"og:url\" content=\"https:\/\/haussmann.galerieslafayette.com\/es\/ferrandi-prestigiosa-clase-de-cocina-francesa-en-paris\/\" \/>\n<meta property=\"og:site_name\" content=\"Galeries Lafayette Paris Haussmann\" \/>\n<meta property=\"article:publisher\" content=\"https:\/\/www.facebook.com\/galerieslafayette\/\" \/>\n<meta property=\"article:published_time\" content=\"2024-02-06T15:50:56+00:00\" \/>\n<meta property=\"article:modified_time\" content=\"2024-02-12T16:19:48+00:00\" \/>\n<meta property=\"og:image\" content=\"https:\/\/haussmann.galerieslafayette.com\/wp-content\/uploads\/2021\/01\/cours-cuisine-ferrandi.jpg\" \/>\n\t<meta property=\"og:image:width\" content=\"1600\" \/>\n\t<meta property=\"og:image:height\" content=\"594\" \/>\n\t<meta property=\"og:image:type\" content=\"image\/jpeg\" \/>\n<meta name=\"author\" content=\"Jade Delsolle\" \/>\n<meta name=\"twitter:card\" content=\"summary_large_image\" \/>\n<meta name=\"twitter:creator\" content=\"@Galeries_Laf\" \/>\n<meta name=\"twitter:site\" content=\"@Galeries_Laf\" \/>\n<script type=\"application\/ld+json\" class=\"yoast-schema-graph\">{\"@context\":\"https:\/\/schema.org\",\"@graph\":[{\"@type\":\"Article\",\"@id\":\"https:\/\/haussmann.galerieslafayette.com\/es\/ferrandi-prestigiosa-clase-de-cocina-francesa-en-paris\/#article\",\"isPartOf\":{\"@id\":\"https:\/\/haussmann.galerieslafayette.com\/es\/ferrandi-prestigiosa-clase-de-cocina-francesa-en-paris\/\"},\"author\":{\"name\":\"Jade Delsolle\",\"@id\":\"https:\/\/haussmann.galerieslafayette.com\/es\/#\/schema\/person\/e239701fecac3263cb28579922699ab0\"},\"headline\":\"Ferrandi: prestigiosa clase de cocina francesa en Par\u00eds\",\"datePublished\":\"2024-02-06T15:50:56+00:00\",\"dateModified\":\"2024-02-12T16:19:48+00:00\",\"mainEntityOfPage\":{\"@id\":\"https:\/\/haussmann.galerieslafayette.com\/es\/ferrandi-prestigiosa-clase-de-cocina-francesa-en-paris\/\"},\"wordCount\":959,\"publisher\":{\"@id\":\"https:\/\/haussmann.galerieslafayette.com\/es\/#organization\"},\"image\":{\"@id\":\"https:\/\/haussmann.galerieslafayette.com\/es\/ferrandi-prestigiosa-clase-de-cocina-francesa-en-paris\/#primaryimage\"},\"thumbnailUrl\":\"https:\/\/haussmann.galerieslafayette.com\/wp-content\/uploads\/2021\/01\/cours-cuisine-ferrandi.jpg\",\"articleSection\":[\"Consejos para viajar a Par\u00eds\",\"Cosas que hacer en Par\u00eds\",\"Viajes\"],\"inLanguage\":\"es\"},{\"@type\":\"WebPage\",\"@id\":\"https:\/\/haussmann.galerieslafayette.com\/es\/ferrandi-prestigiosa-clase-de-cocina-francesa-en-paris\/\",\"url\":\"https:\/\/haussmann.galerieslafayette.com\/es\/ferrandi-prestigiosa-clase-de-cocina-francesa-en-paris\/\",\"name\":\"Ferrandi: prestigiosa clase de cocina francesa en Par\u00eds - Galeries Lafayette Paris Haussmann\",\"isPartOf\":{\"@id\":\"https:\/\/haussmann.galerieslafayette.com\/es\/#website\"},\"primaryImageOfPage\":{\"@id\":\"https:\/\/haussmann.galerieslafayette.com\/es\/ferrandi-prestigiosa-clase-de-cocina-francesa-en-paris\/#primaryimage\"},\"image\":{\"@id\":\"https:\/\/haussmann.galerieslafayette.com\/es\/ferrandi-prestigiosa-clase-de-cocina-francesa-en-paris\/#primaryimage\"},\"thumbnailUrl\":\"https:\/\/haussmann.galerieslafayette.com\/wp-content\/uploads\/2021\/01\/cours-cuisine-ferrandi.jpg\",\"datePublished\":\"2024-02-06T15:50:56+00:00\",\"dateModified\":\"2024-02-12T16:19:48+00:00\",\"description\":\"\u00bfQuiere aprender los secretos de la cocina francesa? Ap\u00fantese a las clases de cocina en Galeries Lafayette y aprenda a cocinar platos emblem\u00e1ticos de la cocina tradicional francesa.\",\"breadcrumb\":{\"@id\":\"https:\/\/haussmann.galerieslafayette.com\/es\/ferrandi-prestigiosa-clase-de-cocina-francesa-en-paris\/#breadcrumb\"},\"inLanguage\":\"es\",\"potentialAction\":[{\"@type\":\"ReadAction\",\"target\":[\"https:\/\/haussmann.galerieslafayette.com\/es\/ferrandi-prestigiosa-clase-de-cocina-francesa-en-paris\/\"]}]},{\"@type\":\"ImageObject\",\"inLanguage\":\"es\",\"@id\":\"https:\/\/haussmann.galerieslafayette.com\/es\/ferrandi-prestigiosa-clase-de-cocina-francesa-en-paris\/#primaryimage\",\"url\":\"https:\/\/haussmann.galerieslafayette.com\/wp-content\/uploads\/2021\/01\/cours-cuisine-ferrandi.jpg\",\"contentUrl\":\"https:\/\/haussmann.galerieslafayette.com\/wp-content\/uploads\/2021\/01\/cours-cuisine-ferrandi.jpg\",\"width\":1600,\"height\":594,\"caption\":\"Cours de cuisine Ferrandi Paris\"},{\"@type\":\"BreadcrumbList\",\"@id\":\"https:\/\/haussmann.galerieslafayette.com\/es\/ferrandi-prestigiosa-clase-de-cocina-francesa-en-paris\/#breadcrumb\",\"itemListElement\":[{\"@type\":\"ListItem\",\"position\":1,\"name\":\"Inicio\",\"item\":\"https:\/\/haussmann.galerieslafayette.com\/es\/home-2\/\"},{\"@type\":\"ListItem\",\"position\":2,\"name\":\"Viajes\",\"item\":\"https:\/\/haussmann.galerieslafayette.com\/es\/category\/viajes\/\"},{\"@type\":\"ListItem\",\"position\":3,\"name\":\"Cosas que hacer en Par\u00eds\",\"item\":\"https:\/\/haussmann.galerieslafayette.com\/es\/category\/viajes\/cosas-que-hacer-en-paris\/\"},{\"@type\":\"ListItem\",\"position\":4,\"name\":\"Ferrandi: prestigiosa clase de cocina francesa en Par\u00eds\"}]},{\"@type\":\"WebSite\",\"@id\":\"https:\/\/haussmann.galerieslafayette.com\/es\/#website\",\"url\":\"https:\/\/haussmann.galerieslafayette.com\/es\/\",\"name\":\"Galeries Lafayette Paris Haussmann\",\"description\":\"La destination mode du shopping parisien\",\"publisher\":{\"@id\":\"https:\/\/haussmann.galerieslafayette.com\/es\/#organization\"},\"potentialAction\":[{\"@type\":\"SearchAction\",\"target\":{\"@type\":\"EntryPoint\",\"urlTemplate\":\"https:\/\/haussmann.galerieslafayette.com\/es\/?s={search_term_string}\"},\"query-input\":{\"@type\":\"PropertyValueSpecification\",\"valueRequired\":true,\"valueName\":\"search_term_string\"}}],\"inLanguage\":\"es\"},{\"@type\":\"Organization\",\"@id\":\"https:\/\/haussmann.galerieslafayette.com\/es\/#organization\",\"name\":\"Galeries Lafayette\",\"url\":\"https:\/\/haussmann.galerieslafayette.com\/es\/\",\"logo\":{\"@type\":\"ImageObject\",\"inLanguage\":\"es\",\"@id\":\"https:\/\/haussmann.galerieslafayette.com\/es\/#\/schema\/logo\/image\/\",\"url\":\"https:\/\/haussmann.galerieslafayette.com\/wp-content\/uploads\/2021\/03\/GL_LOGO2L_N.jpg\",\"contentUrl\":\"https:\/\/haussmann.galerieslafayette.com\/wp-content\/uploads\/2021\/03\/GL_LOGO2L_N.jpg\",\"width\":1535,\"height\":827,\"caption\":\"Galeries Lafayette\"},\"image\":{\"@id\":\"https:\/\/haussmann.galerieslafayette.com\/es\/#\/schema\/logo\/image\/\"},\"sameAs\":[\"https:\/\/www.facebook.com\/galerieslafayette\/\",\"https:\/\/x.com\/Galeries_Laf\",\"https:\/\/www.instagram.com\/galerieslafayette\/\",\"http:\/\/www.youtube.com\/user\/GaleriesLafayette1\"]},{\"@type\":\"Person\",\"@id\":\"https:\/\/haussmann.galerieslafayette.com\/es\/#\/schema\/person\/e239701fecac3263cb28579922699ab0\",\"name\":\"Jade Delsolle\",\"image\":{\"@type\":\"ImageObject\",\"inLanguage\":\"es\",\"@id\":\"https:\/\/haussmann.galerieslafayette.com\/es\/#\/schema\/person\/image\/\",\"url\":\"https:\/\/secure.gravatar.com\/avatar\/bbf33f2906f04820c01ecf1a7c3c12b5aa857128b4d01b9c1d1dcf28bec604b0?s=96&d=mm&r=g\",\"contentUrl\":\"https:\/\/secure.gravatar.com\/avatar\/bbf33f2906f04820c01ecf1a7c3c12b5aa857128b4d01b9c1d1dcf28bec604b0?s=96&d=mm&r=g\",\"caption\":\"Jade Delsolle\"}}]}<\/script>\n<!-- \/ Yoast SEO plugin. -->","yoast_head_json":{"title":"Ferrandi: prestigiosa clase de cocina francesa en Par\u00eds - Galeries Lafayette Paris Haussmann","description":"\u00bfQuiere aprender los secretos de la cocina francesa? Ap\u00fantese a las clases de cocina en Galeries Lafayette y aprenda a cocinar platos emblem\u00e1ticos de la cocina tradicional francesa.","robots":{"index":"index","follow":"follow","max-snippet":"max-snippet:-1","max-image-preview":"max-image-preview:large","max-video-preview":"max-video-preview:-1"},"canonical":"https:\/\/haussmann.galerieslafayette.com\/es\/ferrandi-prestigiosa-clase-de-cocina-francesa-en-paris\/","og_locale":"es_ES","og_type":"article","og_title":"Ferrandi: prestigiosa clase de cocina francesa en Par\u00eds - Galeries Lafayette Paris Haussmann","og_description":"\u00bfQuiere aprender los secretos de la cocina francesa? Ap\u00fantese a las clases de cocina en Galeries Lafayette y aprenda a cocinar platos emblem\u00e1ticos de la cocina tradicional francesa.","og_url":"https:\/\/haussmann.galerieslafayette.com\/es\/ferrandi-prestigiosa-clase-de-cocina-francesa-en-paris\/","og_site_name":"Galeries Lafayette Paris Haussmann","article_publisher":"https:\/\/www.facebook.com\/galerieslafayette\/","article_published_time":"2024-02-06T15:50:56+00:00","article_modified_time":"2024-02-12T16:19:48+00:00","og_image":[{"width":1600,"height":594,"url":"https:\/\/haussmann.galerieslafayette.com\/wp-content\/uploads\/2021\/01\/cours-cuisine-ferrandi.jpg","type":"image\/jpeg"}],"author":"Jade Delsolle","twitter_card":"summary_large_image","twitter_creator":"@Galeries_Laf","twitter_site":"@Galeries_Laf","schema":{"@context":"https:\/\/schema.org","@graph":[{"@type":"Article","@id":"https:\/\/haussmann.galerieslafayette.com\/es\/ferrandi-prestigiosa-clase-de-cocina-francesa-en-paris\/#article","isPartOf":{"@id":"https:\/\/haussmann.galerieslafayette.com\/es\/ferrandi-prestigiosa-clase-de-cocina-francesa-en-paris\/"},"author":{"name":"Jade Delsolle","@id":"https:\/\/haussmann.galerieslafayette.com\/es\/#\/schema\/person\/e239701fecac3263cb28579922699ab0"},"headline":"Ferrandi: prestigiosa clase de cocina francesa en Par\u00eds","datePublished":"2024-02-06T15:50:56+00:00","dateModified":"2024-02-12T16:19:48+00:00","mainEntityOfPage":{"@id":"https:\/\/haussmann.galerieslafayette.com\/es\/ferrandi-prestigiosa-clase-de-cocina-francesa-en-paris\/"},"wordCount":959,"publisher":{"@id":"https:\/\/haussmann.galerieslafayette.com\/es\/#organization"},"image":{"@id":"https:\/\/haussmann.galerieslafayette.com\/es\/ferrandi-prestigiosa-clase-de-cocina-francesa-en-paris\/#primaryimage"},"thumbnailUrl":"https:\/\/haussmann.galerieslafayette.com\/wp-content\/uploads\/2021\/01\/cours-cuisine-ferrandi.jpg","articleSection":["Consejos para viajar a Par\u00eds","Cosas que hacer en Par\u00eds","Viajes"],"inLanguage":"es"},{"@type":"WebPage","@id":"https:\/\/haussmann.galerieslafayette.com\/es\/ferrandi-prestigiosa-clase-de-cocina-francesa-en-paris\/","url":"https:\/\/haussmann.galerieslafayette.com\/es\/ferrandi-prestigiosa-clase-de-cocina-francesa-en-paris\/","name":"Ferrandi: prestigiosa clase de cocina francesa en Par\u00eds - Galeries Lafayette Paris Haussmann","isPartOf":{"@id":"https:\/\/haussmann.galerieslafayette.com\/es\/#website"},"primaryImageOfPage":{"@id":"https:\/\/haussmann.galerieslafayette.com\/es\/ferrandi-prestigiosa-clase-de-cocina-francesa-en-paris\/#primaryimage"},"image":{"@id":"https:\/\/haussmann.galerieslafayette.com\/es\/ferrandi-prestigiosa-clase-de-cocina-francesa-en-paris\/#primaryimage"},"thumbnailUrl":"https:\/\/haussmann.galerieslafayette.com\/wp-content\/uploads\/2021\/01\/cours-cuisine-ferrandi.jpg","datePublished":"2024-02-06T15:50:56+00:00","dateModified":"2024-02-12T16:19:48+00:00","description":"\u00bfQuiere aprender los secretos de la cocina francesa? Ap\u00fantese a las clases de cocina en Galeries Lafayette y aprenda a cocinar platos emblem\u00e1ticos de la cocina tradicional francesa.","breadcrumb":{"@id":"https:\/\/haussmann.galerieslafayette.com\/es\/ferrandi-prestigiosa-clase-de-cocina-francesa-en-paris\/#breadcrumb"},"inLanguage":"es","potentialAction":[{"@type":"ReadAction","target":["https:\/\/haussmann.galerieslafayette.com\/es\/ferrandi-prestigiosa-clase-de-cocina-francesa-en-paris\/"]}]},{"@type":"ImageObject","inLanguage":"es","@id":"https:\/\/haussmann.galerieslafayette.com\/es\/ferrandi-prestigiosa-clase-de-cocina-francesa-en-paris\/#primaryimage","url":"https:\/\/haussmann.galerieslafayette.com\/wp-content\/uploads\/2021\/01\/cours-cuisine-ferrandi.jpg","contentUrl":"https:\/\/haussmann.galerieslafayette.com\/wp-content\/uploads\/2021\/01\/cours-cuisine-ferrandi.jpg","width":1600,"height":594,"caption":"Cours de cuisine Ferrandi Paris"},{"@type":"BreadcrumbList","@id":"https:\/\/haussmann.galerieslafayette.com\/es\/ferrandi-prestigiosa-clase-de-cocina-francesa-en-paris\/#breadcrumb","itemListElement":[{"@type":"ListItem","position":1,"name":"Inicio","item":"https:\/\/haussmann.galerieslafayette.com\/es\/home-2\/"},{"@type":"ListItem","position":2,"name":"Viajes","item":"https:\/\/haussmann.galerieslafayette.com\/es\/category\/viajes\/"},{"@type":"ListItem","position":3,"name":"Cosas que hacer en Par\u00eds","item":"https:\/\/haussmann.galerieslafayette.com\/es\/category\/viajes\/cosas-que-hacer-en-paris\/"},{"@type":"ListItem","position":4,"name":"Ferrandi: prestigiosa clase de cocina francesa en Par\u00eds"}]},{"@type":"WebSite","@id":"https:\/\/haussmann.galerieslafayette.com\/es\/#website","url":"https:\/\/haussmann.galerieslafayette.com\/es\/","name":"Galeries Lafayette Paris Haussmann","description":"La destination mode du shopping parisien","publisher":{"@id":"https:\/\/haussmann.galerieslafayette.com\/es\/#organization"},"potentialAction":[{"@type":"SearchAction","target":{"@type":"EntryPoint","urlTemplate":"https:\/\/haussmann.galerieslafayette.com\/es\/?s={search_term_string}"},"query-input":{"@type":"PropertyValueSpecification","valueRequired":true,"valueName":"search_term_string"}}],"inLanguage":"es"},{"@type":"Organization","@id":"https:\/\/haussmann.galerieslafayette.com\/es\/#organization","name":"Galeries Lafayette","url":"https:\/\/haussmann.galerieslafayette.com\/es\/","logo":{"@type":"ImageObject","inLanguage":"es","@id":"https:\/\/haussmann.galerieslafayette.com\/es\/#\/schema\/logo\/image\/","url":"https:\/\/haussmann.galerieslafayette.com\/wp-content\/uploads\/2021\/03\/GL_LOGO2L_N.jpg","contentUrl":"https:\/\/haussmann.galerieslafayette.com\/wp-content\/uploads\/2021\/03\/GL_LOGO2L_N.jpg","width":1535,"height":827,"caption":"Galeries Lafayette"},"image":{"@id":"https:\/\/haussmann.galerieslafayette.com\/es\/#\/schema\/logo\/image\/"},"sameAs":["https:\/\/www.facebook.com\/galerieslafayette\/","https:\/\/x.com\/Galeries_Laf","https:\/\/www.instagram.com\/galerieslafayette\/","http:\/\/www.youtube.com\/user\/GaleriesLafayette1"]},{"@type":"Person","@id":"https:\/\/haussmann.galerieslafayette.com\/es\/#\/schema\/person\/e239701fecac3263cb28579922699ab0","name":"Jade Delsolle","image":{"@type":"ImageObject","inLanguage":"es","@id":"https:\/\/haussmann.galerieslafayette.com\/es\/#\/schema\/person\/image\/","url":"https:\/\/secure.gravatar.com\/avatar\/bbf33f2906f04820c01ecf1a7c3c12b5aa857128b4d01b9c1d1dcf28bec604b0?s=96&d=mm&r=g","contentUrl":"https:\/\/secure.gravatar.com\/avatar\/bbf33f2906f04820c01ecf1a7c3c12b5aa857128b4d01b9c1d1dcf28bec604b0?s=96&d=mm&r=g","caption":"Jade Delsolle"}}]}},"_links":{"self":[{"href":"https:\/\/haussmann.galerieslafayette.com\/es\/wp-json\/wp\/v2\/posts\/1312200","targetHints":{"allow":["GET"]}}],"collection":[{"href":"https:\/\/haussmann.galerieslafayette.com\/es\/wp-json\/wp\/v2\/posts"}],"about":[{"href":"https:\/\/haussmann.galerieslafayette.com\/es\/wp-json\/wp\/v2\/types\/post"}],"author":[{"embeddable":true,"href":"https:\/\/haussmann.galerieslafayette.com\/es\/wp-json\/wp\/v2\/users\/68"}],"replies":[{"embeddable":true,"href":"https:\/\/haussmann.galerieslafayette.com\/es\/wp-json\/wp\/v2\/comments?post=1312200"}],"version-history":[{"count":7,"href":"https:\/\/haussmann.galerieslafayette.com\/es\/wp-json\/wp\/v2\/posts\/1312200\/revisions"}],"predecessor-version":[{"id":1313022,"href":"https:\/\/haussmann.galerieslafayette.com\/es\/wp-json\/wp\/v2\/posts\/1312200\/revisions\/1313022"}],"wp:featuredmedia":[{"embeddable":true,"href":"https:\/\/haussmann.galerieslafayette.com\/es\/wp-json\/wp\/v2\/media\/1226672"}],"wp:attachment":[{"href":"https:\/\/haussmann.galerieslafayette.com\/es\/wp-json\/wp\/v2\/media?parent=1312200"}],"wp:term":[{"taxonomy":"category","embeddable":true,"href":"https:\/\/haussmann.galerieslafayette.com\/es\/wp-json\/wp\/v2\/categories?post=1312200"},{"taxonomy":"post_tag","embeddable":true,"href":"https:\/\/haussmann.galerieslafayette.com\/es\/wp-json\/wp\/v2\/tags?post=1312200"}],"curies":[{"name":"wp","href":"https:\/\/api.w.org\/{rel}","templated":true}]}}