{"id":1353486,"date":"2025-03-13T18:03:08","date_gmt":"2025-03-13T17:03:08","guid":{"rendered":"https:\/\/haussmann.galerieslafayette.com\/yora\/"},"modified":"2026-09-02T11:41:24","modified_gmt":"2026-09-02T09:41:24","slug":"yora","status":"publish","type":"post","link":"https:\/\/haussmann.galerieslafayette.com\/es\/yora\/","title":{"rendered":"Yora"},"content":{"rendered":"\n<p class=\"has-text-align-left\">Ubicada en la 1.\u00aa planta de Galeries Lafayette Le Gourmet, Brasserie Yora reinventa la brasserie francesa infundi\u00e9ndole la energ\u00eda y los sabores de Sudam\u00e9rica.<\/p>\n\n\n\n<div style=\"height:10px\" aria-hidden=\"true\" class=\"wp-block-spacer\"><\/div>\n\n\n\n<h2 class=\"wp-block-heading\">El restaurante<\/h2>\n\n\n\n<p>En un ambiente c\u00e1lido y acogedor, Brasserie Yora ofrece una cocina generosa y creativa, donde los grandes cl\u00e1sicos franceses se encuentran con los productos, especias y salsas emblem\u00e1ticas de la gastronom\u00eda sudamericana.<\/p>\n\n\n\n<figure class=\"wp-block-image aligncenter size-large is-resized\"><img fetchpriority=\"high\" decoding=\"async\" width=\"1024\" height=\"683\" src=\"https:\/\/haussmann.galerieslafayette.com\/wp-content\/uploads\/2022\/11\/PPP05181_-1024x683.jpg\" alt=\"\" class=\"wp-image-1265162\" style=\"width:718px;height:479px\" srcset=\"https:\/\/haussmann.galerieslafayette.com\/wp-content\/uploads\/2022\/11\/PPP05181_-1024x683.jpg 1024w, https:\/\/haussmann.galerieslafayette.com\/wp-content\/uploads\/2022\/11\/PPP05181_-300x200.jpg 300w, https:\/\/haussmann.galerieslafayette.com\/wp-content\/uploads\/2022\/11\/PPP05181_-768x512.jpg 768w, https:\/\/haussmann.galerieslafayette.com\/wp-content\/uploads\/2022\/11\/PPP05181_-1536x1024.jpg 1536w, https:\/\/haussmann.galerieslafayette.com\/wp-content\/uploads\/2022\/11\/PPP05181_-2048x1365.jpg 2048w\" sizes=\"(max-width: 1024px) 100vw, 1024px\" \/><\/figure>\n\n\n\n<div style=\"height:30px\" aria-hidden=\"true\" class=\"wp-block-spacer\"><\/div>\n\n\n\n<h2 class=\"wp-block-heading\">La propuesta culinaria<\/h2>\n\n\n\n<p>En la carta, el huevo mayonesa, la ave al miso o el magret de pato se visten con notas de lima, huacatay, chimichurri o c\u00farcuma. Los imprescindibles peruanos tambi\u00e9n ocupan un lugar de honor a trav\u00e9s del ceviche de salm\u00f3n, el ma\u00edz choclo, la leche de tigre y el aj\u00ed amarillo.<\/p>\n\n\n\n<p>Entre las creaciones insignia, el Tigre que llora (Tigre qui pleure) combina tataki de ternera, reducci\u00f3n de miso, leche de tigre y tempura de aj\u00ed amarillo.<\/p>\n\n\n\n<p>Para terminar con un toque goloso, la carta de postres, firmada por el M.O.F. Jean-Thomas Schneider, rinde homenaje a los grandes cl\u00e1sicos de la pasteler\u00eda francesa, como la cr\u00e8me br\u00fbl\u00e9e y la mousse de chocolate.<\/p>\n\n\n\n<div class=\"wp-block-columns is-layout-flex wp-container-core-columns-is-layout-28f84493 wp-block-columns-is-layout-flex\">\n<div class=\"wp-block-column is-layout-flow wp-block-column-is-layout-flow\">\n<figure class=\"wp-block-image size-large\"><img decoding=\"async\" width=\"1024\" height=\"683\" src=\"https:\/\/haussmann.galerieslafayette.com\/wp-content\/uploads\/2022\/11\/Yora-Visuels-Plats-1024x683.jpeg\" alt=\"\" class=\"wp-image-1393925\" srcset=\"https:\/\/haussmann.galerieslafayette.com\/wp-content\/uploads\/2022\/11\/Yora-Visuels-Plats-1024x683.jpeg 1024w, https:\/\/haussmann.galerieslafayette.com\/wp-content\/uploads\/2022\/11\/Yora-Visuels-Plats-300x200.jpeg 300w, https:\/\/haussmann.galerieslafayette.com\/wp-content\/uploads\/2022\/11\/Yora-Visuels-Plats-768x512.jpeg 768w, https:\/\/haussmann.galerieslafayette.com\/wp-content\/uploads\/2022\/11\/Yora-Visuels-Plats.jpeg 1536w\" sizes=\"(max-width: 1024px) 100vw, 1024px\" \/><\/figure>\n<\/div>\n\n\n\n<div class=\"wp-block-column is-layout-flow wp-block-column-is-layout-flow\">\n<figure class=\"wp-block-image size-large\"><img decoding=\"async\" width=\"1024\" height=\"683\" src=\"https:\/\/haussmann.galerieslafayette.com\/wp-content\/uploads\/2022\/11\/Yora-Visuels-Plats3-1024x683.jpeg\" alt=\"\" class=\"wp-image-1393924\" srcset=\"https:\/\/haussmann.galerieslafayette.com\/wp-content\/uploads\/2022\/11\/Yora-Visuels-Plats3-1024x683.jpeg 1024w, https:\/\/haussmann.galerieslafayette.com\/wp-content\/uploads\/2022\/11\/Yora-Visuels-Plats3-300x200.jpeg 300w, https:\/\/haussmann.galerieslafayette.com\/wp-content\/uploads\/2022\/11\/Yora-Visuels-Plats3-768x512.jpeg 768w, https:\/\/haussmann.galerieslafayette.com\/wp-content\/uploads\/2022\/11\/Yora-Visuels-Plats3.jpeg 1536w\" sizes=\"(max-width: 1024px) 100vw, 1024px\" \/><\/figure>\n<\/div>\n\n\n\n<div class=\"wp-block-column is-layout-flow wp-block-column-is-layout-flow\">\n<figure class=\"wp-block-image size-large is-resized\"><img loading=\"lazy\" decoding=\"async\" width=\"1024\" height=\"725\" src=\"https:\/\/haussmann.galerieslafayette.com\/wp-content\/uploads\/2022\/11\/Yora-Visuels-Plats2-1024x725.jpeg\" alt=\"\" class=\"wp-image-1393923\" style=\"width:239px;height:auto\" srcset=\"https:\/\/haussmann.galerieslafayette.com\/wp-content\/uploads\/2022\/11\/Yora-Visuels-Plats2-1024x725.jpeg 1024w, https:\/\/haussmann.galerieslafayette.com\/wp-content\/uploads\/2022\/11\/Yora-Visuels-Plats2-300x212.jpeg 300w, https:\/\/haussmann.galerieslafayette.com\/wp-content\/uploads\/2022\/11\/Yora-Visuels-Plats2-768x543.jpeg 768w, https:\/\/haussmann.galerieslafayette.com\/wp-content\/uploads\/2022\/11\/Yora-Visuels-Plats2.jpeg 1491w\" sizes=\"(max-width: 1024px) 100vw, 1024px\" \/><\/figure>\n<\/div>\n<\/div>\n\n\n\n<h3 class=\"wp-block-heading\">Zumos, c\u00f3cteles y bebidas<\/h3>\n\n\n\n<p>El viaje contin\u00faa en la barra con el imprescindible Pisco Sour, c\u00f3cteles con acento sudamericano, chicha morada y una selecci\u00f3n de zumos inspirados en plantas y frutas de la Amazon\u00eda, como el camu-camu, la maracuy\u00e1 o el a\u00e7a\u00ed.<\/p>\n\n\n\n<div style=\"height:10px\" aria-hidden=\"true\" class=\"wp-block-spacer\"><\/div>\n\n\n\n<p class=\"has-text-align-center\"><span style=\"text-decoration: underline;\"><a href=\"https:\/\/haussmann.galerieslafayette.com\/wp-content\/uploads\/2026\/09\/Carte-Yora-Galerie-A4.pdf\">Descubrir la carta<\/a><\/span><\/p>\n\n\n\n<div style=\"height:30px\" aria-hidden=\"true\" class=\"wp-block-spacer\"><\/div>\n\n\n\n<p class=\"has-text-align-center\"><em><strong>Una oferta para degustar en el restaurante o para llevar.<\/strong><\/em><\/p>\n\n\n\n<p class=\"has-text-align-center\"><strong><em>Las mesas del gourmet de Galeries Lafayette Le Gourmet \u2013 1.\u00aa planta<\/em><\/strong><\/p>\n\n\n\n<p><\/p>\n","protected":false},"excerpt":{"rendered":"<p>YORA, situado en la primera planta de las Galeries Lafayette Le Gourmet, nos ofrece una inmersi\u00f3n en Am\u00e9rica del Sur.<\/p>\n","protected":false},"author":63,"featured_media":1265169,"comment_status":"closed","ping_status":"closed","sticky":false,"template":"","format":"standard","meta":{"_acf_changed":false,"footnotes":""},"categories":[1309,1076],"tags":[],"class_list":{"1":"post","5":"has-post-thumbnail"},"acf":[],"yoast_head":"<!-- This site is optimized with the Yoast SEO plugin v28.1 - https:\/\/yoast.com\/product\/yoast-seo-wordpress\/ -->\n<title>Yora - Galeries Lafayette Paris Haussmann<\/title>\n<meta name=\"description\" content=\"YORA, situado en la primera planta de las Galeries Lafayette Le Gourmet, nos ofrece una inmersi\u00f3n en Am\u00e9rica del Sur.\" \/>\n<meta name=\"robots\" content=\"noindex, follow\" \/>\n<meta property=\"og:locale\" content=\"es_ES\" \/>\n<meta property=\"og:type\" content=\"article\" \/>\n<meta property=\"og:title\" content=\"Yora - Galeries Lafayette Paris Haussmann\" \/>\n<meta property=\"og:description\" content=\"YORA, situado en la primera planta de las Galeries Lafayette Le Gourmet, nos ofrece una inmersi\u00f3n en Am\u00e9rica del Sur.\" \/>\n<meta property=\"og:url\" content=\"https:\/\/haussmann.galerieslafayette.com\/es\/yora\/\" \/>\n<meta property=\"og:site_name\" content=\"Galeries Lafayette Paris Haussmann\" \/>\n<meta property=\"article:publisher\" content=\"https:\/\/www.facebook.com\/galerieslafayette\/\" \/>\n<meta property=\"article:published_time\" content=\"2025-03-13T17:03:08+00:00\" \/>\n<meta property=\"article:modified_time\" content=\"2026-09-02T09:41:24+00:00\" \/>\n<meta property=\"og:image\" content=\"https:\/\/haussmann.galerieslafayette.com\/wp-content\/uploads\/2022\/11\/PPP05181_.jpg\" \/>\n\t<meta property=\"og:image:width\" content=\"4500\" \/>\n\t<meta property=\"og:image:height\" content=\"3000\" \/>\n\t<meta property=\"og:image:type\" content=\"image\/jpeg\" \/>\n<meta name=\"author\" content=\"Romane Millasseau\" \/>\n<meta name=\"twitter:card\" content=\"summary_large_image\" \/>\n<meta name=\"twitter:creator\" content=\"@Galeries_Laf\" \/>\n<meta name=\"twitter:site\" content=\"@Galeries_Laf\" \/>\n<script type=\"application\/ld+json\" class=\"yoast-schema-graph\">{\"@context\":\"https:\\\/\\\/schema.org\",\"@graph\":[{\"@type\":\"Article\",\"@id\":\"https:\\\/\\\/haussmann.galerieslafayette.com\\\/es\\\/yora\\\/#article\",\"isPartOf\":{\"@id\":\"https:\\\/\\\/haussmann.galerieslafayette.com\\\/es\\\/yora\\\/\"},\"author\":{\"name\":\"Romane Millasseau\",\"@id\":\"https:\\\/\\\/haussmann.galerieslafayette.com\\\/es\\\/#\\\/schema\\\/person\\\/d3300b4fe2eea92e42b3214341de724a\"},\"headline\":\"Yora\",\"datePublished\":\"2025-03-13T17:03:08+00:00\",\"dateModified\":\"2026-09-02T09:41:24+00:00\",\"mainEntityOfPage\":{\"@id\":\"https:\\\/\\\/haussmann.galerieslafayette.com\\\/es\\\/yora\\\/\"},\"wordCount\":264,\"publisher\":{\"@id\":\"https:\\\/\\\/haussmann.galerieslafayette.com\\\/es\\\/#organization\"},\"image\":{\"@id\":\"https:\\\/\\\/haussmann.galerieslafayette.com\\\/es\\\/yora\\\/#primaryimage\"},\"thumbnailUrl\":\"https:\\\/\\\/haussmann.galerieslafayette.com\\\/wp-content\\\/uploads\\\/2022\\\/11\\\/PPP05181_.jpg\",\"articleSection\":[\"Las Mesas del Gourmet\",\"Gastronom\u00eda\"],\"inLanguage\":\"es\"},{\"@type\":\"WebPage\",\"@id\":\"https:\\\/\\\/haussmann.galerieslafayette.com\\\/es\\\/yora\\\/\",\"url\":\"https:\\\/\\\/haussmann.galerieslafayette.com\\\/es\\\/yora\\\/\",\"name\":\"Yora - Galeries Lafayette Paris Haussmann\",\"isPartOf\":{\"@id\":\"https:\\\/\\\/haussmann.galerieslafayette.com\\\/es\\\/#website\"},\"primaryImageOfPage\":{\"@id\":\"https:\\\/\\\/haussmann.galerieslafayette.com\\\/es\\\/yora\\\/#primaryimage\"},\"image\":{\"@id\":\"https:\\\/\\\/haussmann.galerieslafayette.com\\\/es\\\/yora\\\/#primaryimage\"},\"thumbnailUrl\":\"https:\\\/\\\/haussmann.galerieslafayette.com\\\/wp-content\\\/uploads\\\/2022\\\/11\\\/PPP05181_.jpg\",\"datePublished\":\"2025-03-13T17:03:08+00:00\",\"dateModified\":\"2026-09-02T09:41:24+00:00\",\"description\":\"YORA, situado en la primera planta de las Galeries Lafayette Le Gourmet, nos ofrece una inmersi\u00f3n en Am\u00e9rica del Sur.\",\"breadcrumb\":{\"@id\":\"https:\\\/\\\/haussmann.galerieslafayette.com\\\/es\\\/yora\\\/#breadcrumb\"},\"inLanguage\":\"es\",\"potentialAction\":[{\"@type\":\"ReadAction\",\"target\":[\"https:\\\/\\\/haussmann.galerieslafayette.com\\\/es\\\/yora\\\/\"]}]},{\"@type\":\"ImageObject\",\"inLanguage\":\"es\",\"@id\":\"https:\\\/\\\/haussmann.galerieslafayette.com\\\/es\\\/yora\\\/#primaryimage\",\"url\":\"https:\\\/\\\/haussmann.galerieslafayette.com\\\/wp-content\\\/uploads\\\/2022\\\/11\\\/PPP05181_.jpg\",\"contentUrl\":\"https:\\\/\\\/haussmann.galerieslafayette.com\\\/wp-content\\\/uploads\\\/2022\\\/11\\\/PPP05181_.jpg\",\"width\":4500,\"height\":3000},{\"@type\":\"BreadcrumbList\",\"@id\":\"https:\\\/\\\/haussmann.galerieslafayette.com\\\/es\\\/yora\\\/#breadcrumb\",\"itemListElement\":[{\"@type\":\"ListItem\",\"position\":1,\"name\":\"Inicio\",\"item\":\"https:\\\/\\\/haussmann.galerieslafayette.com\\\/es\\\/home-2\\\/\"},{\"@type\":\"ListItem\",\"position\":2,\"name\":\"Restaurantes\",\"item\":\"https:\\\/\\\/haussmann.galerieslafayette.com\\\/es\\\/category\\\/restaurantes\\\/\"},{\"@type\":\"ListItem\",\"position\":3,\"name\":\"Gastronom\u00eda\",\"item\":\"https:\\\/\\\/haussmann.galerieslafayette.com\\\/es\\\/category\\\/restaurantes\\\/gastronomia\\\/\"},{\"@type\":\"ListItem\",\"position\":4,\"name\":\"Yora\"}]},{\"@type\":\"WebSite\",\"@id\":\"https:\\\/\\\/haussmann.galerieslafayette.com\\\/es\\\/#website\",\"url\":\"https:\\\/\\\/haussmann.galerieslafayette.com\\\/es\\\/\",\"name\":\"Galeries Lafayette Paris Haussmann\",\"description\":\"La destination mode du shopping parisien\",\"publisher\":{\"@id\":\"https:\\\/\\\/haussmann.galerieslafayette.com\\\/es\\\/#organization\"},\"potentialAction\":[{\"@type\":\"SearchAction\",\"target\":{\"@type\":\"EntryPoint\",\"urlTemplate\":\"https:\\\/\\\/haussmann.galerieslafayette.com\\\/es\\\/?s={search_term_string}\"},\"query-input\":{\"@type\":\"PropertyValueSpecification\",\"valueRequired\":true,\"valueName\":\"search_term_string\"}}],\"inLanguage\":\"es\"},{\"@type\":\"Organization\",\"@id\":\"https:\\\/\\\/haussmann.galerieslafayette.com\\\/es\\\/#organization\",\"name\":\"Galeries Lafayette\",\"url\":\"https:\\\/\\\/haussmann.galerieslafayette.com\\\/es\\\/\",\"logo\":{\"@type\":\"ImageObject\",\"inLanguage\":\"es\",\"@id\":\"https:\\\/\\\/haussmann.galerieslafayette.com\\\/es\\\/#\\\/schema\\\/logo\\\/image\\\/\",\"url\":\"https:\\\/\\\/haussmann.galerieslafayette.com\\\/wp-content\\\/uploads\\\/2021\\\/03\\\/GL_LOGO2L_N.jpg\",\"contentUrl\":\"https:\\\/\\\/haussmann.galerieslafayette.com\\\/wp-content\\\/uploads\\\/2021\\\/03\\\/GL_LOGO2L_N.jpg\",\"width\":1535,\"height\":827,\"caption\":\"Galeries Lafayette\"},\"image\":{\"@id\":\"https:\\\/\\\/haussmann.galerieslafayette.com\\\/es\\\/#\\\/schema\\\/logo\\\/image\\\/\"},\"sameAs\":[\"https:\\\/\\\/www.facebook.com\\\/galerieslafayette\\\/\",\"https:\\\/\\\/x.com\\\/Galeries_Laf\",\"https:\\\/\\\/www.instagram.com\\\/galerieslafayette\\\/\",\"http:\\\/\\\/www.youtube.com\\\/user\\\/GaleriesLafayette1\"]},{\"@type\":\"Person\",\"@id\":\"https:\\\/\\\/haussmann.galerieslafayette.com\\\/es\\\/#\\\/schema\\\/person\\\/d3300b4fe2eea92e42b3214341de724a\",\"name\":\"Romane Millasseau\",\"image\":{\"@type\":\"ImageObject\",\"inLanguage\":\"es\",\"@id\":\"https:\\\/\\\/secure.gravatar.com\\\/avatar\\\/5b9dac6beb2afd2bead3f760fa4cf6e13e824d6d9b7cae83e9683d818585840b?s=96&d=mm&r=g\",\"url\":\"https:\\\/\\\/secure.gravatar.com\\\/avatar\\\/5b9dac6beb2afd2bead3f760fa4cf6e13e824d6d9b7cae83e9683d818585840b?s=96&d=mm&r=g\",\"contentUrl\":\"https:\\\/\\\/secure.gravatar.com\\\/avatar\\\/5b9dac6beb2afd2bead3f760fa4cf6e13e824d6d9b7cae83e9683d818585840b?s=96&d=mm&r=g\",\"caption\":\"Romane Millasseau\"}}]}<\/script>\n<!-- \/ Yoast SEO plugin. -->","yoast_head_json":{"title":"Yora - Galeries Lafayette Paris Haussmann","description":"YORA, situado en la primera planta de las Galeries Lafayette Le Gourmet, nos ofrece una inmersi\u00f3n en Am\u00e9rica del Sur.","robots":{"index":"noindex","follow":"follow"},"og_locale":"es_ES","og_type":"article","og_title":"Yora - Galeries Lafayette Paris Haussmann","og_description":"YORA, situado en la primera planta de las Galeries Lafayette Le Gourmet, nos ofrece una inmersi\u00f3n en Am\u00e9rica del Sur.","og_url":"https:\/\/haussmann.galerieslafayette.com\/es\/yora\/","og_site_name":"Galeries Lafayette Paris Haussmann","article_publisher":"https:\/\/www.facebook.com\/galerieslafayette\/","article_published_time":"2025-03-13T17:03:08+00:00","article_modified_time":"2026-09-02T09:41:24+00:00","og_image":[{"width":4500,"height":3000,"url":"https:\/\/haussmann.galerieslafayette.com\/wp-content\/uploads\/2022\/11\/PPP05181_.jpg","type":"image\/jpeg"}],"author":"Romane Millasseau","twitter_card":"summary_large_image","twitter_creator":"@Galeries_Laf","twitter_site":"@Galeries_Laf","schema":{"@context":"https:\/\/schema.org","@graph":[{"@type":"Article","@id":"https:\/\/haussmann.galerieslafayette.com\/es\/yora\/#article","isPartOf":{"@id":"https:\/\/haussmann.galerieslafayette.com\/es\/yora\/"},"author":{"name":"Romane Millasseau","@id":"https:\/\/haussmann.galerieslafayette.com\/es\/#\/schema\/person\/d3300b4fe2eea92e42b3214341de724a"},"headline":"Yora","datePublished":"2025-03-13T17:03:08+00:00","dateModified":"2026-09-02T09:41:24+00:00","mainEntityOfPage":{"@id":"https:\/\/haussmann.galerieslafayette.com\/es\/yora\/"},"wordCount":264,"publisher":{"@id":"https:\/\/haussmann.galerieslafayette.com\/es\/#organization"},"image":{"@id":"https:\/\/haussmann.galerieslafayette.com\/es\/yora\/#primaryimage"},"thumbnailUrl":"https:\/\/haussmann.galerieslafayette.com\/wp-content\/uploads\/2022\/11\/PPP05181_.jpg","articleSection":["Las Mesas del Gourmet","Gastronom\u00eda"],"inLanguage":"es"},{"@type":"WebPage","@id":"https:\/\/haussmann.galerieslafayette.com\/es\/yora\/","url":"https:\/\/haussmann.galerieslafayette.com\/es\/yora\/","name":"Yora - Galeries Lafayette Paris Haussmann","isPartOf":{"@id":"https:\/\/haussmann.galerieslafayette.com\/es\/#website"},"primaryImageOfPage":{"@id":"https:\/\/haussmann.galerieslafayette.com\/es\/yora\/#primaryimage"},"image":{"@id":"https:\/\/haussmann.galerieslafayette.com\/es\/yora\/#primaryimage"},"thumbnailUrl":"https:\/\/haussmann.galerieslafayette.com\/wp-content\/uploads\/2022\/11\/PPP05181_.jpg","datePublished":"2025-03-13T17:03:08+00:00","dateModified":"2026-09-02T09:41:24+00:00","description":"YORA, situado en la primera planta de las Galeries Lafayette Le Gourmet, nos ofrece una inmersi\u00f3n en Am\u00e9rica del Sur.","breadcrumb":{"@id":"https:\/\/haussmann.galerieslafayette.com\/es\/yora\/#breadcrumb"},"inLanguage":"es","potentialAction":[{"@type":"ReadAction","target":["https:\/\/haussmann.galerieslafayette.com\/es\/yora\/"]}]},{"@type":"ImageObject","inLanguage":"es","@id":"https:\/\/haussmann.galerieslafayette.com\/es\/yora\/#primaryimage","url":"https:\/\/haussmann.galerieslafayette.com\/wp-content\/uploads\/2022\/11\/PPP05181_.jpg","contentUrl":"https:\/\/haussmann.galerieslafayette.com\/wp-content\/uploads\/2022\/11\/PPP05181_.jpg","width":4500,"height":3000},{"@type":"BreadcrumbList","@id":"https:\/\/haussmann.galerieslafayette.com\/es\/yora\/#breadcrumb","itemListElement":[{"@type":"ListItem","position":1,"name":"Inicio","item":"https:\/\/haussmann.galerieslafayette.com\/es\/home-2\/"},{"@type":"ListItem","position":2,"name":"Restaurantes","item":"https:\/\/haussmann.galerieslafayette.com\/es\/category\/restaurantes\/"},{"@type":"ListItem","position":3,"name":"Gastronom\u00eda","item":"https:\/\/haussmann.galerieslafayette.com\/es\/category\/restaurantes\/gastronomia\/"},{"@type":"ListItem","position":4,"name":"Yora"}]},{"@type":"WebSite","@id":"https:\/\/haussmann.galerieslafayette.com\/es\/#website","url":"https:\/\/haussmann.galerieslafayette.com\/es\/","name":"Galeries Lafayette Paris Haussmann","description":"La destination mode du shopping parisien","publisher":{"@id":"https:\/\/haussmann.galerieslafayette.com\/es\/#organization"},"potentialAction":[{"@type":"SearchAction","target":{"@type":"EntryPoint","urlTemplate":"https:\/\/haussmann.galerieslafayette.com\/es\/?s={search_term_string}"},"query-input":{"@type":"PropertyValueSpecification","valueRequired":true,"valueName":"search_term_string"}}],"inLanguage":"es"},{"@type":"Organization","@id":"https:\/\/haussmann.galerieslafayette.com\/es\/#organization","name":"Galeries Lafayette","url":"https:\/\/haussmann.galerieslafayette.com\/es\/","logo":{"@type":"ImageObject","inLanguage":"es","@id":"https:\/\/haussmann.galerieslafayette.com\/es\/#\/schema\/logo\/image\/","url":"https:\/\/haussmann.galerieslafayette.com\/wp-content\/uploads\/2021\/03\/GL_LOGO2L_N.jpg","contentUrl":"https:\/\/haussmann.galerieslafayette.com\/wp-content\/uploads\/2021\/03\/GL_LOGO2L_N.jpg","width":1535,"height":827,"caption":"Galeries Lafayette"},"image":{"@id":"https:\/\/haussmann.galerieslafayette.com\/es\/#\/schema\/logo\/image\/"},"sameAs":["https:\/\/www.facebook.com\/galerieslafayette\/","https:\/\/x.com\/Galeries_Laf","https:\/\/www.instagram.com\/galerieslafayette\/","http:\/\/www.youtube.com\/user\/GaleriesLafayette1"]},{"@type":"Person","@id":"https:\/\/haussmann.galerieslafayette.com\/es\/#\/schema\/person\/d3300b4fe2eea92e42b3214341de724a","name":"Romane Millasseau","image":{"@type":"ImageObject","inLanguage":"es","@id":"https:\/\/secure.gravatar.com\/avatar\/5b9dac6beb2afd2bead3f760fa4cf6e13e824d6d9b7cae83e9683d818585840b?s=96&d=mm&r=g","url":"https:\/\/secure.gravatar.com\/avatar\/5b9dac6beb2afd2bead3f760fa4cf6e13e824d6d9b7cae83e9683d818585840b?s=96&d=mm&r=g","contentUrl":"https:\/\/secure.gravatar.com\/avatar\/5b9dac6beb2afd2bead3f760fa4cf6e13e824d6d9b7cae83e9683d818585840b?s=96&d=mm&r=g","caption":"Romane Millasseau"}}]}},"_links":{"self":[{"href":"https:\/\/haussmann.galerieslafayette.com\/es\/wp-json\/wp\/v2\/posts\/1353486","targetHints":{"allow":["GET"]}}],"collection":[{"href":"https:\/\/haussmann.galerieslafayette.com\/es\/wp-json\/wp\/v2\/posts"}],"about":[{"href":"https:\/\/haussmann.galerieslafayette.com\/es\/wp-json\/wp\/v2\/types\/post"}],"author":[{"embeddable":true,"href":"https:\/\/haussmann.galerieslafayette.com\/es\/wp-json\/wp\/v2\/users\/63"}],"replies":[{"embeddable":true,"href":"https:\/\/haussmann.galerieslafayette.com\/es\/wp-json\/wp\/v2\/comments?post=1353486"}],"version-history":[{"count":6,"href":"https:\/\/haussmann.galerieslafayette.com\/es\/wp-json\/wp\/v2\/posts\/1353486\/revisions"}],"predecessor-version":[{"id":1393943,"href":"https:\/\/haussmann.galerieslafayette.com\/es\/wp-json\/wp\/v2\/posts\/1353486\/revisions\/1393943"}],"wp:featuredmedia":[{"embeddable":true,"href":"https:\/\/haussmann.galerieslafayette.com\/es\/wp-json\/wp\/v2\/media\/1265169"}],"wp:attachment":[{"href":"https:\/\/haussmann.galerieslafayette.com\/es\/wp-json\/wp\/v2\/media?parent=1353486"}],"wp:term":[{"taxonomy":"category","embeddable":true,"href":"https:\/\/haussmann.galerieslafayette.com\/es\/wp-json\/wp\/v2\/categories?post=1353486"},{"taxonomy":"post_tag","embeddable":true,"href":"https:\/\/haussmann.galerieslafayette.com\/es\/wp-json\/wp\/v2\/tags?post=1353486"}],"curies":[{"name":"wp","href":"https:\/\/api.w.org\/{rel}","templated":true}]}}