{"id":1392711,"date":"2026-09-03T10:00:00","date_gmt":"2026-09-03T08:00:00","guid":{"rendered":"https:\/\/haussmann.galerieslafayette.com\/la-pop-up-l-uniform-en-las-galeries-lafayette-haussmann\/"},"modified":"2026-08-03T17:38:23","modified_gmt":"2026-08-03T15:38:23","slug":"luniform","status":"publish","type":"post","link":"https:\/\/haussmann.galerieslafayette.com\/es\/luniform\/","title":{"rendered":"La pop-up L\/UNIFORM en las Galeries Lafayette Haussmann"},"content":{"rendered":"\n<h3 class=\"wp-block-heading\">Un espacio dedicado a la filosof\u00eda L\/UNIFORM<\/h3>\n\n<figure class=\"wp-block-image size-large\"><img fetchpriority=\"high\" decoding=\"async\" width=\"1024\" height=\"576\" src=\"https:\/\/haussmann.galerieslafayette.com\/wp-content\/uploads\/2020\/11\/2280-x-1620-1-1-1024x576.jpg\" alt=\"\" class=\"wp-image-1392672\" srcset=\"https:\/\/haussmann.galerieslafayette.com\/wp-content\/uploads\/2020\/11\/2280-x-1620-1-1-1024x576.jpg 1024w, https:\/\/haussmann.galerieslafayette.com\/wp-content\/uploads\/2020\/11\/2280-x-1620-1-1-300x169.jpg 300w, https:\/\/haussmann.galerieslafayette.com\/wp-content\/uploads\/2020\/11\/2280-x-1620-1-1-768x432.jpg 768w, https:\/\/haussmann.galerieslafayette.com\/wp-content\/uploads\/2020\/11\/2280-x-1620-1-1-1536x864.jpg 1536w, https:\/\/haussmann.galerieslafayette.com\/wp-content\/uploads\/2020\/11\/2280-x-1620-1-1-2048x1152.jpg 2048w\" sizes=\"(max-width: 1024px) 100vw, 1024px\" \/><\/figure>\n\n<p>La pop-up L\/UNIFORM le invita a descubrir una firma que combina el minimalismo, la est\u00e9tica modernista y la exigencia absoluta del savoir-faire. L\/UNIFORM propone un lujo funcional, personal y duradero, libre de logotipos ostentosos, donde cada bolso y accesorio relata una historia de calidad, esmero en los detalles y el arte de vivir con sencilla elegancia. <\/p>\n\n<p>En el lugar, el espacio rinde homenaje a los pilares fundacionales de la Maison:<\/p>\n\n<ul class=\"wp-block-list\">\n<li>La excelencia del savoir-faire<\/li>\n\n\n\n<li>Materiales nobles<\/li>\n\n\n\n<li>Durabilidad y reparabilidad<\/li>\n<\/ul>\n\n<div style=\"height:50px\" aria-hidden=\"true\" class=\"wp-block-spacer\"><\/div>\n\n<h2 class=\"wp-block-heading\">El servicio BESPOKE: el arte de la personalizaci\u00f3n<\/h2>\n\n<p>La personalizaci\u00f3n siempre ha estado en el centro de la identidad de L\/UNIFORM. Con BESPOKE, la Maison ofrece la rara oportunidad de entablar un di\u00e1logo creativo con el objeto. Desde la elecci\u00f3n de la lona hasta los acabados, cada elemento es seleccionado por usted; cada detalle refleja una historia personal. Juntos, estos elementos dan lugar a 766 656 combinaciones posibles, ofreciendo un lienzo casi infinito de expresi\u00f3n personal.   <\/p>\n\n<figure class=\"wp-block-gallery has-nested-images columns-default is-cropped wp-block-gallery-1 is-layout-flex wp-block-gallery-is-layout-flex\">\n<figure class=\"wp-block-image size-large\"><img decoding=\"async\" width=\"828\" height=\"466\" data-id=\"1392675\" src=\"https:\/\/haussmann.galerieslafayette.com\/wp-content\/uploads\/2020\/11\/LUNIFORM-04-2026-FR_page-0010.jpg\" alt=\"\" class=\"wp-image-1392675\" srcset=\"https:\/\/haussmann.galerieslafayette.com\/wp-content\/uploads\/2020\/11\/LUNIFORM-04-2026-FR_page-0010.jpg 828w, https:\/\/haussmann.galerieslafayette.com\/wp-content\/uploads\/2020\/11\/LUNIFORM-04-2026-FR_page-0010-300x169.jpg 300w, https:\/\/haussmann.galerieslafayette.com\/wp-content\/uploads\/2020\/11\/LUNIFORM-04-2026-FR_page-0010-768x432.jpg 768w\" sizes=\"(max-width: 828px) 100vw, 828px\" \/><\/figure>\n\n\n\n<figure class=\"wp-block-image size-large\"><img decoding=\"async\" width=\"834\" height=\"469\" data-id=\"1392676\" src=\"https:\/\/haussmann.galerieslafayette.com\/wp-content\/uploads\/2020\/11\/LUNIFORM-04-2026-FR_page-0011.jpg\" alt=\"\" class=\"wp-image-1392676\" srcset=\"https:\/\/haussmann.galerieslafayette.com\/wp-content\/uploads\/2020\/11\/LUNIFORM-04-2026-FR_page-0011.jpg 834w, https:\/\/haussmann.galerieslafayette.com\/wp-content\/uploads\/2020\/11\/LUNIFORM-04-2026-FR_page-0011-300x169.jpg 300w, https:\/\/haussmann.galerieslafayette.com\/wp-content\/uploads\/2020\/11\/LUNIFORM-04-2026-FR_page-0011-768x432.jpg 768w\" sizes=\"(max-width: 834px) 100vw, 834px\" \/><\/figure>\n<\/figure>\n\n<div style=\"height:50px\" aria-hidden=\"true\" class=\"wp-block-spacer\"><\/div>\n\n<h2 class=\"wp-block-heading\">Otros imprescindibles de L\/UNIFORM<\/h2>\n\n<div class=\"wp-block-columns is-layout-flex wp-container-core-columns-is-layout-28f84493 wp-block-columns-is-layout-flex\">\n<div class=\"wp-block-column is-layout-flow wp-block-column-is-layout-flow\">\n<figure class=\"wp-block-image size-full\"><img loading=\"lazy\" decoding=\"async\" width=\"1000\" height=\"1000\" src=\"https:\/\/haussmann.galerieslafayette.com\/wp-content\/uploads\/2020\/11\/DSC49051.jpg\" alt=\"\" class=\"wp-image-1392677\" srcset=\"https:\/\/haussmann.galerieslafayette.com\/wp-content\/uploads\/2020\/11\/DSC49051.jpg 1000w, https:\/\/haussmann.galerieslafayette.com\/wp-content\/uploads\/2020\/11\/DSC49051-300x300.jpg 300w, https:\/\/haussmann.galerieslafayette.com\/wp-content\/uploads\/2020\/11\/DSC49051-150x150.jpg 150w, https:\/\/haussmann.galerieslafayette.com\/wp-content\/uploads\/2020\/11\/DSC49051-768x768.jpg 768w\" sizes=\"(max-width: 1000px) 100vw, 1000px\" \/><figcaption class=\"wp-element-caption\"><strong>N\u00b021<\/strong><\/figcaption><\/figure>\n<\/div>\n\n\n\n<div class=\"wp-block-column is-layout-flow wp-block-column-is-layout-flow\">\n<figure class=\"wp-block-image size-full\"><img loading=\"lazy\" decoding=\"async\" width=\"1000\" height=\"1000\" src=\"https:\/\/haussmann.galerieslafayette.com\/wp-content\/uploads\/2020\/11\/DSC52181.jpg\" alt=\"\" class=\"wp-image-1392678\" srcset=\"https:\/\/haussmann.galerieslafayette.com\/wp-content\/uploads\/2020\/11\/DSC52181.jpg 1000w, https:\/\/haussmann.galerieslafayette.com\/wp-content\/uploads\/2020\/11\/DSC52181-300x300.jpg 300w, https:\/\/haussmann.galerieslafayette.com\/wp-content\/uploads\/2020\/11\/DSC52181-150x150.jpg 150w, https:\/\/haussmann.galerieslafayette.com\/wp-content\/uploads\/2020\/11\/DSC52181-768x768.jpg 768w\" sizes=\"(max-width: 1000px) 100vw, 1000px\" \/><figcaption class=\"wp-element-caption\"><strong>N\u00b0163<\/strong><\/figcaption><\/figure>\n<\/div>\n\n\n\n<div class=\"wp-block-column is-layout-flow wp-block-column-is-layout-flow\">\n<figure class=\"wp-block-image size-full\"><img loading=\"lazy\" decoding=\"async\" width=\"423\" height=\"423\" src=\"https:\/\/haussmann.galerieslafayette.com\/wp-content\/uploads\/2020\/11\/LUNIFORM-04-2026-FR_page-0008.jpg\" alt=\"\" class=\"wp-image-1392679\" srcset=\"https:\/\/haussmann.galerieslafayette.com\/wp-content\/uploads\/2020\/11\/LUNIFORM-04-2026-FR_page-0008.jpg 423w, https:\/\/haussmann.galerieslafayette.com\/wp-content\/uploads\/2020\/11\/LUNIFORM-04-2026-FR_page-0008-300x300.jpg 300w, https:\/\/haussmann.galerieslafayette.com\/wp-content\/uploads\/2020\/11\/LUNIFORM-04-2026-FR_page-0008-150x150.jpg 150w\" sizes=\"(max-width: 423px) 100vw, 423px\" \/><figcaption class=\"wp-element-caption\"><strong>N\u00b0146<\/strong><\/figcaption><\/figure>\n<\/div>\n\n\n\n<div class=\"wp-block-column is-layout-flow wp-block-column-is-layout-flow\">\n<figure class=\"wp-block-image size-full\"><img loading=\"lazy\" decoding=\"async\" width=\"1000\" height=\"1000\" src=\"https:\/\/haussmann.galerieslafayette.com\/wp-content\/uploads\/2020\/11\/DSC4748.jpg\" alt=\"\" class=\"wp-image-1392680\" srcset=\"https:\/\/haussmann.galerieslafayette.com\/wp-content\/uploads\/2020\/11\/DSC4748.jpg 1000w, https:\/\/haussmann.galerieslafayette.com\/wp-content\/uploads\/2020\/11\/DSC4748-300x300.jpg 300w, https:\/\/haussmann.galerieslafayette.com\/wp-content\/uploads\/2020\/11\/DSC4748-150x150.jpg 150w, https:\/\/haussmann.galerieslafayette.com\/wp-content\/uploads\/2020\/11\/DSC4748-768x768.jpg 768w\" sizes=\"(max-width: 1000px) 100vw, 1000px\" \/><figcaption class=\"wp-element-caption\"><strong>N\u00b0139<\/strong><\/figcaption><\/figure>\n<\/div>\n<\/div>\n\n<div style=\"height:50px\" aria-hidden=\"true\" class=\"wp-block-spacer\"><\/div>\n\n<div class=\"wp-block-columns has-background is-layout-flex wp-container-core-columns-is-layout-28f84493 wp-block-columns-is-layout-flex\" style=\"background-color:#fee2e2\">\n<div class=\"wp-block-column is-layout-flow wp-block-column-is-layout-flow\" style=\"flex-basis:1%\"><\/div>\n\n\n\n<div class=\"wp-block-column has-background is-layout-flow wp-block-column-is-layout-flow\" style=\"background-color:#f0f0f000\">\n<div style=\"height:10px\" aria-hidden=\"true\" class=\"wp-block-spacer\"><\/div>\n\n\n\n<h2 class=\"wp-block-heading has-text-align-center has-black-color has-text-color has-link-color wp-elements-db930c28bf46ebdbf1fc001594b94dae\">Acerca de L\/UNIFORM<\/h2>\n\n\n\n<div class=\"wp-block-group is-layout-constrained wp-block-group-is-layout-constrained\">\n<figure class=\"wp-block-image aligncenter size-full is-resized\"><img loading=\"lazy\" decoding=\"async\" width=\"758\" height=\"426\" src=\"https:\/\/haussmann.galerieslafayette.com\/wp-content\/uploads\/2020\/11\/LUNIFORM-04-2026-FR_page-0003.jpg\" alt=\"\" class=\"wp-image-1392674\" style=\"width:523px;height:auto\" srcset=\"https:\/\/haussmann.galerieslafayette.com\/wp-content\/uploads\/2020\/11\/LUNIFORM-04-2026-FR_page-0003.jpg 758w, https:\/\/haussmann.galerieslafayette.com\/wp-content\/uploads\/2020\/11\/LUNIFORM-04-2026-FR_page-0003-300x169.jpg 300w\" sizes=\"(max-width: 758px) 100vw, 758px\" \/><\/figure>\n<\/div>\n\n\n\n<p class=\"has-text-align-center has-black-color has-text-color has-link-color wp-elements-904dee4c27ee40e4fb2f958cb8f9f086\">L\/UNIFORM es una firma francesa fundada por <strong>Jeanne Signoles<\/strong>, matem\u00e1tica de formaci\u00f3n originaria de Burdeos. Nacida de una necesidad personal (crear los objetos cotidianos que no encontraba en ning\u00fan sitio), la Maison ofrece piezas excepcionales que combinan belleza y utilidad: bolsos, carteras, equipaje y accesorios para todos los momentos de la vida, desde el m\u00e1s sencillo hasta el m\u00e1s refinado. <\/p>\n\n\n\n<p class=\"has-text-align-center has-black-color has-text-color has-link-color wp-elements-513b1d90d234bfb735fc78895964a41d\">Presente en Francia, Jap\u00f3n y a nivel internacional, L\/UNIFORM se sustenta en dos pilares fundamentales: la b\u00fasqueda constante de la calidad y el deseo de ofrecer objetos de uso que acompa\u00f1en el d\u00eda a d\u00eda.<\/p>\n\n\n\n<div style=\"height:10px\" aria-hidden=\"true\" class=\"wp-block-spacer\"><\/div>\n<\/div>\n\n\n\n<div class=\"wp-block-column is-layout-flow wp-block-column-is-layout-flow\" style=\"flex-basis:1%\"><\/div>\n<\/div>\n\n<div style=\"height:15px\" aria-hidden=\"true\" class=\"wp-block-spacer\"><\/div>\n\n<p class=\"has-text-align-center\"><strong>\ud83d\udccdPlanta baja, Tienda C\u00fapula<\/strong><br\/>40 Boulevard Haussmann, 75009 PARIS<\/p>\n\n<p><\/p>\n","protected":false},"excerpt":{"rendered":"<p>Del 3 de septiembre al 15 de octubre de 2026, la maison francesa L\/UNIFORM le invita a descubrir su espacio pop-up en la planta baja de la Tienda C\u00fapula.<\/p>\n","protected":false},"author":79,"featured_media":1392707,"comment_status":"closed","ping_status":"closed","sticky":false,"template":"","format":"standard","meta":{"_acf_changed":false,"footnotes":""},"categories":[448,659,450],"tags":[],"class_list":{"1":"post","5":"has-post-thumbnail"},"acf":[],"yoast_head":"<!-- This site is optimized with the Yoast SEO plugin v28.1 - https:\/\/yoast.com\/product\/yoast-seo-wordpress\/ -->\n<title>La pop-up L\/UNIFORM - Galeries Lafayette Paris Haussmann<\/title>\n<meta name=\"description\" content=\"Del 3 de septiembre al 15 de octubre de 2026, la maison francesa L\/UNIFORM le invita a descubrir su espacio pop-up en la planta baja de la Tienda C\u00fapula.\" \/>\n<meta name=\"robots\" content=\"index, follow, max-snippet:-1, max-image-preview:large, max-video-preview:-1\" \/>\n<link rel=\"canonical\" href=\"https:\/\/haussmann.galerieslafayette.com\/es\/luniform\/\" \/>\n<meta property=\"og:locale\" content=\"es_ES\" \/>\n<meta property=\"og:type\" content=\"article\" \/>\n<meta property=\"og:title\" content=\"La pop-up L\/UNIFORM - Galeries Lafayette Paris Haussmann\" \/>\n<meta property=\"og:description\" content=\"Del 3 de septiembre al 15 de octubre de 2026, la maison francesa L\/UNIFORM le invita a descubrir su espacio pop-up en la planta baja de la Tienda C\u00fapula.\" \/>\n<meta property=\"og:url\" content=\"https:\/\/haussmann.galerieslafayette.com\/es\/luniform\/\" \/>\n<meta property=\"og:site_name\" content=\"Galeries Lafayette Paris Haussmann\" \/>\n<meta property=\"article:publisher\" content=\"https:\/\/www.facebook.com\/galerieslafayette\/\" \/>\n<meta property=\"article:published_time\" content=\"2026-09-03T08:00:00+00:00\" \/>\n<meta property=\"og:image\" content=\"https:\/\/haussmann.galerieslafayette.com\/wp-content\/uploads\/2020\/11\/003548-021-VK-2.jpg\" \/>\n\t<meta property=\"og:image:width\" content=\"2880\" \/>\n\t<meta property=\"og:image:height\" content=\"1185\" \/>\n\t<meta property=\"og:image:type\" content=\"image\/jpeg\" \/>\n<meta name=\"author\" content=\"Margaux PESSE\" \/>\n<meta name=\"twitter:card\" content=\"summary_large_image\" \/>\n<meta name=\"twitter:creator\" content=\"@Galeries_Laf\" \/>\n<meta name=\"twitter:site\" content=\"@Galeries_Laf\" \/>\n<script type=\"application\/ld+json\" class=\"yoast-schema-graph\">{\"@context\":\"https:\\\/\\\/schema.org\",\"@graph\":[{\"@type\":\"Article\",\"@id\":\"https:\\\/\\\/haussmann.galerieslafayette.com\\\/es\\\/luniform\\\/#article\",\"isPartOf\":{\"@id\":\"https:\\\/\\\/haussmann.galerieslafayette.com\\\/es\\\/luniform\\\/\"},\"author\":{\"name\":\"Margaux PESSE\",\"@id\":\"https:\\\/\\\/haussmann.galerieslafayette.com\\\/es\\\/#\\\/schema\\\/person\\\/e572cf0a0fd3c3bfc2ba7cba7767110e\"},\"headline\":\"La pop-up L\\\/UNIFORM en las Galeries Lafayette Haussmann\",\"datePublished\":\"2026-09-03T08:00:00+00:00\",\"mainEntityOfPage\":{\"@id\":\"https:\\\/\\\/haussmann.galerieslafayette.com\\\/es\\\/luniform\\\/\"},\"wordCount\":308,\"publisher\":{\"@id\":\"https:\\\/\\\/haussmann.galerieslafayette.com\\\/es\\\/#organization\"},\"image\":{\"@id\":\"https:\\\/\\\/haussmann.galerieslafayette.com\\\/es\\\/luniform\\\/#primaryimage\"},\"thumbnailUrl\":\"https:\\\/\\\/haussmann.galerieslafayette.com\\\/wp-content\\\/uploads\\\/2020\\\/11\\\/003548-021-VK-2.jpg\",\"articleSection\":[\"Mujer\",\"Universos\",\"Hombre\"],\"inLanguage\":\"es\"},{\"@type\":\"WebPage\",\"@id\":\"https:\\\/\\\/haussmann.galerieslafayette.com\\\/es\\\/luniform\\\/\",\"url\":\"https:\\\/\\\/haussmann.galerieslafayette.com\\\/es\\\/luniform\\\/\",\"name\":\"La pop-up L\\\/UNIFORM - Galeries Lafayette Paris Haussmann\",\"isPartOf\":{\"@id\":\"https:\\\/\\\/haussmann.galerieslafayette.com\\\/es\\\/#website\"},\"primaryImageOfPage\":{\"@id\":\"https:\\\/\\\/haussmann.galerieslafayette.com\\\/es\\\/luniform\\\/#primaryimage\"},\"image\":{\"@id\":\"https:\\\/\\\/haussmann.galerieslafayette.com\\\/es\\\/luniform\\\/#primaryimage\"},\"thumbnailUrl\":\"https:\\\/\\\/haussmann.galerieslafayette.com\\\/wp-content\\\/uploads\\\/2020\\\/11\\\/003548-021-VK-2.jpg\",\"datePublished\":\"2026-09-03T08:00:00+00:00\",\"description\":\"Del 3 de septiembre al 15 de octubre de 2026, la maison francesa L\\\/UNIFORM le invita a descubrir su espacio pop-up en la planta baja de la Tienda C\u00fapula.\",\"breadcrumb\":{\"@id\":\"https:\\\/\\\/haussmann.galerieslafayette.com\\\/es\\\/luniform\\\/#breadcrumb\"},\"inLanguage\":\"es\",\"potentialAction\":[{\"@type\":\"ReadAction\",\"target\":[\"https:\\\/\\\/haussmann.galerieslafayette.com\\\/es\\\/luniform\\\/\"]}]},{\"@type\":\"ImageObject\",\"inLanguage\":\"es\",\"@id\":\"https:\\\/\\\/haussmann.galerieslafayette.com\\\/es\\\/luniform\\\/#primaryimage\",\"url\":\"https:\\\/\\\/haussmann.galerieslafayette.com\\\/wp-content\\\/uploads\\\/2020\\\/11\\\/003548-021-VK-2.jpg\",\"contentUrl\":\"https:\\\/\\\/haussmann.galerieslafayette.com\\\/wp-content\\\/uploads\\\/2020\\\/11\\\/003548-021-VK-2.jpg\",\"width\":2880,\"height\":1185},{\"@type\":\"BreadcrumbList\",\"@id\":\"https:\\\/\\\/haussmann.galerieslafayette.com\\\/es\\\/luniform\\\/#breadcrumb\",\"itemListElement\":[{\"@type\":\"ListItem\",\"position\":1,\"name\":\"Inicio\",\"item\":\"https:\\\/\\\/haussmann.galerieslafayette.com\\\/es\\\/home-2\\\/\"},{\"@type\":\"ListItem\",\"position\":2,\"name\":\"Universos\",\"item\":\"https:\\\/\\\/haussmann.galerieslafayette.com\\\/es\\\/category\\\/universos\\\/\"},{\"@type\":\"ListItem\",\"position\":3,\"name\":\"La pop-up L\\\/UNIFORM en las Galeries Lafayette Haussmann\"}]},{\"@type\":\"WebSite\",\"@id\":\"https:\\\/\\\/haussmann.galerieslafayette.com\\\/es\\\/#website\",\"url\":\"https:\\\/\\\/haussmann.galerieslafayette.com\\\/es\\\/\",\"name\":\"Galeries Lafayette Paris Haussmann\",\"description\":\"La destination mode du shopping parisien\",\"publisher\":{\"@id\":\"https:\\\/\\\/haussmann.galerieslafayette.com\\\/es\\\/#organization\"},\"potentialAction\":[{\"@type\":\"SearchAction\",\"target\":{\"@type\":\"EntryPoint\",\"urlTemplate\":\"https:\\\/\\\/haussmann.galerieslafayette.com\\\/es\\\/?s={search_term_string}\"},\"query-input\":{\"@type\":\"PropertyValueSpecification\",\"valueRequired\":true,\"valueName\":\"search_term_string\"}}],\"inLanguage\":\"es\"},{\"@type\":\"Organization\",\"@id\":\"https:\\\/\\\/haussmann.galerieslafayette.com\\\/es\\\/#organization\",\"name\":\"Galeries Lafayette\",\"url\":\"https:\\\/\\\/haussmann.galerieslafayette.com\\\/es\\\/\",\"logo\":{\"@type\":\"ImageObject\",\"inLanguage\":\"es\",\"@id\":\"https:\\\/\\\/haussmann.galerieslafayette.com\\\/es\\\/#\\\/schema\\\/logo\\\/image\\\/\",\"url\":\"https:\\\/\\\/haussmann.galerieslafayette.com\\\/wp-content\\\/uploads\\\/2021\\\/03\\\/GL_LOGO2L_N.jpg\",\"contentUrl\":\"https:\\\/\\\/haussmann.galerieslafayette.com\\\/wp-content\\\/uploads\\\/2021\\\/03\\\/GL_LOGO2L_N.jpg\",\"width\":1535,\"height\":827,\"caption\":\"Galeries Lafayette\"},\"image\":{\"@id\":\"https:\\\/\\\/haussmann.galerieslafayette.com\\\/es\\\/#\\\/schema\\\/logo\\\/image\\\/\"},\"sameAs\":[\"https:\\\/\\\/www.facebook.com\\\/galerieslafayette\\\/\",\"https:\\\/\\\/x.com\\\/Galeries_Laf\",\"https:\\\/\\\/www.instagram.com\\\/galerieslafayette\\\/\",\"http:\\\/\\\/www.youtube.com\\\/user\\\/GaleriesLafayette1\"]},{\"@type\":\"Person\",\"@id\":\"https:\\\/\\\/haussmann.galerieslafayette.com\\\/es\\\/#\\\/schema\\\/person\\\/e572cf0a0fd3c3bfc2ba7cba7767110e\",\"name\":\"Margaux PESSE\",\"image\":{\"@type\":\"ImageObject\",\"inLanguage\":\"es\",\"@id\":\"https:\\\/\\\/secure.gravatar.com\\\/avatar\\\/e64aa54229e1be0d894bfa479ab3749966b5dace79bd3bcd6a374df0b01e1452?s=96&d=mm&r=g\",\"url\":\"https:\\\/\\\/secure.gravatar.com\\\/avatar\\\/e64aa54229e1be0d894bfa479ab3749966b5dace79bd3bcd6a374df0b01e1452?s=96&d=mm&r=g\",\"contentUrl\":\"https:\\\/\\\/secure.gravatar.com\\\/avatar\\\/e64aa54229e1be0d894bfa479ab3749966b5dace79bd3bcd6a374df0b01e1452?s=96&d=mm&r=g\",\"caption\":\"Margaux PESSE\"}}]}<\/script>\n<!-- \/ Yoast SEO plugin. -->","yoast_head_json":{"title":"La pop-up L\/UNIFORM - Galeries Lafayette Paris Haussmann","description":"Del 3 de septiembre al 15 de octubre de 2026, la maison francesa L\/UNIFORM le invita a descubrir su espacio pop-up en la planta baja de la Tienda C\u00fapula.","robots":{"index":"index","follow":"follow","max-snippet":"max-snippet:-1","max-image-preview":"max-image-preview:large","max-video-preview":"max-video-preview:-1"},"canonical":"https:\/\/haussmann.galerieslafayette.com\/es\/luniform\/","og_locale":"es_ES","og_type":"article","og_title":"La pop-up L\/UNIFORM - Galeries Lafayette Paris Haussmann","og_description":"Del 3 de septiembre al 15 de octubre de 2026, la maison francesa L\/UNIFORM le invita a descubrir su espacio pop-up en la planta baja de la Tienda C\u00fapula.","og_url":"https:\/\/haussmann.galerieslafayette.com\/es\/luniform\/","og_site_name":"Galeries Lafayette Paris Haussmann","article_publisher":"https:\/\/www.facebook.com\/galerieslafayette\/","article_published_time":"2026-09-03T08:00:00+00:00","og_image":[{"width":2880,"height":1185,"url":"https:\/\/haussmann.galerieslafayette.com\/wp-content\/uploads\/2020\/11\/003548-021-VK-2.jpg","type":"image\/jpeg"}],"author":"Margaux PESSE","twitter_card":"summary_large_image","twitter_creator":"@Galeries_Laf","twitter_site":"@Galeries_Laf","schema":{"@context":"https:\/\/schema.org","@graph":[{"@type":"Article","@id":"https:\/\/haussmann.galerieslafayette.com\/es\/luniform\/#article","isPartOf":{"@id":"https:\/\/haussmann.galerieslafayette.com\/es\/luniform\/"},"author":{"name":"Margaux PESSE","@id":"https:\/\/haussmann.galerieslafayette.com\/es\/#\/schema\/person\/e572cf0a0fd3c3bfc2ba7cba7767110e"},"headline":"La pop-up L\/UNIFORM en las Galeries Lafayette Haussmann","datePublished":"2026-09-03T08:00:00+00:00","mainEntityOfPage":{"@id":"https:\/\/haussmann.galerieslafayette.com\/es\/luniform\/"},"wordCount":308,"publisher":{"@id":"https:\/\/haussmann.galerieslafayette.com\/es\/#organization"},"image":{"@id":"https:\/\/haussmann.galerieslafayette.com\/es\/luniform\/#primaryimage"},"thumbnailUrl":"https:\/\/haussmann.galerieslafayette.com\/wp-content\/uploads\/2020\/11\/003548-021-VK-2.jpg","articleSection":["Mujer","Universos","Hombre"],"inLanguage":"es"},{"@type":"WebPage","@id":"https:\/\/haussmann.galerieslafayette.com\/es\/luniform\/","url":"https:\/\/haussmann.galerieslafayette.com\/es\/luniform\/","name":"La pop-up L\/UNIFORM - Galeries Lafayette Paris Haussmann","isPartOf":{"@id":"https:\/\/haussmann.galerieslafayette.com\/es\/#website"},"primaryImageOfPage":{"@id":"https:\/\/haussmann.galerieslafayette.com\/es\/luniform\/#primaryimage"},"image":{"@id":"https:\/\/haussmann.galerieslafayette.com\/es\/luniform\/#primaryimage"},"thumbnailUrl":"https:\/\/haussmann.galerieslafayette.com\/wp-content\/uploads\/2020\/11\/003548-021-VK-2.jpg","datePublished":"2026-09-03T08:00:00+00:00","description":"Del 3 de septiembre al 15 de octubre de 2026, la maison francesa L\/UNIFORM le invita a descubrir su espacio pop-up en la planta baja de la Tienda C\u00fapula.","breadcrumb":{"@id":"https:\/\/haussmann.galerieslafayette.com\/es\/luniform\/#breadcrumb"},"inLanguage":"es","potentialAction":[{"@type":"ReadAction","target":["https:\/\/haussmann.galerieslafayette.com\/es\/luniform\/"]}]},{"@type":"ImageObject","inLanguage":"es","@id":"https:\/\/haussmann.galerieslafayette.com\/es\/luniform\/#primaryimage","url":"https:\/\/haussmann.galerieslafayette.com\/wp-content\/uploads\/2020\/11\/003548-021-VK-2.jpg","contentUrl":"https:\/\/haussmann.galerieslafayette.com\/wp-content\/uploads\/2020\/11\/003548-021-VK-2.jpg","width":2880,"height":1185},{"@type":"BreadcrumbList","@id":"https:\/\/haussmann.galerieslafayette.com\/es\/luniform\/#breadcrumb","itemListElement":[{"@type":"ListItem","position":1,"name":"Inicio","item":"https:\/\/haussmann.galerieslafayette.com\/es\/home-2\/"},{"@type":"ListItem","position":2,"name":"Universos","item":"https:\/\/haussmann.galerieslafayette.com\/es\/category\/universos\/"},{"@type":"ListItem","position":3,"name":"La pop-up L\/UNIFORM en las Galeries Lafayette Haussmann"}]},{"@type":"WebSite","@id":"https:\/\/haussmann.galerieslafayette.com\/es\/#website","url":"https:\/\/haussmann.galerieslafayette.com\/es\/","name":"Galeries Lafayette Paris Haussmann","description":"La destination mode du shopping parisien","publisher":{"@id":"https:\/\/haussmann.galerieslafayette.com\/es\/#organization"},"potentialAction":[{"@type":"SearchAction","target":{"@type":"EntryPoint","urlTemplate":"https:\/\/haussmann.galerieslafayette.com\/es\/?s={search_term_string}"},"query-input":{"@type":"PropertyValueSpecification","valueRequired":true,"valueName":"search_term_string"}}],"inLanguage":"es"},{"@type":"Organization","@id":"https:\/\/haussmann.galerieslafayette.com\/es\/#organization","name":"Galeries Lafayette","url":"https:\/\/haussmann.galerieslafayette.com\/es\/","logo":{"@type":"ImageObject","inLanguage":"es","@id":"https:\/\/haussmann.galerieslafayette.com\/es\/#\/schema\/logo\/image\/","url":"https:\/\/haussmann.galerieslafayette.com\/wp-content\/uploads\/2021\/03\/GL_LOGO2L_N.jpg","contentUrl":"https:\/\/haussmann.galerieslafayette.com\/wp-content\/uploads\/2021\/03\/GL_LOGO2L_N.jpg","width":1535,"height":827,"caption":"Galeries Lafayette"},"image":{"@id":"https:\/\/haussmann.galerieslafayette.com\/es\/#\/schema\/logo\/image\/"},"sameAs":["https:\/\/www.facebook.com\/galerieslafayette\/","https:\/\/x.com\/Galeries_Laf","https:\/\/www.instagram.com\/galerieslafayette\/","http:\/\/www.youtube.com\/user\/GaleriesLafayette1"]},{"@type":"Person","@id":"https:\/\/haussmann.galerieslafayette.com\/es\/#\/schema\/person\/e572cf0a0fd3c3bfc2ba7cba7767110e","name":"Margaux PESSE","image":{"@type":"ImageObject","inLanguage":"es","@id":"https:\/\/secure.gravatar.com\/avatar\/e64aa54229e1be0d894bfa479ab3749966b5dace79bd3bcd6a374df0b01e1452?s=96&d=mm&r=g","url":"https:\/\/secure.gravatar.com\/avatar\/e64aa54229e1be0d894bfa479ab3749966b5dace79bd3bcd6a374df0b01e1452?s=96&d=mm&r=g","contentUrl":"https:\/\/secure.gravatar.com\/avatar\/e64aa54229e1be0d894bfa479ab3749966b5dace79bd3bcd6a374df0b01e1452?s=96&d=mm&r=g","caption":"Margaux PESSE"}}]}},"_links":{"self":[{"href":"https:\/\/haussmann.galerieslafayette.com\/es\/wp-json\/wp\/v2\/posts\/1392711","targetHints":{"allow":["GET"]}}],"collection":[{"href":"https:\/\/haussmann.galerieslafayette.com\/es\/wp-json\/wp\/v2\/posts"}],"about":[{"href":"https:\/\/haussmann.galerieslafayette.com\/es\/wp-json\/wp\/v2\/types\/post"}],"author":[{"embeddable":true,"href":"https:\/\/haussmann.galerieslafayette.com\/es\/wp-json\/wp\/v2\/users\/79"}],"replies":[{"embeddable":true,"href":"https:\/\/haussmann.galerieslafayette.com\/es\/wp-json\/wp\/v2\/comments?post=1392711"}],"version-history":[{"count":2,"href":"https:\/\/haussmann.galerieslafayette.com\/es\/wp-json\/wp\/v2\/posts\/1392711\/revisions"}],"predecessor-version":[{"id":1392741,"href":"https:\/\/haussmann.galerieslafayette.com\/es\/wp-json\/wp\/v2\/posts\/1392711\/revisions\/1392741"}],"wp:featuredmedia":[{"embeddable":true,"href":"https:\/\/haussmann.galerieslafayette.com\/es\/wp-json\/wp\/v2\/media\/1392707"}],"wp:attachment":[{"href":"https:\/\/haussmann.galerieslafayette.com\/es\/wp-json\/wp\/v2\/media?parent=1392711"}],"wp:term":[{"taxonomy":"category","embeddable":true,"href":"https:\/\/haussmann.galerieslafayette.com\/es\/wp-json\/wp\/v2\/categories?post=1392711"},{"taxonomy":"post_tag","embeddable":true,"href":"https:\/\/haussmann.galerieslafayette.com\/es\/wp-json\/wp\/v2\/tags?post=1392711"}],"curies":[{"name":"wp","href":"https:\/\/api.w.org\/{rel}","templated":true}]}}