{"id":1393265,"date":"2026-09-02T08:00:00","date_gmt":"2026-09-02T06:00:00","guid":{"rendered":"https:\/\/haussmann.galerieslafayette.com\/el-espacio-de-bufandas-de-burberry\/"},"modified":"2026-08-17T13:57:25","modified_gmt":"2026-08-17T11:57:25","slug":"pop-up-burberry","status":"publish","type":"post","link":"https:\/\/haussmann.galerieslafayette.com\/es\/pop-up-burberry\/","title":{"rendered":"El espacio de bufandas de Burberry"},"content":{"rendered":"\n<h2 class=\"wp-block-heading\">Burberry regresa a la ciudad<\/h2>\n\n\n\n<p>Burberry recrea el trayecto diario en transporte p\u00fablico de Londres para su campa\u00f1a de Oto\u00f1o 2026, capturando los rituales cotidianos que dan forma a la vida en la ciudad. <\/p>\n\n\n\n<p>A medida que la gente regresa a la capital tras las vacaciones de verano, Burberry lanza su colecci\u00f3n Oto\u00f1o 2026 con una campa\u00f1a que celebra la experiencia t\u00edpicamente londinense compartida por millones de personas: el trayecto diario al trabajo. Con la ciudad natal de la marca como tel\u00f3n de fondo, los personajes recorren las calles del centro de Londres en sus viajes de ida y vuelta al trabajo. El cortometraje est\u00e1 protagonizado por la ic\u00f3nica modelo brit\u00e1nica Rosemary Ferguson junto a Cherif Douamba y Haojie Qi, mientras se desenvuelven entre la multitud de la hora punta y el clima impredecible.   <\/p>\n\n\n\n<figure class=\"wp-block-gallery has-nested-images columns-default is-cropped wp-block-gallery-1 is-layout-flex wp-block-gallery-is-layout-flex\">\n<figure class=\"wp-block-image size-large\"><img fetchpriority=\"high\" decoding=\"async\" width=\"1024\" height=\"576\" data-id=\"1392916\" src=\"https:\/\/haussmann.galerieslafayette.com\/wp-content\/uploads\/2018\/03\/BURBERRY_2026_BACK_TO_THE_CITY_sRGB_CROPPED_CLEAN_010_16x9-1024x576.jpg\" alt=\"\" class=\"wp-image-1392916\" srcset=\"https:\/\/haussmann.galerieslafayette.com\/wp-content\/uploads\/2018\/03\/BURBERRY_2026_BACK_TO_THE_CITY_sRGB_CROPPED_CLEAN_010_16x9-1024x576.jpg 1024w, https:\/\/haussmann.galerieslafayette.com\/wp-content\/uploads\/2018\/03\/BURBERRY_2026_BACK_TO_THE_CITY_sRGB_CROPPED_CLEAN_010_16x9-300x169.jpg 300w, https:\/\/haussmann.galerieslafayette.com\/wp-content\/uploads\/2018\/03\/BURBERRY_2026_BACK_TO_THE_CITY_sRGB_CROPPED_CLEAN_010_16x9-768x432.jpg 768w, https:\/\/haussmann.galerieslafayette.com\/wp-content\/uploads\/2018\/03\/BURBERRY_2026_BACK_TO_THE_CITY_sRGB_CROPPED_CLEAN_010_16x9-1536x865.jpg 1536w, https:\/\/haussmann.galerieslafayette.com\/wp-content\/uploads\/2018\/03\/BURBERRY_2026_BACK_TO_THE_CITY_sRGB_CROPPED_CLEAN_010_16x9-2048x1153.jpg 2048w\" sizes=\"(max-width: 1024px) 100vw, 1024px\" \/><\/figure>\n\n\n\n<figure class=\"wp-block-image size-large\"><img decoding=\"async\" width=\"1024\" height=\"576\" data-id=\"1392917\" src=\"https:\/\/haussmann.galerieslafayette.com\/wp-content\/uploads\/2018\/03\/BURBERRY_2026_BACK_TO_THE_CITY_sRGB_CROPPED_CLEAN_06_16x9-1024x576.jpg\" alt=\"\" class=\"wp-image-1392917\" srcset=\"https:\/\/haussmann.galerieslafayette.com\/wp-content\/uploads\/2018\/03\/BURBERRY_2026_BACK_TO_THE_CITY_sRGB_CROPPED_CLEAN_06_16x9-1024x576.jpg 1024w, https:\/\/haussmann.galerieslafayette.com\/wp-content\/uploads\/2018\/03\/BURBERRY_2026_BACK_TO_THE_CITY_sRGB_CROPPED_CLEAN_06_16x9-300x169.jpg 300w, https:\/\/haussmann.galerieslafayette.com\/wp-content\/uploads\/2018\/03\/BURBERRY_2026_BACK_TO_THE_CITY_sRGB_CROPPED_CLEAN_06_16x9-768x432.jpg 768w, https:\/\/haussmann.galerieslafayette.com\/wp-content\/uploads\/2018\/03\/BURBERRY_2026_BACK_TO_THE_CITY_sRGB_CROPPED_CLEAN_06_16x9-1536x864.jpg 1536w, https:\/\/haussmann.galerieslafayette.com\/wp-content\/uploads\/2018\/03\/BURBERRY_2026_BACK_TO_THE_CITY_sRGB_CROPPED_CLEAN_06_16x9-2048x1152.jpg 2048w\" sizes=\"(max-width: 1024px) 100vw, 1024px\" \/><\/figure>\n<\/figure>\n\n\n\n<p>El narrador es Matthew Streeton, una de las voces tras los avisos de viaje emitidos en la red de transporte de Londres, lo que arraiga la historia en los ritmos de la vida cotidiana. Relatada con un tono desenfadado y ligeramente humor\u00edstico, la campa\u00f1a transforma el trayecto diario en un personaje propio, creando un retrato afectuoso de la vida urbana y del vestir de transici\u00f3n: listo para cualquier pron\u00f3stico meteorol\u00f3gico. <\/p>\n\n\n\n<div style=\"height:50px\" aria-hidden=\"true\" class=\"wp-block-spacer\"><\/div>\n\n\n\n<h2 class=\"wp-block-heading\">La colecci\u00f3n Oto\u00f1o 2026<\/h2>\n\n\n\n<figure class=\"wp-block-gallery has-nested-images columns-default is-cropped wp-block-gallery-2 is-layout-flex wp-block-gallery-is-layout-flex\">\n<figure class=\"wp-block-image size-large\"><img decoding=\"async\" width=\"1024\" height=\"576\" data-id=\"1392921\" src=\"https:\/\/haussmann.galerieslafayette.com\/wp-content\/uploads\/2018\/03\/BURBERRY_2026_BACK_TO_THE_CITY_sRGB_CROPPED_CLEAN_08_16x9-1024x576.jpg\" alt=\"\" class=\"wp-image-1392921\" srcset=\"https:\/\/haussmann.galerieslafayette.com\/wp-content\/uploads\/2018\/03\/BURBERRY_2026_BACK_TO_THE_CITY_sRGB_CROPPED_CLEAN_08_16x9-1024x576.jpg 1024w, https:\/\/haussmann.galerieslafayette.com\/wp-content\/uploads\/2018\/03\/BURBERRY_2026_BACK_TO_THE_CITY_sRGB_CROPPED_CLEAN_08_16x9-300x169.jpg 300w, https:\/\/haussmann.galerieslafayette.com\/wp-content\/uploads\/2018\/03\/BURBERRY_2026_BACK_TO_THE_CITY_sRGB_CROPPED_CLEAN_08_16x9-768x432.jpg 768w, https:\/\/haussmann.galerieslafayette.com\/wp-content\/uploads\/2018\/03\/BURBERRY_2026_BACK_TO_THE_CITY_sRGB_CROPPED_CLEAN_08_16x9-1536x864.jpg 1536w, https:\/\/haussmann.galerieslafayette.com\/wp-content\/uploads\/2018\/03\/BURBERRY_2026_BACK_TO_THE_CITY_sRGB_CROPPED_CLEAN_08_16x9-2048x1152.jpg 2048w\" sizes=\"(max-width: 1024px) 100vw, 1024px\" \/><\/figure>\n\n\n\n<figure class=\"wp-block-image size-large\"><img loading=\"lazy\" decoding=\"async\" width=\"1024\" height=\"576\" data-id=\"1392919\" src=\"https:\/\/haussmann.galerieslafayette.com\/wp-content\/uploads\/2018\/03\/BURBERRY_2026_BACK_TO_THE_CITY_sRGB_CROPPED_CLEAN_012_16x9-1024x576.jpg\" alt=\"\" class=\"wp-image-1392919\" srcset=\"https:\/\/haussmann.galerieslafayette.com\/wp-content\/uploads\/2018\/03\/BURBERRY_2026_BACK_TO_THE_CITY_sRGB_CROPPED_CLEAN_012_16x9-1024x576.jpg 1024w, https:\/\/haussmann.galerieslafayette.com\/wp-content\/uploads\/2018\/03\/BURBERRY_2026_BACK_TO_THE_CITY_sRGB_CROPPED_CLEAN_012_16x9-300x169.jpg 300w, https:\/\/haussmann.galerieslafayette.com\/wp-content\/uploads\/2018\/03\/BURBERRY_2026_BACK_TO_THE_CITY_sRGB_CROPPED_CLEAN_012_16x9-768x432.jpg 768w, https:\/\/haussmann.galerieslafayette.com\/wp-content\/uploads\/2018\/03\/BURBERRY_2026_BACK_TO_THE_CITY_sRGB_CROPPED_CLEAN_012_16x9-1536x865.jpg 1536w, https:\/\/haussmann.galerieslafayette.com\/wp-content\/uploads\/2018\/03\/BURBERRY_2026_BACK_TO_THE_CITY_sRGB_CROPPED_CLEAN_012_16x9-2048x1153.jpg 2048w\" sizes=\"(max-width: 1024px) 100vw, 1024px\" \/><\/figure>\n\n\n\n<figure class=\"wp-block-image size-large\"><img loading=\"lazy\" decoding=\"async\" width=\"1024\" height=\"576\" data-id=\"1392920\" src=\"https:\/\/haussmann.galerieslafayette.com\/wp-content\/uploads\/2018\/03\/BURBERRY_2026_BACK_TO_THE_CITY_sRGB_CROPPED_CLEAN_07_16x9-1024x576.jpg\" alt=\"\" class=\"wp-image-1392920\" srcset=\"https:\/\/haussmann.galerieslafayette.com\/wp-content\/uploads\/2018\/03\/BURBERRY_2026_BACK_TO_THE_CITY_sRGB_CROPPED_CLEAN_07_16x9-1024x576.jpg 1024w, https:\/\/haussmann.galerieslafayette.com\/wp-content\/uploads\/2018\/03\/BURBERRY_2026_BACK_TO_THE_CITY_sRGB_CROPPED_CLEAN_07_16x9-300x169.jpg 300w, https:\/\/haussmann.galerieslafayette.com\/wp-content\/uploads\/2018\/03\/BURBERRY_2026_BACK_TO_THE_CITY_sRGB_CROPPED_CLEAN_07_16x9-768x432.jpg 768w, https:\/\/haussmann.galerieslafayette.com\/wp-content\/uploads\/2018\/03\/BURBERRY_2026_BACK_TO_THE_CITY_sRGB_CROPPED_CLEAN_07_16x9-1536x865.jpg 1536w, https:\/\/haussmann.galerieslafayette.com\/wp-content\/uploads\/2018\/03\/BURBERRY_2026_BACK_TO_THE_CITY_sRGB_CROPPED_CLEAN_07_16x9-2048x1153.jpg 2048w\" sizes=\"(max-width: 1024px) 100vw, 1024px\" \/><\/figure>\n<\/figure>\n\n\n\n<p>La nueva campa\u00f1a exhibe la colecci\u00f3n Oto\u00f1o 2026, un armario dise\u00f1ado para adaptarse a los cambios de clima y de agenda. Las prendas de abrigo ligeras reinterpretan las siluetas emblem\u00e1ticas de Burberry, desde la gabardina Foxfield en gabardina tropical y la Leadenham de nailon, hasta la chaqueta corta Mayfair tipo gabardina en piel flexible y sarga de lana de confecci\u00f3n suave. Los detalles de cuadros tonales y los toques t\u00e1ctiles de piel aportan un sutil contraste a lo largo de toda la colecci\u00f3n.   <\/p>\n\n\n\n<p>La sastrer\u00eda brit\u00e1nica se renueva con tejidos m\u00e1s ligeros y cortes holgados. El abrigo de doble abotonadura Denbury y la chaqueta Harrington Bloomsbury a rayas se combinan con polos rematados con el estampado House Check, prendas de punto de cashmere con ricas texturas y capas-manta de lana, creando looks superpuestos y vers\u00e1tiles que equilibran la herencia con la comodidad contempor\u00e1nea.  <\/p>\n\n\n\n<p>Los accesorios completan el armario con una funcionalidad refinada. El calzado abarca desde los salones puntiagudos Cotswolds y las botas de inspiraci\u00f3n h\u00edpica Huntley, hasta las zapatillas de perfil bajo Knight Runner. Por su parte, el bolso tote Cotswolds, la bandolera B Clip y la colecci\u00f3n de bolsos City Check fusionan la artesan\u00eda tradicional con la utilidad moderna. <\/p>\n\n\n\n<div style=\"height:50px\" aria-hidden=\"true\" class=\"wp-block-spacer\"><\/div>\n\n\n\n<div class=\"wp-block-columns has-background is-layout-flex wp-container-core-columns-is-layout-28f84493 wp-block-columns-is-layout-flex\" style=\"background-color:#e7e5e4\">\n<div class=\"wp-block-column is-layout-flow wp-block-column-is-layout-flow\" style=\"flex-basis:1%\"><\/div>\n\n\n\n<div class=\"wp-block-column has-background is-layout-flow wp-block-column-is-layout-flow\" style=\"background-color:#f0f0f000\">\n<div style=\"height:10px\" aria-hidden=\"true\" class=\"wp-block-spacer\"><\/div>\n\n\n\n<div class=\"wp-block-group is-layout-constrained wp-block-group-is-layout-constrained\">\n<figure class=\"wp-block-image aligncenter size-large is-resized\"><img loading=\"lazy\" decoding=\"async\" width=\"1024\" height=\"576\" src=\"https:\/\/haussmann.galerieslafayette.com\/wp-content\/uploads\/2000\/03\/BURBERRY_2026_BACK_TO_THE_CITY_16x9-1024x576.jpg\" alt=\"\" class=\"wp-image-1393120\" style=\"aspect-ratio:2.057142857142857;object-fit:cover;width:454px;height:auto\" srcset=\"https:\/\/haussmann.galerieslafayette.com\/wp-content\/uploads\/2000\/03\/BURBERRY_2026_BACK_TO_THE_CITY_16x9-1024x576.jpg 1024w, https:\/\/haussmann.galerieslafayette.com\/wp-content\/uploads\/2000\/03\/BURBERRY_2026_BACK_TO_THE_CITY_16x9-300x169.jpg 300w, https:\/\/haussmann.galerieslafayette.com\/wp-content\/uploads\/2000\/03\/BURBERRY_2026_BACK_TO_THE_CITY_16x9-768x432.jpg 768w, https:\/\/haussmann.galerieslafayette.com\/wp-content\/uploads\/2000\/03\/BURBERRY_2026_BACK_TO_THE_CITY_16x9-1536x865.jpg 1536w, https:\/\/haussmann.galerieslafayette.com\/wp-content\/uploads\/2000\/03\/BURBERRY_2026_BACK_TO_THE_CITY_16x9-2048x1153.jpg 2048w\" sizes=\"(max-width: 1024px) 100vw, 1024px\" \/><\/figure>\n<\/div>\n\n\n\n<h2 class=\"wp-block-heading has-text-align-center has-black-color has-text-color has-link-color wp-elements-bc0e41107c190d7bafcc9759923c3df4\"><strong>La pop-up inmersiva<\/strong><\/h2>\n\n\n\n<p>La elegante y nueva tienda ef\u00edmera (pop-up) exhibe los accesorios suaves de Burberry dentro de un conjunto de muebles hechos a medida, invitando a los clientes a explorar la herencia y el oficio que hay detr\u00e1s del ic\u00f3nico dise\u00f1o brit\u00e1nico.<br>Descubra una selecci\u00f3n cuidada de bufandas y pa\u00f1uelos \u2014desde suave cashmere hasta sarga de seda\u2014 presentados en una rica paleta de colores, estampados y texturas, con m\u00e1s de 30 tonalidades del Burberry Check.<br><\/p>\n\n\n\n<p class=\"has-text-align-center\"><strong>Vis\u00edtela en la planta baja de la tienda de tiendo Homme.<\/strong><\/p>\n\n\n\n<div style=\"height:15px\" aria-hidden=\"true\" class=\"wp-block-spacer\"><\/div>\n<\/div>\n\n\n\n<div class=\"wp-block-column is-layout-flow wp-block-column-is-layout-flow\" style=\"flex-basis:1%\"><\/div>\n<\/div>\n\n\n\n<p class=\"has-text-align-center\"><br>\ud83d\udccd<strong>Tienda Homme \u2013 Planta baja<\/strong><br>48 Boulevard Haussmann, 75009 Paris<\/p>\n","protected":false},"excerpt":{"rendered":"<p>Del 2 de septiembre al 22 de noviembre de 2026, Burberry ocupar\u00e1 las Galeries Lafayette Paris Haussmann con una pop-up exclusiva dedicada a sus bufandas y pa\u00f1uelos en la planta baja de la tienda Homme.<\/p>\n","protected":false},"author":69,"featured_media":1393271,"comment_status":"closed","ping_status":"closed","sticky":false,"template":"","format":"standard","meta":{"_acf_changed":false,"footnotes":""},"categories":[447,448,450,659],"tags":[],"class_list":{"1":"post","5":"has-post-thumbnail"},"acf":[],"yoast_head":"<!-- This site is optimized with the Yoast SEO plugin v28.1 - https:\/\/yoast.com\/product\/yoast-seo-wordpress\/ -->\n<title>El espacio de bufandas de Burberry - Galeries Lafayette Paris Haussmann<\/title>\n<meta name=\"description\" content=\"Del 2 de septiembre al 22 de noviembre de 2026, Burberry ocupar\u00e1 las Galeries Lafayette Paris Haussmann con un pop-up exclusivo dedicado a su Scarf Bar.\" \/>\n<meta name=\"robots\" content=\"index, follow, max-snippet:-1, max-image-preview:large, max-video-preview:-1\" \/>\n<link rel=\"canonical\" href=\"https:\/\/haussmann.galerieslafayette.com\/es\/pop-up-burberry\/\" \/>\n<meta property=\"og:locale\" content=\"es_ES\" \/>\n<meta property=\"og:type\" content=\"article\" \/>\n<meta property=\"og:title\" content=\"El espacio de bufandas de Burberry - Galeries Lafayette Paris Haussmann\" \/>\n<meta property=\"og:description\" content=\"Del 2 de septiembre al 22 de noviembre de 2026, Burberry ocupar\u00e1 las Galeries Lafayette Paris Haussmann con un pop-up exclusivo dedicado a su Scarf Bar.\" \/>\n<meta property=\"og:url\" content=\"https:\/\/haussmann.galerieslafayette.com\/es\/pop-up-burberry\/\" \/>\n<meta property=\"og:site_name\" content=\"Galeries Lafayette Paris Haussmann\" \/>\n<meta property=\"article:publisher\" content=\"https:\/\/www.facebook.com\/galerieslafayette\/\" \/>\n<meta property=\"article:published_time\" content=\"2026-09-02T06:00:00+00:00\" \/>\n<meta property=\"og:image\" content=\"https:\/\/haussmann.galerieslafayette.com\/wp-content\/uploads\/2000\/03\/BURBERRY_2026_BACK_TO_THE_CITY_header2.jpg\" \/>\n\t<meta property=\"og:image:width\" content=\"1600\" \/>\n\t<meta property=\"og:image:height\" content=\"594\" \/>\n\t<meta property=\"og:image:type\" content=\"image\/jpeg\" \/>\n<meta name=\"author\" content=\"Jessica Bastos\" \/>\n<meta name=\"twitter:card\" content=\"summary_large_image\" \/>\n<meta name=\"twitter:creator\" content=\"@Galeries_Laf\" \/>\n<meta name=\"twitter:site\" content=\"@Galeries_Laf\" \/>\n<script type=\"application\/ld+json\" class=\"yoast-schema-graph\">{\"@context\":\"https:\\\/\\\/schema.org\",\"@graph\":[{\"@type\":\"Article\",\"@id\":\"https:\\\/\\\/haussmann.galerieslafayette.com\\\/es\\\/pop-up-burberry\\\/#article\",\"isPartOf\":{\"@id\":\"https:\\\/\\\/haussmann.galerieslafayette.com\\\/es\\\/pop-up-burberry\\\/\"},\"author\":{\"name\":\"Jessica Bastos\",\"@id\":\"https:\\\/\\\/haussmann.galerieslafayette.com\\\/es\\\/#\\\/schema\\\/person\\\/3ece6d08ff6e042a27392cc3c5e83b10\"},\"headline\":\"El espacio de bufandas de Burberry\",\"datePublished\":\"2026-09-02T06:00:00+00:00\",\"mainEntityOfPage\":{\"@id\":\"https:\\\/\\\/haussmann.galerieslafayette.com\\\/es\\\/pop-up-burberry\\\/\"},\"wordCount\":547,\"publisher\":{\"@id\":\"https:\\\/\\\/haussmann.galerieslafayette.com\\\/es\\\/#organization\"},\"image\":{\"@id\":\"https:\\\/\\\/haussmann.galerieslafayette.com\\\/es\\\/pop-up-burberry\\\/#primaryimage\"},\"thumbnailUrl\":\"https:\\\/\\\/haussmann.galerieslafayette.com\\\/wp-content\\\/uploads\\\/2000\\\/03\\\/BURBERRY_2026_BACK_TO_THE_CITY_header2.jpg\",\"articleSection\":[\"Accesorios\",\"Mujer\",\"Hombre\",\"Universos\"],\"inLanguage\":\"es\"},{\"@type\":\"WebPage\",\"@id\":\"https:\\\/\\\/haussmann.galerieslafayette.com\\\/es\\\/pop-up-burberry\\\/\",\"url\":\"https:\\\/\\\/haussmann.galerieslafayette.com\\\/es\\\/pop-up-burberry\\\/\",\"name\":\"El espacio de bufandas de Burberry - Galeries Lafayette Paris Haussmann\",\"isPartOf\":{\"@id\":\"https:\\\/\\\/haussmann.galerieslafayette.com\\\/es\\\/#website\"},\"primaryImageOfPage\":{\"@id\":\"https:\\\/\\\/haussmann.galerieslafayette.com\\\/es\\\/pop-up-burberry\\\/#primaryimage\"},\"image\":{\"@id\":\"https:\\\/\\\/haussmann.galerieslafayette.com\\\/es\\\/pop-up-burberry\\\/#primaryimage\"},\"thumbnailUrl\":\"https:\\\/\\\/haussmann.galerieslafayette.com\\\/wp-content\\\/uploads\\\/2000\\\/03\\\/BURBERRY_2026_BACK_TO_THE_CITY_header2.jpg\",\"datePublished\":\"2026-09-02T06:00:00+00:00\",\"description\":\"Del 2 de septiembre al 22 de noviembre de 2026, Burberry ocupar\u00e1 las Galeries Lafayette Paris Haussmann con un pop-up exclusivo dedicado a su Scarf Bar.\",\"breadcrumb\":{\"@id\":\"https:\\\/\\\/haussmann.galerieslafayette.com\\\/es\\\/pop-up-burberry\\\/#breadcrumb\"},\"inLanguage\":\"es\",\"potentialAction\":[{\"@type\":\"ReadAction\",\"target\":[\"https:\\\/\\\/haussmann.galerieslafayette.com\\\/es\\\/pop-up-burberry\\\/\"]}]},{\"@type\":\"ImageObject\",\"inLanguage\":\"es\",\"@id\":\"https:\\\/\\\/haussmann.galerieslafayette.com\\\/es\\\/pop-up-burberry\\\/#primaryimage\",\"url\":\"https:\\\/\\\/haussmann.galerieslafayette.com\\\/wp-content\\\/uploads\\\/2000\\\/03\\\/BURBERRY_2026_BACK_TO_THE_CITY_header2.jpg\",\"contentUrl\":\"https:\\\/\\\/haussmann.galerieslafayette.com\\\/wp-content\\\/uploads\\\/2000\\\/03\\\/BURBERRY_2026_BACK_TO_THE_CITY_header2.jpg\",\"width\":1600,\"height\":594},{\"@type\":\"BreadcrumbList\",\"@id\":\"https:\\\/\\\/haussmann.galerieslafayette.com\\\/es\\\/pop-up-burberry\\\/#breadcrumb\",\"itemListElement\":[{\"@type\":\"ListItem\",\"position\":1,\"name\":\"Inicio\",\"item\":\"https:\\\/\\\/haussmann.galerieslafayette.com\\\/es\\\/home-2\\\/\"},{\"@type\":\"ListItem\",\"position\":2,\"name\":\"Universos\",\"item\":\"https:\\\/\\\/haussmann.galerieslafayette.com\\\/es\\\/category\\\/universos\\\/\"},{\"@type\":\"ListItem\",\"position\":3,\"name\":\"Mujer\",\"item\":\"https:\\\/\\\/haussmann.galerieslafayette.com\\\/es\\\/category\\\/universos\\\/mujer\\\/\"},{\"@type\":\"ListItem\",\"position\":4,\"name\":\"Accesorios\",\"item\":\"https:\\\/\\\/haussmann.galerieslafayette.com\\\/es\\\/category\\\/universos\\\/mujer\\\/accesorios-mujer\\\/\"},{\"@type\":\"ListItem\",\"position\":5,\"name\":\"El espacio de bufandas de Burberry\"}]},{\"@type\":\"WebSite\",\"@id\":\"https:\\\/\\\/haussmann.galerieslafayette.com\\\/es\\\/#website\",\"url\":\"https:\\\/\\\/haussmann.galerieslafayette.com\\\/es\\\/\",\"name\":\"Galeries Lafayette Paris Haussmann\",\"description\":\"La destination mode du shopping parisien\",\"publisher\":{\"@id\":\"https:\\\/\\\/haussmann.galerieslafayette.com\\\/es\\\/#organization\"},\"potentialAction\":[{\"@type\":\"SearchAction\",\"target\":{\"@type\":\"EntryPoint\",\"urlTemplate\":\"https:\\\/\\\/haussmann.galerieslafayette.com\\\/es\\\/?s={search_term_string}\"},\"query-input\":{\"@type\":\"PropertyValueSpecification\",\"valueRequired\":true,\"valueName\":\"search_term_string\"}}],\"inLanguage\":\"es\"},{\"@type\":\"Organization\",\"@id\":\"https:\\\/\\\/haussmann.galerieslafayette.com\\\/es\\\/#organization\",\"name\":\"Galeries Lafayette\",\"url\":\"https:\\\/\\\/haussmann.galerieslafayette.com\\\/es\\\/\",\"logo\":{\"@type\":\"ImageObject\",\"inLanguage\":\"es\",\"@id\":\"https:\\\/\\\/haussmann.galerieslafayette.com\\\/es\\\/#\\\/schema\\\/logo\\\/image\\\/\",\"url\":\"https:\\\/\\\/haussmann.galerieslafayette.com\\\/wp-content\\\/uploads\\\/2021\\\/03\\\/GL_LOGO2L_N.jpg\",\"contentUrl\":\"https:\\\/\\\/haussmann.galerieslafayette.com\\\/wp-content\\\/uploads\\\/2021\\\/03\\\/GL_LOGO2L_N.jpg\",\"width\":1535,\"height\":827,\"caption\":\"Galeries Lafayette\"},\"image\":{\"@id\":\"https:\\\/\\\/haussmann.galerieslafayette.com\\\/es\\\/#\\\/schema\\\/logo\\\/image\\\/\"},\"sameAs\":[\"https:\\\/\\\/www.facebook.com\\\/galerieslafayette\\\/\",\"https:\\\/\\\/x.com\\\/Galeries_Laf\",\"https:\\\/\\\/www.instagram.com\\\/galerieslafayette\\\/\",\"http:\\\/\\\/www.youtube.com\\\/user\\\/GaleriesLafayette1\"]},{\"@type\":\"Person\",\"@id\":\"https:\\\/\\\/haussmann.galerieslafayette.com\\\/es\\\/#\\\/schema\\\/person\\\/3ece6d08ff6e042a27392cc3c5e83b10\",\"name\":\"Jessica Bastos\",\"image\":{\"@type\":\"ImageObject\",\"inLanguage\":\"es\",\"@id\":\"https:\\\/\\\/secure.gravatar.com\\\/avatar\\\/e77eb5245a84ddfad81ba71b65b90746f8fbed604af89ef8900856ceb873c295?s=96&d=mm&r=g\",\"url\":\"https:\\\/\\\/secure.gravatar.com\\\/avatar\\\/e77eb5245a84ddfad81ba71b65b90746f8fbed604af89ef8900856ceb873c295?s=96&d=mm&r=g\",\"contentUrl\":\"https:\\\/\\\/secure.gravatar.com\\\/avatar\\\/e77eb5245a84ddfad81ba71b65b90746f8fbed604af89ef8900856ceb873c295?s=96&d=mm&r=g\",\"caption\":\"Jessica Bastos\"}}]}<\/script>\n<!-- \/ Yoast SEO plugin. -->","yoast_head_json":{"title":"El espacio de bufandas de Burberry - Galeries Lafayette Paris Haussmann","description":"Del 2 de septiembre al 22 de noviembre de 2026, Burberry ocupar\u00e1 las Galeries Lafayette Paris Haussmann con un pop-up exclusivo dedicado a su Scarf Bar.","robots":{"index":"index","follow":"follow","max-snippet":"max-snippet:-1","max-image-preview":"max-image-preview:large","max-video-preview":"max-video-preview:-1"},"canonical":"https:\/\/haussmann.galerieslafayette.com\/es\/pop-up-burberry\/","og_locale":"es_ES","og_type":"article","og_title":"El espacio de bufandas de Burberry - Galeries Lafayette Paris Haussmann","og_description":"Del 2 de septiembre al 22 de noviembre de 2026, Burberry ocupar\u00e1 las Galeries Lafayette Paris Haussmann con un pop-up exclusivo dedicado a su Scarf Bar.","og_url":"https:\/\/haussmann.galerieslafayette.com\/es\/pop-up-burberry\/","og_site_name":"Galeries Lafayette Paris Haussmann","article_publisher":"https:\/\/www.facebook.com\/galerieslafayette\/","article_published_time":"2026-09-02T06:00:00+00:00","og_image":[{"width":1600,"height":594,"url":"https:\/\/haussmann.galerieslafayette.com\/wp-content\/uploads\/2000\/03\/BURBERRY_2026_BACK_TO_THE_CITY_header2.jpg","type":"image\/jpeg"}],"author":"Jessica Bastos","twitter_card":"summary_large_image","twitter_creator":"@Galeries_Laf","twitter_site":"@Galeries_Laf","schema":{"@context":"https:\/\/schema.org","@graph":[{"@type":"Article","@id":"https:\/\/haussmann.galerieslafayette.com\/es\/pop-up-burberry\/#article","isPartOf":{"@id":"https:\/\/haussmann.galerieslafayette.com\/es\/pop-up-burberry\/"},"author":{"name":"Jessica Bastos","@id":"https:\/\/haussmann.galerieslafayette.com\/es\/#\/schema\/person\/3ece6d08ff6e042a27392cc3c5e83b10"},"headline":"El espacio de bufandas de Burberry","datePublished":"2026-09-02T06:00:00+00:00","mainEntityOfPage":{"@id":"https:\/\/haussmann.galerieslafayette.com\/es\/pop-up-burberry\/"},"wordCount":547,"publisher":{"@id":"https:\/\/haussmann.galerieslafayette.com\/es\/#organization"},"image":{"@id":"https:\/\/haussmann.galerieslafayette.com\/es\/pop-up-burberry\/#primaryimage"},"thumbnailUrl":"https:\/\/haussmann.galerieslafayette.com\/wp-content\/uploads\/2000\/03\/BURBERRY_2026_BACK_TO_THE_CITY_header2.jpg","articleSection":["Accesorios","Mujer","Hombre","Universos"],"inLanguage":"es"},{"@type":"WebPage","@id":"https:\/\/haussmann.galerieslafayette.com\/es\/pop-up-burberry\/","url":"https:\/\/haussmann.galerieslafayette.com\/es\/pop-up-burberry\/","name":"El espacio de bufandas de Burberry - Galeries Lafayette Paris Haussmann","isPartOf":{"@id":"https:\/\/haussmann.galerieslafayette.com\/es\/#website"},"primaryImageOfPage":{"@id":"https:\/\/haussmann.galerieslafayette.com\/es\/pop-up-burberry\/#primaryimage"},"image":{"@id":"https:\/\/haussmann.galerieslafayette.com\/es\/pop-up-burberry\/#primaryimage"},"thumbnailUrl":"https:\/\/haussmann.galerieslafayette.com\/wp-content\/uploads\/2000\/03\/BURBERRY_2026_BACK_TO_THE_CITY_header2.jpg","datePublished":"2026-09-02T06:00:00+00:00","description":"Del 2 de septiembre al 22 de noviembre de 2026, Burberry ocupar\u00e1 las Galeries Lafayette Paris Haussmann con un pop-up exclusivo dedicado a su Scarf Bar.","breadcrumb":{"@id":"https:\/\/haussmann.galerieslafayette.com\/es\/pop-up-burberry\/#breadcrumb"},"inLanguage":"es","potentialAction":[{"@type":"ReadAction","target":["https:\/\/haussmann.galerieslafayette.com\/es\/pop-up-burberry\/"]}]},{"@type":"ImageObject","inLanguage":"es","@id":"https:\/\/haussmann.galerieslafayette.com\/es\/pop-up-burberry\/#primaryimage","url":"https:\/\/haussmann.galerieslafayette.com\/wp-content\/uploads\/2000\/03\/BURBERRY_2026_BACK_TO_THE_CITY_header2.jpg","contentUrl":"https:\/\/haussmann.galerieslafayette.com\/wp-content\/uploads\/2000\/03\/BURBERRY_2026_BACK_TO_THE_CITY_header2.jpg","width":1600,"height":594},{"@type":"BreadcrumbList","@id":"https:\/\/haussmann.galerieslafayette.com\/es\/pop-up-burberry\/#breadcrumb","itemListElement":[{"@type":"ListItem","position":1,"name":"Inicio","item":"https:\/\/haussmann.galerieslafayette.com\/es\/home-2\/"},{"@type":"ListItem","position":2,"name":"Universos","item":"https:\/\/haussmann.galerieslafayette.com\/es\/category\/universos\/"},{"@type":"ListItem","position":3,"name":"Mujer","item":"https:\/\/haussmann.galerieslafayette.com\/es\/category\/universos\/mujer\/"},{"@type":"ListItem","position":4,"name":"Accesorios","item":"https:\/\/haussmann.galerieslafayette.com\/es\/category\/universos\/mujer\/accesorios-mujer\/"},{"@type":"ListItem","position":5,"name":"El espacio de bufandas de Burberry"}]},{"@type":"WebSite","@id":"https:\/\/haussmann.galerieslafayette.com\/es\/#website","url":"https:\/\/haussmann.galerieslafayette.com\/es\/","name":"Galeries Lafayette Paris Haussmann","description":"La destination mode du shopping parisien","publisher":{"@id":"https:\/\/haussmann.galerieslafayette.com\/es\/#organization"},"potentialAction":[{"@type":"SearchAction","target":{"@type":"EntryPoint","urlTemplate":"https:\/\/haussmann.galerieslafayette.com\/es\/?s={search_term_string}"},"query-input":{"@type":"PropertyValueSpecification","valueRequired":true,"valueName":"search_term_string"}}],"inLanguage":"es"},{"@type":"Organization","@id":"https:\/\/haussmann.galerieslafayette.com\/es\/#organization","name":"Galeries Lafayette","url":"https:\/\/haussmann.galerieslafayette.com\/es\/","logo":{"@type":"ImageObject","inLanguage":"es","@id":"https:\/\/haussmann.galerieslafayette.com\/es\/#\/schema\/logo\/image\/","url":"https:\/\/haussmann.galerieslafayette.com\/wp-content\/uploads\/2021\/03\/GL_LOGO2L_N.jpg","contentUrl":"https:\/\/haussmann.galerieslafayette.com\/wp-content\/uploads\/2021\/03\/GL_LOGO2L_N.jpg","width":1535,"height":827,"caption":"Galeries Lafayette"},"image":{"@id":"https:\/\/haussmann.galerieslafayette.com\/es\/#\/schema\/logo\/image\/"},"sameAs":["https:\/\/www.facebook.com\/galerieslafayette\/","https:\/\/x.com\/Galeries_Laf","https:\/\/www.instagram.com\/galerieslafayette\/","http:\/\/www.youtube.com\/user\/GaleriesLafayette1"]},{"@type":"Person","@id":"https:\/\/haussmann.galerieslafayette.com\/es\/#\/schema\/person\/3ece6d08ff6e042a27392cc3c5e83b10","name":"Jessica Bastos","image":{"@type":"ImageObject","inLanguage":"es","@id":"https:\/\/secure.gravatar.com\/avatar\/e77eb5245a84ddfad81ba71b65b90746f8fbed604af89ef8900856ceb873c295?s=96&d=mm&r=g","url":"https:\/\/secure.gravatar.com\/avatar\/e77eb5245a84ddfad81ba71b65b90746f8fbed604af89ef8900856ceb873c295?s=96&d=mm&r=g","contentUrl":"https:\/\/secure.gravatar.com\/avatar\/e77eb5245a84ddfad81ba71b65b90746f8fbed604af89ef8900856ceb873c295?s=96&d=mm&r=g","caption":"Jessica Bastos"}}]}},"_links":{"self":[{"href":"https:\/\/haussmann.galerieslafayette.com\/es\/wp-json\/wp\/v2\/posts\/1393265","targetHints":{"allow":["GET"]}}],"collection":[{"href":"https:\/\/haussmann.galerieslafayette.com\/es\/wp-json\/wp\/v2\/posts"}],"about":[{"href":"https:\/\/haussmann.galerieslafayette.com\/es\/wp-json\/wp\/v2\/types\/post"}],"author":[{"embeddable":true,"href":"https:\/\/haussmann.galerieslafayette.com\/es\/wp-json\/wp\/v2\/users\/69"}],"replies":[{"embeddable":true,"href":"https:\/\/haussmann.galerieslafayette.com\/es\/wp-json\/wp\/v2\/comments?post=1393265"}],"version-history":[{"count":3,"href":"https:\/\/haussmann.galerieslafayette.com\/es\/wp-json\/wp\/v2\/posts\/1393265\/revisions"}],"predecessor-version":[{"id":1393278,"href":"https:\/\/haussmann.galerieslafayette.com\/es\/wp-json\/wp\/v2\/posts\/1393265\/revisions\/1393278"}],"wp:featuredmedia":[{"embeddable":true,"href":"https:\/\/haussmann.galerieslafayette.com\/es\/wp-json\/wp\/v2\/media\/1393271"}],"wp:attachment":[{"href":"https:\/\/haussmann.galerieslafayette.com\/es\/wp-json\/wp\/v2\/media?parent=1393265"}],"wp:term":[{"taxonomy":"category","embeddable":true,"href":"https:\/\/haussmann.galerieslafayette.com\/es\/wp-json\/wp\/v2\/categories?post=1393265"},{"taxonomy":"post_tag","embeddable":true,"href":"https:\/\/haussmann.galerieslafayette.com\/es\/wp-json\/wp\/v2\/tags?post=1393265"}],"curies":[{"name":"wp","href":"https:\/\/api.w.org\/{rel}","templated":true}]}}